{"id":569353,"date":"2025-11-30T17:56:14","date_gmt":"2025-11-30T17:56:14","guid":{"rendered":"https:\/\/www.europesays.com\/fr\/569353\/"},"modified":"2025-11-30T17:56:14","modified_gmt":"2025-11-30T17:56:14","slug":"un-homme-rencontre-un-homme-lun-est-seropositif-lautre-pas-tout-va-bien-liberation","status":"publish","type":"post","link":"https:\/\/www.europesays.com\/fr\/569353\/","title":{"rendered":"Un homme rencontre un homme, l\u2019un est s\u00e9ropositif, l\u2019autre pas, tout va bien \u2013 Lib\u00e9ration"},"content":{"rendered":"<p class=\"sc-cPiKLX AiZTS text-element\">Depuis que le sida existe, quand un personnage de fiction devient positif au VIH, il se dirige vers la mort. Le VIH nous fait pleurer, nous fait peur, assigne les histoires qu\u2019il hante du c\u00f4t\u00e9 du drame. <a href=\"https:\/\/www.liberation.fr\/societe\/sante\/le-vih-de-plus-en-plus-diagnostique-chez-les-jeunes-selon-sante-publique-france-20251124_G24G4PJ6QJFQLC2475TSTUOB6E\/\" target=\"_blank\" rel=\"noreferrer noopener\" title=\"https:\/\/www.liberation.fr\/societe\/sante\/le-vih-de-plus-en-plus-diagnostique-chez-les-jeunes-selon-sante-publique-france-20251124_G24G4PJ6QJFQLC2475TSTUOB6E\/\">Plus de quarante ans apr\u00e8s l\u2019apparition du VIH<\/a>, d\u2019autres histoires sont pourtant pr\u00eates \u00e0 \u00eatre racont\u00e9es. En voil\u00e0 une. La n\u00f4tre.<\/p>\n<p class=\"sc-cPiKLX AiZTS text-element\">J\u2019ai rencontr\u00e9 l\u2019homme avec qui je vis alors que j\u2019\u00e9tais au creux d\u2019une vague : la vie m\u2019avait d\u00e9nud\u00e9, je me sentais comme \u00e0 poil dans la rue, j\u2019avais connu un \u00e9chec professionnel qui me pesait et l\u2019avion qui devait m\u2019emmener loin de mon quotidien durant des vacances m\u00e9rit\u00e9es avait eu l\u2019interdiction de d\u00e9coller \u00e0 cause d\u2019une temp\u00eate de neige \u00e0 sa destination. Je me suis retrouv\u00e9 seul et d\u00e9muni chez moi \u00e0 Paris, \u00e0 \u00e9couter la pluie, c\u2019\u00e9tait dimanche, j\u2019ai d\u00e9cid\u00e9 de t\u00e9l\u00e9charger Tinder.<\/p>\n<p class=\"sc-cPiKLX AiZTS text-element\">Denis avec qui j\u2019avais match\u00e9 ne m\u2019attendait pas au bon point de rendez-vous : il \u00e9tait devant la fontaine des Innocents quand je lui avais donn\u00e9 rendez-vous place du Ch\u00e2telet. Le l\u00e9ger agacement que je ressentais s\u2019est dissip\u00e9 tout de suite quand je l\u2019ai vu. Denis poss\u00e8de un visage qui ne peut que vous inspir<\/p>\n","protected":false},"excerpt":{"rendered":"Depuis que le sida existe, quand un personnage de fiction devient positif au VIH, il se dirige vers&hellip;\n","protected":false},"author":2,"featured_media":569354,"comment_status":"","ping_status":"","sticky":false,"template":"","format":"standard","meta":{"footnotes":""},"categories":[10],"tags":[1011,27,72,71,10705],"class_list":{"0":"post-569353","1":"post","2":"type-post","3":"status-publish","4":"format-standard","5":"has-post-thumbnail","7":"category-sante","8":"tag-fr","9":"tag-france","10":"tag-health","11":"tag-sante","12":"tag-vih"},"share_on_mastodon":{"url":"https:\/\/pubeurope.com\/@fr\/115639942220679103","error":""},"_links":{"self":[{"href":"https:\/\/www.europesays.com\/fr\/wp-json\/wp\/v2\/posts\/569353","targetHints":{"allow":["GET"]}}],"collection":[{"href":"https:\/\/www.europesays.com\/fr\/wp-json\/wp\/v2\/posts"}],"about":[{"href":"https:\/\/www.europesays.com\/fr\/wp-json\/wp\/v2\/types\/post"}],"author":[{"embeddable":true,"href":"https:\/\/www.europesays.com\/fr\/wp-json\/wp\/v2\/users\/2"}],"replies":[{"embeddable":true,"href":"https:\/\/www.europesays.com\/fr\/wp-json\/wp\/v2\/comments?post=569353"}],"version-history":[{"count":0,"href":"https:\/\/www.europesays.com\/fr\/wp-json\/wp\/v2\/posts\/569353\/revisions"}],"wp:featuredmedia":[{"embeddable":true,"href":"https:\/\/www.europesays.com\/fr\/wp-json\/wp\/v2\/media\/569354"}],"wp:attachment":[{"href":"https:\/\/www.europesays.com\/fr\/wp-json\/wp\/v2\/media?parent=569353"}],"wp:term":[{"taxonomy":"category","embeddable":true,"href":"https:\/\/www.europesays.com\/fr\/wp-json\/wp\/v2\/categories?post=569353"},{"taxonomy":"post_tag","embeddable":true,"href":"https:\/\/www.europesays.com\/fr\/wp-json\/wp\/v2\/tags?post=569353"}],"curies":[{"name":"wp","href":"https:\/\/api.w.org\/{rel}","templated":true}]}}