{"id":569363,"date":"2025-11-30T18:03:11","date_gmt":"2025-11-30T18:03:11","guid":{"rendered":"https:\/\/www.europesays.com\/fr\/569363\/"},"modified":"2025-11-30T18:03:11","modified_gmt":"2025-11-30T18:03:11","slug":"benyamin-netanyahou-a-demande-une-grace-presidentielle-dans-son-proces-pour-corruption","status":"publish","type":"post","link":"https:\/\/www.europesays.com\/fr\/569363\/","title":{"rendered":"Benyamin Netanyahou a demand\u00e9 une gr\u00e2ce pr\u00e9sidentielle dans son proc\u00e8s pour corruption"},"content":{"rendered":"<p>Il est soutenu par <a href=\"https:\/\/www.20minutes.fr\/dossier\/donald_trump\" class=\"c-link c-link--is-underlined\" target=\"_blank\" rel=\"noopener\">Donald Trump<\/a>\u00a0: le Premier ministre isra\u00e9lien <a href=\"https:\/\/www.20minutes.fr\/dossier\/benyamin_netanyahou\" class=\"c-link c-link--is-underlined\" target=\"_blank\" rel=\"noopener\">Benyamin Netanyahou<\/a> a officiellement demand\u00e9 une <a href=\"https:\/\/www.20minutes.fr\/dossier\/grace_presidentielle\" class=\"c-link c-link--is-underlined\" target=\"_blank\" rel=\"noopener\">gr\u00e2ce<\/a> pr\u00e9sidentielle dans son proc\u00e8s pour <a href=\"https:\/\/www.20minutes.fr\/dossier\/corruption\" class=\"c-link c-link--is-underlined\" target=\"_blank\" rel=\"noopener\">corruption<\/a>, afin de mettre fin, selon lui, aux divisions suscit\u00e9es dans le pays par ses d\u00e9m\u00eal\u00e9s judiciaires. Le dirigeant <a href=\"https:\/\/www.20minutes.fr\/monde\/israel\/\" class=\"c-link c-link--is-underlined\" target=\"_blank\" rel=\"noopener\">isra\u00e9lien<\/a>, qui nie toute faute, est r\u00e9guli\u00e8rement entendu dans le cadre d\u2019au moins trois proc\u00e9dures judiciaires, dans lesquelles aucun jugement n\u2019a encore \u00e9t\u00e9 rendu.<\/p>\n<\/p>\n<p>Les services du pr\u00e9sident isra\u00e9lien Isaac Herzog ont annonc\u00e9 ce dimanche qu\u2019il avait adress\u00e9 au pr\u00e9sident \u00ab\u00a0une demande de gr\u00e2ce exceptionnelle, aux cons\u00e9quences significatives\u00a0\u00bb. \u00ab\u00a0Apr\u00e8s r\u00e9ception de tous les avis, le Pr\u00e9sident de l\u2019Etat examinera la requ\u00eate avec responsabilit\u00e9 et s\u00e9rieux\u00a0\u00bb, ont-ils ajout\u00e9 dans un communiqu\u00e9. Le pr\u00e9sident am\u00e9ricain, Donald Trump, a \u00e9crit \u00e0 Isaac Herzog plus t\u00f4t ce mois-ci pour lui demander d\u2019accorder une gr\u00e2ce \u00e0 Benyamin Netanyahou.<\/p>\n<p>Un proc\u00e8s qui \u00ab\u00a0d\u00e9chire\u00a0\u00bb le pays<\/p>\n<p>Tout en affirmant vouloir mener le proc\u00e8s \u00e0 terme pour prouver son innocence, le Premier ministre a justifi\u00e9 cette demande au nom de \u00ab\u00a0l\u2019int\u00e9r\u00eat public\u00a0\u00bb dans une vid\u00e9o diffus\u00e9e par ses services, mettant en avant les \u00ab\u00a0immenses d\u00e9fis\u00a0\u00bb que le pays doit relever. \u00ab\u00a0La poursuite du proc\u00e8s nous d\u00e9chire de l\u2019int\u00e9rieur, suscitant de vives divisions et intensifiant les fractures\u00a0\u00bb, a plaid\u00e9 Benyamin Netanyahou dans sa vid\u00e9o, sur fond de vives divisions politiques entre ses partisans et ses d\u00e9tracteurs.<\/p>\n<p>\u00ab\u00a0Je suis certain, comme beaucoup d\u2019autres dans le pays, que la fin imm\u00e9diate du proc\u00e8s contribuera grandement \u00e0 apaiser les tensions et \u00e0 promouvoir la r\u00e9conciliation g\u00e9n\u00e9rale dont notre pays a tant besoin\u00a0\u00bb, a-t-il poursuivi. Rappelant que son proc\u00e8s avait d\u00e9but\u00e9 il y a pr\u00e8s de six ans, il a aussi affirm\u00e9 que t\u00e9moigner trois fois par semaine \u00e9tait \u00ab\u00a0une exigence impossible \u00e0 satisfaire\u00a0\u00bb. En septembre, Isaac Herzog avait laiss\u00e9 entendre qu\u2019il pourrait accorder une telle gr\u00e2ce, d\u00e9clarant dans un entretien \u00e0 la radio de l\u2019arm\u00e9e que le proc\u00e8s du Premier ministre \u00ab\u00a0pes[ait] lourdement sur la soci\u00e9t\u00e9 isra\u00e9lienne\u00a0\u00bb.<\/p>\n<p>Accus\u00e9 de faveurs politiques<\/p>\n<p>Le Premier ministre isra\u00e9lien est accus\u00e9, ainsi que son \u00e9pouse, Sara, d\u2019avoir accept\u00e9 des produits de luxe d\u2019une valeur de plus de 260.000 dollars, tels que cigares, bijoux et champagne, de la part de milliardaires, en \u00e9change de faveurs politiques. Dans deux autres affaires, il est accus\u00e9 d\u2019avoir tent\u00e9 de n\u00e9gocier une couverture plus favorable dans deux m\u00e9dias isra\u00e9liens.<\/p>\n<p>A 76 ans, il est le Premier ministre isra\u00e9lien ayant pass\u00e9 le plus grand nombre d\u2019ann\u00e9es en exercice, avec plus de dix-huit ans \u00e0 la t\u00eate d\u2019Isra\u00ebl depuis\u00a01996. Il a annonc\u00e9 qu\u2019il se pr\u00e9senterait aux prochaines \u00e9lections, qui auront lieu avant la fin de l\u2019ann\u00e9e\u00a02026. Au cours de son mandat actuel, qui a d\u00e9but\u00e9 fin\u00a02022, le leader du Likoud (droite) a propos\u00e9 des r\u00e9formes judiciaires de grande envergure qui, selon ses d\u00e9tracteurs, visaient \u00e0 affaiblir les tribunaux.<\/p>\n","protected":false},"excerpt":{"rendered":"Il est soutenu par Donald Trump\u00a0: le Premier ministre isra\u00e9lien Benyamin Netanyahou a officiellement demand\u00e9 une gr\u00e2ce pr\u00e9sidentielle&hellip;\n","protected":false},"author":2,"featured_media":569364,"comment_status":"","ping_status":"","sticky":false,"template":"","format":"standard","meta":{"footnotes":""},"categories":[5],"tags":[47,11,952,1770,75,1011,27,36554,14,664,74,12,28],"class_list":{"0":"post-569363","1":"post","2":"type-post","3":"status-publish","4":"format-standard","5":"has-post-thumbnail","7":"category-international","8":"tag-actualite","9":"tag-actualites","10":"tag-benyamin-netanyahou","11":"tag-corruption","12":"tag-donald-trump","13":"tag-fr","14":"tag-france","15":"tag-grace-presidentielle","16":"tag-international","17":"tag-israel","18":"tag-monde","19":"tag-news","20":"tag-world"},"share_on_mastodon":{"url":"https:\/\/pubeurope.com\/@fr\/115639969702904854","error":""},"_links":{"self":[{"href":"https:\/\/www.europesays.com\/fr\/wp-json\/wp\/v2\/posts\/569363","targetHints":{"allow":["GET"]}}],"collection":[{"href":"https:\/\/www.europesays.com\/fr\/wp-json\/wp\/v2\/posts"}],"about":[{"href":"https:\/\/www.europesays.com\/fr\/wp-json\/wp\/v2\/types\/post"}],"author":[{"embeddable":true,"href":"https:\/\/www.europesays.com\/fr\/wp-json\/wp\/v2\/users\/2"}],"replies":[{"embeddable":true,"href":"https:\/\/www.europesays.com\/fr\/wp-json\/wp\/v2\/comments?post=569363"}],"version-history":[{"count":0,"href":"https:\/\/www.europesays.com\/fr\/wp-json\/wp\/v2\/posts\/569363\/revisions"}],"wp:featuredmedia":[{"embeddable":true,"href":"https:\/\/www.europesays.com\/fr\/wp-json\/wp\/v2\/media\/569364"}],"wp:attachment":[{"href":"https:\/\/www.europesays.com\/fr\/wp-json\/wp\/v2\/media?parent=569363"}],"wp:term":[{"taxonomy":"category","embeddable":true,"href":"https:\/\/www.europesays.com\/fr\/wp-json\/wp\/v2\/categories?post=569363"},{"taxonomy":"post_tag","embeddable":true,"href":"https:\/\/www.europesays.com\/fr\/wp-json\/wp\/v2\/tags?post=569363"}],"curies":[{"name":"wp","href":"https:\/\/api.w.org\/{rel}","templated":true}]}}