{"id":569369,"date":"2025-11-30T18:06:14","date_gmt":"2025-11-30T18:06:14","guid":{"rendered":"https:\/\/www.europesays.com\/fr\/569369\/"},"modified":"2025-11-30T18:06:14","modified_gmt":"2025-11-30T18:06:14","slug":"saint-etienne-a-couriot-des-hommes-travaillent-a-nouveau-dans-les-galeries-de-mine","status":"publish","type":"post","link":"https:\/\/www.europesays.com\/fr\/569369\/","title":{"rendered":"Saint-\u00c9tienne. \u00c0 Couriot, des hommes travaillent \u00e0 nouveau dans les galeries de mine"},"content":{"rendered":"<p>C\u2019est un \u00e9norme et complexe chantier qui a d\u00e9but\u00e9 au printemps 2023 au mus\u00e9e de la Mine-Puits Couriot, et qui est pr\u00e9vu pour durer plusieurs ann\u00e9es. Un chantier \u00e0 la hauteur de l\u2019importance de ce site, \u00ab\u00a0\u00e9l\u00e9ment incontournable de l\u2019identit\u00e9 st\u00e9phanoise et du patrimoine de notre ville\u00a0\u00bb, estime Marc Chassaub\u00e9n\u00e9, adjoint en maire en charge des affaires culturelles.<\/p>\n<p>Le puits Couriot (6\u00a0000 m2  de b\u00e2timents couverts sur un site de plusieurs hectares), dont l\u2019exploitation a cess\u00e9 en 1973, a \u00e9t\u00e9 ouvert au public en 1991. Les installations ont donc vieilli. Et ont subi les ravages du temps. D\u2019autant que \u00ab\u00a0ces b\u00e2timents n\u2019ont pas \u00e9t\u00e9 con\u00e7us \u00e0 l\u2019origine pour \u00eatre un mus\u00e9e, mais un lieu de travail, de production\u00a0\u00bb, souligne Marie-Caroline Janand, directrice des lieux.<\/p>\n<p>Le portail d\u2019entr\u00e9e a retrouv\u00e9 son lustre d\u2019origine<\/p>\n<p>Les objectifs du chantier, qui se d\u00e9roule en plusieurs phases (dont certaines devront encore \u00eatre&#8230;<\/p>\n","protected":false},"excerpt":{"rendered":"C\u2019est un \u00e9norme et complexe chantier qui a d\u00e9but\u00e9 au printemps 2023 au mus\u00e9e de la Mine-Puits Couriot,&hellip;\n","protected":false},"author":2,"featured_media":569370,"comment_status":"","ping_status":"","sticky":false,"template":"","format":"standard","meta":{"footnotes":""},"categories":[9653],"tags":[1111,11,2430,4749,1687,33,7539,1777,674,107,1011,27,937,3367,12,25,4001,7538,104],"class_list":{"0":"post-569369","1":"post","2":"type-post","3":"status-publish","4":"format-standard","5":"has-post-thumbnail","7":"category-saint-etienne","8":"tag-actu","9":"tag-actualites","10":"tag-auvergne-rhone-alpes","11":"tag-btp-et-chantiers","12":"tag-culture-loisirs","13":"tag-economie","14":"tag-edition-loire-sud","15":"tag-eu","16":"tag-europe","17":"tag-fil-info","18":"tag-fr","19":"tag-france","20":"tag-histoire","21":"tag-loire","22":"tag-news","23":"tag-republique-francaise","24":"tag-saint-etienne","25":"tag-saint-etienne-ville","26":"tag-societe"},"share_on_mastodon":{"url":"https:\/\/pubeurope.com\/@fr\/115639981448417841","error":""},"_links":{"self":[{"href":"https:\/\/www.europesays.com\/fr\/wp-json\/wp\/v2\/posts\/569369","targetHints":{"allow":["GET"]}}],"collection":[{"href":"https:\/\/www.europesays.com\/fr\/wp-json\/wp\/v2\/posts"}],"about":[{"href":"https:\/\/www.europesays.com\/fr\/wp-json\/wp\/v2\/types\/post"}],"author":[{"embeddable":true,"href":"https:\/\/www.europesays.com\/fr\/wp-json\/wp\/v2\/users\/2"}],"replies":[{"embeddable":true,"href":"https:\/\/www.europesays.com\/fr\/wp-json\/wp\/v2\/comments?post=569369"}],"version-history":[{"count":0,"href":"https:\/\/www.europesays.com\/fr\/wp-json\/wp\/v2\/posts\/569369\/revisions"}],"wp:featuredmedia":[{"embeddable":true,"href":"https:\/\/www.europesays.com\/fr\/wp-json\/wp\/v2\/media\/569370"}],"wp:attachment":[{"href":"https:\/\/www.europesays.com\/fr\/wp-json\/wp\/v2\/media?parent=569369"}],"wp:term":[{"taxonomy":"category","embeddable":true,"href":"https:\/\/www.europesays.com\/fr\/wp-json\/wp\/v2\/categories?post=569369"},{"taxonomy":"post_tag","embeddable":true,"href":"https:\/\/www.europesays.com\/fr\/wp-json\/wp\/v2\/tags?post=569369"}],"curies":[{"name":"wp","href":"https:\/\/api.w.org\/{rel}","templated":true}]}}