{"id":569373,"date":"2025-11-30T18:08:18","date_gmt":"2025-11-30T18:08:18","guid":{"rendered":"https:\/\/www.europesays.com\/fr\/569373\/"},"modified":"2025-11-30T18:08:18","modified_gmt":"2025-11-30T18:08:18","slug":"les-freebirds-revival-en-concert-a-chope-et-compagnie","status":"publish","type":"post","link":"https:\/\/www.europesays.com\/fr\/569373\/","title":{"rendered":"Les FreeBirds Revival en concert \u00e0 Chope et compagnie"},"content":{"rendered":"<p>Le groupe cover pop-rock messin Freebirds Revival animera une soir\u00e9e qu\u2019il souhaite \u00ab\u00a0endiabl\u00e9e\u00a0\u00bb. Les quatre baroudeurs du rock veulent vous faire danser sur les plus grands tubes des groupes cultes de ces ann\u00e9es 60\u2019s \u00e0 80\u2019s si prolifiques. Au programme\u00a0: Rolling Stones, Chuck Berry, Beatles, Led Zeppelin, The Who, Pink Floyd, Eagles, Dire Sraits, Queen, Doobie Brothers, Police, ZZ Top, Santana, Status Quo et bien d\u2019autres\u00a0!<\/p>\n<p class=\"note\">Vendredi 5\u00a0d\u00e9cembre \u00e0 partir de 19\u00a0h\u00a045. Bar \u00e0 bi\u00e8re Chope et compagnie 6, avenue des \u00c9rables \u00e0 Houdemont (derri\u00e8re But, all\u00e9e des Prunus). Entr\u00e9e libre. Restauration possible sur place.<\/p>\n","protected":false},"excerpt":{"rendered":"Le groupe cover pop-rock messin Freebirds Revival animera une soir\u00e9e qu\u2019il souhaite \u00ab\u00a0endiabl\u00e9e\u00a0\u00bb. Les quatre baroudeurs du rock&hellip;\n","protected":false},"author":2,"featured_media":569374,"comment_status":"","ping_status":"","sticky":false,"template":"","format":"standard","meta":{"footnotes":""},"categories":[9635],"tags":[1111,11,1687,1704,1777,674,1011,27,775,17190,9649,873,1702,12,25],"class_list":{"0":"post-569373","1":"post","2":"type-post","3":"status-publish","4":"format-standard","5":"has-post-thumbnail","7":"category-nancy","8":"tag-actu","9":"tag-actualites","10":"tag-culture-loisirs","11":"tag-edition-nancy-et-agglomeration","12":"tag-eu","13":"tag-europe","14":"tag-fr","15":"tag-france","16":"tag-grand-est","17":"tag-houdemont","18":"tag-metropole-du-grand-nancy-54b2","19":"tag-musique","20":"tag-nancy","21":"tag-news","22":"tag-republique-francaise"},"share_on_mastodon":{"url":"https:\/\/pubeurope.com\/@fr\/115639989412543470","error":""},"_links":{"self":[{"href":"https:\/\/www.europesays.com\/fr\/wp-json\/wp\/v2\/posts\/569373","targetHints":{"allow":["GET"]}}],"collection":[{"href":"https:\/\/www.europesays.com\/fr\/wp-json\/wp\/v2\/posts"}],"about":[{"href":"https:\/\/www.europesays.com\/fr\/wp-json\/wp\/v2\/types\/post"}],"author":[{"embeddable":true,"href":"https:\/\/www.europesays.com\/fr\/wp-json\/wp\/v2\/users\/2"}],"replies":[{"embeddable":true,"href":"https:\/\/www.europesays.com\/fr\/wp-json\/wp\/v2\/comments?post=569373"}],"version-history":[{"count":0,"href":"https:\/\/www.europesays.com\/fr\/wp-json\/wp\/v2\/posts\/569373\/revisions"}],"wp:featuredmedia":[{"embeddable":true,"href":"https:\/\/www.europesays.com\/fr\/wp-json\/wp\/v2\/media\/569374"}],"wp:attachment":[{"href":"https:\/\/www.europesays.com\/fr\/wp-json\/wp\/v2\/media?parent=569373"}],"wp:term":[{"taxonomy":"category","embeddable":true,"href":"https:\/\/www.europesays.com\/fr\/wp-json\/wp\/v2\/categories?post=569373"},{"taxonomy":"post_tag","embeddable":true,"href":"https:\/\/www.europesays.com\/fr\/wp-json\/wp\/v2\/tags?post=569373"}],"curies":[{"name":"wp","href":"https:\/\/api.w.org\/{rel}","templated":true}]}}