{"id":569377,"date":"2025-11-30T18:10:16","date_gmt":"2025-11-30T18:10:16","guid":{"rendered":"https:\/\/www.europesays.com\/fr\/569377\/"},"modified":"2025-11-30T18:10:16","modified_gmt":"2025-11-30T18:10:16","slug":"apres-son-hospitalisation-a-toulon-brigitte-bardot-rassure-sur-son-etat-de-sante","status":"publish","type":"post","link":"https:\/\/www.europesays.com\/fr\/569377\/","title":{"rendered":"Apr\u00e8s son hospitalisation \u00e0 Toulon, Brigitte Bardot rassure sur son \u00e9tat de sant\u00e9"},"content":{"rendered":"<p class=\"fs-5 \">Brigitte Bardot a tenu \u00e0 rassurer sur son \u00e9tat de sant\u00e9 dimanche, assurant qu\u2019elle \u00e9tait \u00ab\u00a0actuellement en convalescence\u00a0\u00bb et<strong> demandant le respect de sa vie priv\u00e9e<\/strong>, via un communiqu\u00e9 envoy\u00e9 \u00e0 l\u2019AFP par la fondation qui porte son nom.<\/p>\n<p class=\"fs-5 \">\u00ab\u00a0Madame Brigitte Bardot rappelle qu\u2019elle est actuellement en convalescence, qu\u2019elle aimerait que l\u2019on ait la d\u00e9licatesse de respecter son intimit\u00e9, et invite tout le monde \u00e0 se calmer\u00a0\u00bb, est-il \u00e9crit dans le communiqu\u00e9 de la fondation Brigitte Bardot.<\/p>\n<p>            <img src=\"https:\/\/www.europesays.com\/fr\/wp-content\/uploads\/2025\/11\/1764291433_393_b70505f_upload-from-url-1-ivttfaqqvjjf-data-art-16662168.jpg\"   loading=\"lazy\" decoding=\"async\" alt=\"Au bar Le Gorille, No\u00ebl et B\u00e9n\u00e9dicte \u00e9voquent leurs souvenirs de Brigitte Bardot. \" class=\"img-fluid position-absolute w-100 object-fit-cover rounded-2\" width=\"600\" height=\"400\"\/><\/p>\n<p class=\"fs-5 \">Lundi, <strong>Var-Matin<\/strong> vous informait que<a href=\"https:\/\/www.nicematin.com\/faits-divers\/exclusif-brigitte-bardot-a-nouveau-hospitalisee-a-toulon-10657972\" target=\"_blank\" rel=\"noopener\"> la star de 91 ans \u00e9tait de nouveau hospitalis\u00e9e \u00e0 Toulon<\/a>, un mois apr\u00e8s un premier s\u00e9jour li\u00e9 \u00e0 une intervention chirurgicale.<\/p>\n<p>                                                                                \u00ab\u00a0Rassurer ceux qui s\u2019inqui\u00e8tent sinc\u00e8rement pour elle\u00a0\u00bb<\/p>\n<p class=\"fs-5 \">\u00ab\u00a0Mme Bardot tient \u00e0 rassurer celles et ceux qui s\u2019inqui\u00e8tent sinc\u00e8rement pour elle. Elle leur adresse ce message\u00a0: Je vous embrasse tous\u00a0!\u00a0\u00bb, \u00e9crit encore la fondation qui se consacre \u00e0 la d\u00e9fense et la protection animale.<\/p>\n<p class=\"fs-5 \">Parmi eux les habitants de Saint-Tropez et les varois qui s\u2019\u00e9taient livr\u00e9s aupr\u00e8s de Var-Matin le 27\u00a0novembre dernier.<\/p>\n<p class=\"fs-5 \">\u00ab\u00a0BB\u00a0\u00bb, qui a tir\u00e9 un trait sur le cin\u00e9ma dans les ann\u00e9es 1970 pour se consacrer \u00e0 la cause animale, vit <strong>entre sa c\u00e9l\u00e8bre r\u00e9sidence de La Madrague dans la station de Saint-Tropez<\/strong> et une seconde maison cach\u00e9e dans la verdure, La Garrigue, abritant des animaux et une chapelle priv\u00e9e.<\/p>\n<p class=\"fs-5 \">En mai dernier, dans une interview \u00e0 BFMTV, elle avait assur\u00e9 vivre \u00ab\u00a0comme une fermi\u00e8re\u00a0\u00bb entour\u00e9e de ses moutons, ses cochons, ses chiens, ses chats, son \u00e2ne et sa ponette et ne poss\u00e9der \u00ab\u00a0ni portable, ni ordinateur\u00a0\u00bb.<\/p>\n","protected":false},"excerpt":{"rendered":"Brigitte Bardot a tenu \u00e0 rassurer sur son \u00e9tat de sant\u00e9 dimanche, assurant qu\u2019elle \u00e9tait \u00ab\u00a0actuellement en convalescence\u00a0\u00bb&hellip;\n","protected":false},"author":2,"featured_media":569378,"comment_status":"","ping_status":"","sticky":false,"template":"","format":"standard","meta":{"footnotes":""},"categories":[9619],"tags":[1111,11,1777,674,1011,27,12,882,25,2310],"class_list":{"0":"post-569377","1":"post","2":"type-post","3":"status-publish","4":"format-standard","5":"has-post-thumbnail","7":"category-toulon","8":"tag-actu","9":"tag-actualites","10":"tag-eu","11":"tag-europe","12":"tag-fr","13":"tag-france","14":"tag-news","15":"tag-provence-alpes-cote-dazur","16":"tag-republique-francaise","17":"tag-toulon"},"share_on_mastodon":{"url":"https:\/\/pubeurope.com\/@fr\/115639997655526722","error":""},"_links":{"self":[{"href":"https:\/\/www.europesays.com\/fr\/wp-json\/wp\/v2\/posts\/569377","targetHints":{"allow":["GET"]}}],"collection":[{"href":"https:\/\/www.europesays.com\/fr\/wp-json\/wp\/v2\/posts"}],"about":[{"href":"https:\/\/www.europesays.com\/fr\/wp-json\/wp\/v2\/types\/post"}],"author":[{"embeddable":true,"href":"https:\/\/www.europesays.com\/fr\/wp-json\/wp\/v2\/users\/2"}],"replies":[{"embeddable":true,"href":"https:\/\/www.europesays.com\/fr\/wp-json\/wp\/v2\/comments?post=569377"}],"version-history":[{"count":0,"href":"https:\/\/www.europesays.com\/fr\/wp-json\/wp\/v2\/posts\/569377\/revisions"}],"wp:featuredmedia":[{"embeddable":true,"href":"https:\/\/www.europesays.com\/fr\/wp-json\/wp\/v2\/media\/569378"}],"wp:attachment":[{"href":"https:\/\/www.europesays.com\/fr\/wp-json\/wp\/v2\/media?parent=569377"}],"wp:term":[{"taxonomy":"category","embeddable":true,"href":"https:\/\/www.europesays.com\/fr\/wp-json\/wp\/v2\/categories?post=569377"},{"taxonomy":"post_tag","embeddable":true,"href":"https:\/\/www.europesays.com\/fr\/wp-json\/wp\/v2\/tags?post=569377"}],"curies":[{"name":"wp","href":"https:\/\/api.w.org\/{rel}","templated":true}]}}