{"id":569379,"date":"2025-11-30T18:11:11","date_gmt":"2025-11-30T18:11:11","guid":{"rendered":"https:\/\/www.europesays.com\/fr\/569379\/"},"modified":"2025-11-30T18:11:11","modified_gmt":"2025-11-30T18:11:11","slug":"mathis-ferte-affole-toulon-la-nouvelle-sensation-du-rct","status":"publish","type":"post","link":"https:\/\/www.europesays.com\/fr\/569379\/","title":{"rendered":"Mathis Fert\u00e9 affole Toulon : La nouvelle sensation du RCT"},"content":{"rendered":"<p data-start=\"396\" data-end=\"679\">Arriv\u00e9 discr\u00e8tement \u00e0 Toulon cet \u00e9t\u00e9, Mathis Fert\u00e9 est en train de se transformer en v\u00e9ritable ph\u00e9nom\u00e8ne.<\/p>\n<p data-start=\"396\" data-end=\"679\">\u00c0 seulement 21 ans, le jeune arri\u00e8re encha\u00eene les performances XXL et vient encore de frapper un \u00e9norme coup : un nouveau doubl\u00e9, des stats impressionnantes et un Mayol conquis.<\/p>\n<p data-start=\"681\" data-end=\"801\">D\u00e9sormais co-meilleur marqueur du RCT avec six essais, Fert\u00e9 s\u2019impose comme l\u2019atout offensif le plus explosif du moment comme l\u2019explique <a href=\"https:\/\/www.rugbyrama.fr\/2025\/11\/30\/top-14-a-toulon-ils-sont-tous-fadas-de-mathis-ferte-encore-etincelant-contre-montauban-13082651.php\" target=\"_blank\" rel=\"noopener\">Midi Olympique<\/a>.<\/p>\n<p data-start=\"803\" data-end=\"862\"><strong data-start=\"806\" data-end=\"862\">Une ascension \u00e9clair qui bluffe m\u00eame ses co\u00e9quipiers<\/strong><\/p>\n<p data-start=\"863\" data-end=\"1347\">Dans le vestiaire, tout le monde voit la transformation.<\/p>\n<p data-start=\"863\" data-end=\"1347\"><strong>M\u00eame son ami Mateo Garcia, avec lequel il a nou\u00e9 une vraie complicit\u00e9, reconna\u00eet un changement radical :<\/strong><\/p>\n<p data-start=\"863\" data-end=\"1347\">\u00ab Il y a quelques semaines, je lui mettais des pi\u00e8ces en lui disant qu\u2019il fallait qu\u2019il se r\u00e9veille. \u00bb<\/p>\n<p data-start=\"863\" data-end=\"1347\"><strong>Mais l\u2019ouvreur le dit aussi clairement : rien d\u2019\u00e9tonnant pour lui.<\/strong><\/p>\n<p data-start=\"863\" data-end=\"1347\">\u00ab Les gens ne le d\u00e9couvrent pas. (\u2026) Je ne suis pas surpris de ce qu\u2019il montre. Il me rappelle Arthur Reti\u00e8re : m\u00eames qualit\u00e9s, m\u00eame profil. \u00bb<\/p>\n<p data-start=\"1349\" data-end=\"1555\"><strong>Fert\u00e9, plac\u00e9 tant\u00f4t \u00e0 l\u2019arri\u00e8re, tant\u00f4t \u00e0 la m\u00eal\u00e9e, a \u00e9clabouss\u00e9 la rencontre :<\/strong><\/p>\n<p data-start=\"1349\" data-end=\"1555\">\u2714 97 m\u00e8tres parcourus<br data-start=\"1452\" data-end=\"1455\"\/>\u2714 5 d\u00e9fenseurs battus<br data-start=\"1476\" data-end=\"1479\"\/>\u2714 2 franchissements<br data-start=\"1498\" data-end=\"1501\"\/>\u2714 et un doubl\u00e9 dont un essai exceptionnel en solitaire<\/p>\n<p data-start=\"1557\" data-end=\"1598\"><strong data-start=\"1560\" data-end=\"1598\">Mayol debout apr\u00e8s un chef-d\u2019\u0153uvre<\/strong><\/p>\n<p data-start=\"1599\" data-end=\"1856\">Son deuxi\u00e8me essai a laiss\u00e9 tout le monde bouche b\u00e9e. Fert\u00e9 d\u00e9marre pr\u00e8s d\u2019un ruck, se faufile entre deux d\u00e9fenseurs, puis \u00e9limine Mouchous avec un petit coup de pied g\u00e9nial avant d\u2019aplatir. Une action qui a fait bondir tout Mayol\u2026 et Pierre Mignoni aussi.<\/p>\n<p data-start=\"1858\" data-end=\"2118\"><strong>Le manager, conquis, n\u2019a pas cach\u00e9 son admiration :<\/strong><\/p>\n<p data-start=\"1858\" data-end=\"2118\">\u00ab En ce moment, il est mon meilleur joueur derri\u00e8re. (\u2026) Il pue le rugby. J\u2019ai rarement vu un joueur aussi talentueux dans la compr\u00e9hension du jeu. Tu peux le mettre de partout, m\u00eame en 10, il sera bon. \u00bb<\/p>\n<p data-start=\"2120\" data-end=\"2171\"><strong data-start=\"2123\" data-end=\"2171\">Une int\u00e9gration express et une maturit\u00e9 rare<\/strong><\/p>\n<p data-start=\"2172\" data-end=\"2369\">Malgr\u00e9 les compliments, Fert\u00e9 reste \u00e9tonnamment humble.<\/p>\n<p data-start=\"2172\" data-end=\"2369\">\u00ab Tout passe par le collectif. (\u2026) Il me reste des points \u00e0 am\u00e9liorer. (\u2026) Quand je me sens bien dans un groupe, je joue bien au rugby. \u00bb<\/p>\n<p data-start=\"2371\" data-end=\"2621\"><strong>Install\u00e9 \u00e0 Toulon depuis cet \u00e9t\u00e9, il dit avoir trouv\u00e9 un environnement o\u00f9 il se sent d\u00e9j\u00e0 chez lui :<\/strong><\/p>\n<p data-start=\"2371\" data-end=\"2621\">\u00ab Quand je suis rentr\u00e9 chez moi pendant les vacances, il me tardait de revenir ici. (\u2026) Je me sens tr\u00e8s bien dans ce club et dans cette r\u00e9gion. \u00bb<\/p>\n<p data-start=\"2623\" data-end=\"2685\"><strong data-start=\"2626\" data-end=\"2685\">Vers l\u2019\u00e9quipe de France\u2026 plus vite qu\u2019on ne l\u2019imagine ?<\/strong><\/p>\n<p data-start=\"2686\" data-end=\"2850\"><strong>Mignoni n\u2019a pas h\u00e9sit\u00e9 \u00e0 lancer une proph\u00e9tie qui commence \u00e0 r\u00e9sonner un peu partout dans le rugby fran\u00e7ais :<\/strong><\/p>\n<p data-start=\"2686\" data-end=\"2850\">\u00ab Il sera en \u00e9quipe de France dans peu de temps. \u00bb<\/p>\n<p data-start=\"2852\" data-end=\"3163\"><strong>Une pression suppl\u00e9mentaire ? Pas pour le principal concern\u00e9, qui reconna\u00eet \u00eatre ambitieux mais reste mesur\u00e9 :<\/strong><\/p>\n<p data-start=\"2852\" data-end=\"3163\">\u00ab Honn\u00eatement, il me reste du travail (sourire g\u00ean\u00e9). Apr\u00e8s, je ne vais pas vous mentir, l\u2019\u00e9quipe de France est un objectif comme pour tous les joueurs de rugby. Je suis comp\u00e9titeur, et je veux viser le plus haut possible. Pour le moment, je ne me pose pas la question. Je travaille et je veux \u00eatre, avant tout, performant pour Toulon. \u00bb<\/p>\n<p data-start=\"3165\" data-end=\"3343\"><strong>Et dans un sourire, il glisse m\u00eame un clin d\u2019\u0153il \u00e0 ses co\u00e9quipiers :<\/strong><\/p>\n<p data-start=\"3165\" data-end=\"3343\">\u00ab \u00c7a me permettra aussi de mettre des pi\u00e8ces \u00e0 tout le monde apr\u00e8s les avoir re\u00e7us notamment de la part de certains dont Mateo (rires). Maintenant, je parviens \u00e0 marquer et je pense qu\u2019ils sont tous contents. \u00bb<\/p>\n","protected":false},"excerpt":{"rendered":"Arriv\u00e9 discr\u00e8tement \u00e0 Toulon cet \u00e9t\u00e9, Mathis Fert\u00e9 est en train de se transformer en v\u00e9ritable ph\u00e9nom\u00e8ne. \u00c0&hellip;\n","protected":false},"author":2,"featured_media":569380,"comment_status":"","ping_status":"","sticky":false,"template":"","format":"standard","meta":{"footnotes":""},"categories":[9619],"tags":[1111,11,1777,674,1011,27,12,882,25,2310],"class_list":{"0":"post-569379","1":"post","2":"type-post","3":"status-publish","4":"format-standard","5":"has-post-thumbnail","7":"category-toulon","8":"tag-actu","9":"tag-actualites","10":"tag-eu","11":"tag-europe","12":"tag-fr","13":"tag-france","14":"tag-news","15":"tag-provence-alpes-cote-dazur","16":"tag-republique-francaise","17":"tag-toulon"},"share_on_mastodon":{"url":"https:\/\/pubeurope.com\/@fr\/115640001110909359","error":""},"_links":{"self":[{"href":"https:\/\/www.europesays.com\/fr\/wp-json\/wp\/v2\/posts\/569379","targetHints":{"allow":["GET"]}}],"collection":[{"href":"https:\/\/www.europesays.com\/fr\/wp-json\/wp\/v2\/posts"}],"about":[{"href":"https:\/\/www.europesays.com\/fr\/wp-json\/wp\/v2\/types\/post"}],"author":[{"embeddable":true,"href":"https:\/\/www.europesays.com\/fr\/wp-json\/wp\/v2\/users\/2"}],"replies":[{"embeddable":true,"href":"https:\/\/www.europesays.com\/fr\/wp-json\/wp\/v2\/comments?post=569379"}],"version-history":[{"count":0,"href":"https:\/\/www.europesays.com\/fr\/wp-json\/wp\/v2\/posts\/569379\/revisions"}],"wp:featuredmedia":[{"embeddable":true,"href":"https:\/\/www.europesays.com\/fr\/wp-json\/wp\/v2\/media\/569380"}],"wp:attachment":[{"href":"https:\/\/www.europesays.com\/fr\/wp-json\/wp\/v2\/media?parent=569379"}],"wp:term":[{"taxonomy":"category","embeddable":true,"href":"https:\/\/www.europesays.com\/fr\/wp-json\/wp\/v2\/categories?post=569379"},{"taxonomy":"post_tag","embeddable":true,"href":"https:\/\/www.europesays.com\/fr\/wp-json\/wp\/v2\/tags?post=569379"}],"curies":[{"name":"wp","href":"https:\/\/api.w.org\/{rel}","templated":true}]}}