{"id":569388,"date":"2025-11-30T18:18:17","date_gmt":"2025-11-30T18:18:17","guid":{"rendered":"https:\/\/www.europesays.com\/fr\/569388\/"},"modified":"2025-11-30T18:18:17","modified_gmt":"2025-11-30T18:18:17","slug":"operation-coup-de-poing-au-bhv-grenoble-contre-larrivee-de-shein","status":"publish","type":"post","link":"https:\/\/www.europesays.com\/fr\/569388\/","title":{"rendered":"Op\u00e9ration coup de poing au BHV Grenoble contre l\u2019arriv\u00e9e de Shein"},"content":{"rendered":"<p itemprop=\"description\"><strong>\u00c0 Grenoble, des militants ont perturb\u00e9 l&rsquo;entr\u00e9e du BHV pour d\u00e9noncer l\u2019installation repouss\u00e9e de l\u2019enseigne Shein, jug\u00e9e n\u00e9faste pour l\u2019environnement.<\/strong><\/p>\n<p>Samedi matin, l\u2019ambiance du BHV grenoblois a \u00e9t\u00e9 boulevers\u00e9e par une action militante ciblant l\u2019arriv\u00e9e programm\u00e9e, bien que retard\u00e9e, de Shein dans le centre commercial.<\/p>\n<p>Un produit d\u00e9gageant malodorant a \u00e9t\u00e9 r\u00e9pandu dans certaines zones, tandis que de grandes banderoles ont \u00e9t\u00e9 hiss\u00e9es pour attirer l\u2019attention des clients de passage.<\/p>\n<p>\u00c0 l\u2019origine de cette op\u00e9ration, le collectif local d\u2019Extinction Rebellion, qui veut alerter sur les cons\u00e9quences sociales et \u00e9cologiques du mod\u00e8le de la fast-fashion. Les militants pointent notamment le transport massif de v\u00eatements, l\u2019empreinte carbone annonc\u00e9e qui en r\u00e9sulte ainsi que les conditions de production des v\u00eatements Shein.<\/p>\n","protected":false},"excerpt":{"rendered":"\u00c0 Grenoble, des militants ont perturb\u00e9 l&rsquo;entr\u00e9e du BHV pour d\u00e9noncer l\u2019installation repouss\u00e9e de l\u2019enseigne Shein, jug\u00e9e n\u00e9faste&hellip;\n","protected":false},"author":2,"featured_media":569389,"comment_status":"","ping_status":"","sticky":false,"template":"","format":"standard","meta":{"footnotes":""},"categories":[9566],"tags":[1111,11,2813,2430,1109,251,1112,2811,1777,674,118,1011,27,21780,2731,14004,1922,1110,1114,108,12,316,25,2812,517,800],"class_list":{"0":"post-569388","1":"post","2":"type-post","3":"status-publish","4":"format-standard","5":"has-post-thumbnail","7":"category-grenoble","8":"tag-actu","9":"tag-actualites","10":"tag-article","11":"tag-auvergne-rhone-alpes","12":"tag-breves","13":"tag-culture","14":"tag-depeches","15":"tag-economique","16":"tag-eu","17":"tag-europe","18":"tag-faits-divers","19":"tag-fr","20":"tag-france","21":"tag-gf38","22":"tag-grenoble","23":"tag-grenoblemag","24":"tag-info","25":"tag-informations","26":"tag-infos","27":"tag-isere","28":"tag-news","29":"tag-politique","30":"tag-republique-francaise","31":"tag-sociale","32":"tag-sport","33":"tag-transports"},"share_on_mastodon":{"url":"https:\/\/pubeurope.com\/@fr\/115640028626491939","error":""},"_links":{"self":[{"href":"https:\/\/www.europesays.com\/fr\/wp-json\/wp\/v2\/posts\/569388","targetHints":{"allow":["GET"]}}],"collection":[{"href":"https:\/\/www.europesays.com\/fr\/wp-json\/wp\/v2\/posts"}],"about":[{"href":"https:\/\/www.europesays.com\/fr\/wp-json\/wp\/v2\/types\/post"}],"author":[{"embeddable":true,"href":"https:\/\/www.europesays.com\/fr\/wp-json\/wp\/v2\/users\/2"}],"replies":[{"embeddable":true,"href":"https:\/\/www.europesays.com\/fr\/wp-json\/wp\/v2\/comments?post=569388"}],"version-history":[{"count":0,"href":"https:\/\/www.europesays.com\/fr\/wp-json\/wp\/v2\/posts\/569388\/revisions"}],"wp:featuredmedia":[{"embeddable":true,"href":"https:\/\/www.europesays.com\/fr\/wp-json\/wp\/v2\/media\/569389"}],"wp:attachment":[{"href":"https:\/\/www.europesays.com\/fr\/wp-json\/wp\/v2\/media?parent=569388"}],"wp:term":[{"taxonomy":"category","embeddable":true,"href":"https:\/\/www.europesays.com\/fr\/wp-json\/wp\/v2\/categories?post=569388"},{"taxonomy":"post_tag","embeddable":true,"href":"https:\/\/www.europesays.com\/fr\/wp-json\/wp\/v2\/tags?post=569388"}],"curies":[{"name":"wp","href":"https:\/\/api.w.org\/{rel}","templated":true}]}}