{"id":569392,"date":"2025-11-30T18:21:19","date_gmt":"2025-11-30T18:21:19","guid":{"rendered":"https:\/\/www.europesays.com\/fr\/569392\/"},"modified":"2025-11-30T18:21:19","modified_gmt":"2025-11-30T18:21:19","slug":"comment-circuler-a-rennes-du-1er-au-7-decembre-2025-malgr","status":"publish","type":"post","link":"https:\/\/www.europesays.com\/fr\/569392\/","title":{"rendered":"Comment circuler \u00e0 Rennes du 1er au 7 d\u00e9cembre 2025 malgr&#8230;"},"content":{"rendered":"<p>\n            Publi\u00e9 le 30-11-2025 \u00e0 17:42        <\/p>\n<p>            <img decoding=\"async\" class=\"page_photo\" src=\"https:\/\/www.rennes-scope.com\/photos\/comment-circuler-a-rennes-du-1er-au-7-decembre-2025-malgre-les-travaux-et-les-deviations.webp\" alt=\"Comment circuler \u00e0 Rennes du 1er au 7 d\u00e9cembre 2025 malgr\u00e9 les travaux et les d\u00e9viations\" loading=\"lazy\"\/><\/p>\n<p>Cr\u00e9dit : Rennescope<\/p>\n<p>Travaux et d\u00e9viations \u00e0 Rennes et dans ses alentours du 1er au 7 d\u00e9cembre : fermeture de rues, circulation altern\u00e9e et itin\u00e9raires \u00e0 pr\u00e9voir.<\/p>\n<p>\n                                Cette semaine \u00e0 Rennes et dans ses alentours, plusieurs rues seront ferm\u00e9es ou partiellement d\u00e9vi\u00e9es en raison de travaux. Voici le d\u00e9tail des fermetures, d\u00e9viations et horaires \u00e0 conna\u00eetre pour circuler du 1er au 7 d\u00e9cembre 2025.            <\/p>\n<p><b>Avenue du G\u00e9n\u00e9ral Georges S. Patton<\/b> : circulation interdite du jeudi 4 d\u00e9cembre \u00e0 mars 2026 entre l&rsquo;avenue de Rochester et la rue Franz Heller, pour l&rsquo;am\u00e9nagement du carrefour Patton\/Rochester. D\u00e9viation via l&rsquo;avenue de Rochester, la rue Guy Ropartz et l&rsquo;avenue des Monts d&rsquo;Arr\u00e9e.&#13;<br \/>\n&#13;\n<\/p>\n<p><b>Boulevard Marbeuf<\/b> : fermeture du lundi 1er au jeudi 4 d\u00e9cembre entre la rue du Dr Yves Louvign\u00e9 et la rue Louis Guilloux, pour le d\u00e9montage d&rsquo;une grue. D\u00e9viation par la rue de Lorient et la rue Louis Guilloux.&#13;<br \/>\n&#13;\n<\/p>\n<p><b>Rue de Lorient<\/b> : circulation altern\u00e9e du lundi 1er au mercredi 3 d\u00e9cembre, de 9h \u00e0 16h30, entre la rue de la Carri\u00e8re et la rue Louis Guilloux pour des travaux de construction.&#13;<br \/>\n&#13;\n<\/p>\n<p><b>Avenue Jules Maniez<\/b> : circulation interdite jusqu&rsquo;\u00e0 janvier 2026 dans le sens ouest &gt; est entre la place Jeanne Laurent et le boulevard Pierre Mend\u00e8s France, pour des travaux sur le r\u00e9seau de chauffage urbain. D\u00e9viation : place Jeanne Laurent &gt; boulevard Jean Mermoz &gt; boulevard Pierre Mend\u00e8s France.&#13;<br \/>\n&#13;\n<\/p>\n<p><b>Boulevard Villebois-Mareuil<\/b> : fermeture jusqu&rsquo;au vendredi 19 d\u00e9cembre dans le sens nord &gt; sud entre l&rsquo;avenue Monseigneur Mou\u00e9zy et la rue de Ch\u00e2teaugiron, pour am\u00e9nager le R\u00e9seau express v\u00e9lo. D\u00e9viation par l&rsquo;avenue Monseigneur Mou\u00e9zy et la rue de Ch\u00e2teaugiron.&#13;<br \/>\n&#13;\n<\/p>\n<p><b>Avenue du Gallet<\/b> : circulation altern\u00e9e jusqu&rsquo;au mercredi 17 d\u00e9cembre pour travaux sur le r\u00e9seau d&rsquo;\u00e9clairage public.&#13;<br \/>\n&#13;\n<\/p>\n<p><b>Quai Duguay-Trouin<\/b> : circulation interdite jusqu&rsquo;au mardi 9 d\u00e9cembre entre la rue Le Bouteiller et la place de Bretagne. D\u00e9viation voitures : rue de Nemours &gt; rue de la Chalotais &gt; rue Lanjuinais &gt; boulevard de la Libert\u00e9 &gt; place de Bretagne. D\u00e9viation v\u00e9lo dans les deux sens par la rue de la Chalotais.&#13;<br \/>\n&#13;\n<\/p>\n<p><b>Avenue Andr\u00e9e Viollis<\/b> : circulation interdite jusqu&rsquo;au vendredi 19 d\u00e9cembre entre la rue Pierre Le Moine et le boulevard Oscar Leroux. D\u00e9viation : boulevard de Yougoslavie &gt; rue de Hongrie.&#13;<br \/>\n&#13;\n<\/p>\n<p><b>Rue Pierre Martin<\/b> : fermeture jusqu&rsquo;au vendredi 19 d\u00e9cembre entre la rue Albert de Mun et la rue Albert Martin. D\u00e9viation pour rejoindre la gare : rue Saint-H\u00e9lier &gt; rue de Vern &gt; boulevard Franklin Roosevelt &gt; boulevard \u00c9mile Combe &gt; rue de l&rsquo;Alma.&#13;<br \/>\n&#13;\n<\/p>\n<p><b>Avenue Charles et Raymonde Tillon<\/b> : chauss\u00e9e r\u00e9duite jusqu&rsquo;au mercredi 24 d\u00e9cembre \u00e0 l&rsquo;intersection avec l&rsquo;avenue Sir Winston Churchill. D\u00e9viation : rue d&rsquo;Alsace &gt; cours du Pr\u00e9sident John Fitzgerald Kennedy.&#13;<br \/>\n&#13;\n<\/p>\n<p><b>Boulevard d&rsquo;Anjou<\/b> : fermeture \u00e0 l&rsquo;intersection de l&rsquo;avenue de Guyenne jusqu&rsquo;au samedi 28 f\u00e9vrier 2026. D\u00e9viation : rue du Bourbonnais &gt; avenue Sir Winston Churchill &gt; rue de Picardie.&#13;<br \/>\n&#13;\n<\/p>\n<p><b>Boulevard Paul Hutin-Desgr\u00e9es<\/b> : circulation altern\u00e9e jusqu&rsquo;au vendredi 5 d\u00e9cembre entre 9h et 16h30 pour le remplacement de l&rsquo;\u00e9clairage public.&#13;<br \/>\n&#13;\n<\/p>\n<p><b>Avenue Germaine Tillion<\/b> : chauss\u00e9e r\u00e9tr\u00e9cie jusqu&rsquo;au vendredi 19 d\u00e9cembre dans le sens sud&gt;nord entre le boulevard Jean Mermoz et la rue de la Guibourg\u00e8re, pour travaux sur le r\u00e9seau de chauffage urbain.&#13;\n<\/p>\n<p>Travaux pi\u00e9tons et cyclistes<\/p>\n<p><b>Passerelle Moulin du Comte<\/b> : fermeture du lundi 1er au vendredi 12 d\u00e9cembre pour pi\u00e9tons et v\u00e9los, de 9h \u00e0 17h. D\u00e9viation par la passerelle de la Ralentie.&#13;<br \/>\n&#13;\n<\/p>\n<p><b>Chemin du Grand Tertre (Cesson-Sevign\u00e9 \/ Thorign\u00e9-Fouillard)<\/b> : circulation interdite jusqu&rsquo;au printemps 2026 sur la voie verte entre le boulevard Bertrand d&rsquo;Argentr\u00e9 et le lieu-dit La Gravelle. D\u00e9viation v\u00e9lo via REV Rennes-Acign\u00e9 ou route de la Frini\u00e8re.&#13;\n<\/p>\n<p>Travaux et d\u00e9viations autour de Rennes<\/p>\n<p><b>Vezin-le-Coquet \u2013 Route de Lorient<\/b> : chauss\u00e9e r\u00e9tr\u00e9cie du lundi 1er d\u00e9cembre au vendredi 6 mars 2026 entre la rue des Mar\u00e9chales et la rue du Manoir de Servign\u00e9, pour l&rsquo;am\u00e9nagement de la VRTC.&#13;<br \/>\n&#13;\n<\/p>\n<p><b>Vern-sur-Seiche \u2013 Rond-point de la Chalotais<\/b> : fermeture du lundi 1er au vendredi 19 d\u00e9cembre. D\u00e9viation : RD173 &gt; RD34 &gt; rue de la Liberation &gt; rue de Ch\u00e2teaubriant.&#13;<br \/>\n&#13;\n<\/p>\n<p><b>Bourgbarr\u00e9 \u2013 RD39<\/b> : fermeture du mercredi 3 au vendredi 5 d\u00e9cembre entre la VC163 et la rue du Placis. D\u00e9viation : VC163 &gt; rue du Placis.&#13;<br \/>\n&#13;\n<\/p>\n<p><b>Bruz \u2013 Boulevard Pasteur<\/b> : circulation interdite jusqu&rsquo;au printemps 2026 entre le rond-point de Laill\u00e9 et la rue Duguesclin. D\u00e9viation : rue Gaudrine &gt; rue Recipon &gt; rue Jean Mermoz &gt; avenue du G\u00e9n\u00e9ral de Gaulle.&#13;<br \/>\n&#13;\n<\/p>\n<p><b>RD77 (Bruz)<\/b> : circulation altern\u00e9e jusqu&rsquo;\u00e0 fin d\u00e9cembre 2025 entre le Pont Saint-Armel et la route d&rsquo;acc\u00e8s \u00e0 la DGA-MI pour la liaison cyclable Bruz-Laill\u00e9.&#13;<br \/>\n&#13;\n<\/p>\n<p><b>Vern-sur-Seiche \u2013 Rue de la Hallerais<\/b> : fermeture jusqu&rsquo;\u00e0 fin janvier 2026. D\u00e9viation par la route d&rsquo;Angers.&#13;\n<\/p>\n<p>Parkings et acc\u00e8s<\/p>\n<p><b>Parking Colombier<\/b> : \u00e0 partir du samedi 29 novembre, acc\u00e8s par la rue du Capitaine Maignan pour les automobilistes venant de la rue de l&rsquo;Alma. Travaux jusqu&rsquo;\u00e0 l&rsquo;\u00e9t\u00e9 2027.<\/p>\n<p>Pour circuler plus sereinement \u00e0 Rennes cette semaine, il est important de bien planifier vos trajets et de prendre en compte les fermetures et d\u00e9viations annonc\u00e9es. Ces informations sont fournies par Rennes M\u00e9tropole et refl\u00e8tent <b>l&rsquo;\u00e9tat actuel des travaux<\/b>. Pour consulter les d\u00e9tails complets et les mises \u00e0 jour en temps r\u00e9el, rendez-vous sur <a href=\"https:\/\/travaux.rennesmetropole.fr\/\" target=\"_blank\" rel=\"noopener noreferrer\">le site officiel de Rennes Infos Travaux<\/a>.<\/p>\n<p>                A lire aussi<\/p>\n<p>        <a href=\"https:\/\/www.rennes-scope.com\/articles-tag.php?nom=travaux\" target=\"_blank\" rel=\"noopener\"><\/p>\n<p>travaux<\/p>\n<p><\/a><a href=\"https:\/\/www.rennes-scope.com\/articles-tag.php?nom=d%C3%A9viations\" target=\"_blank\" rel=\"noopener\"><\/p>\n<p>d\u00e9viations<\/p>\n<p><\/a><a href=\"https:\/\/www.rennes-scope.com\/articles-tag.php?nom=embouteillages\" target=\"_blank\" rel=\"noopener\"><\/p>\n<p>embouteillages<\/p>\n<p><\/a><\/p>\n","protected":false},"excerpt":{"rendered":"Publi\u00e9 le 30-11-2025 \u00e0 17:42 Cr\u00e9dit : Rennescope Travaux et d\u00e9viations \u00e0 Rennes et dans ses alentours du&hellip;\n","protected":false},"author":2,"featured_media":569393,"comment_status":"","ping_status":"","sticky":false,"template":"","format":"standard","meta":{"footnotes":""},"categories":[2821],"tags":[1111,11,829,1777,674,1011,27,12,584,25],"class_list":{"0":"post-569392","1":"post","2":"type-post","3":"status-publish","4":"format-standard","5":"has-post-thumbnail","7":"category-rennes","8":"tag-actu","9":"tag-actualites","10":"tag-bretagne","11":"tag-eu","12":"tag-europe","13":"tag-fr","14":"tag-france","15":"tag-news","16":"tag-rennes","17":"tag-republique-francaise"},"share_on_mastodon":{"url":"https:\/\/pubeurope.com\/@fr\/115640041036853612","error":""},"_links":{"self":[{"href":"https:\/\/www.europesays.com\/fr\/wp-json\/wp\/v2\/posts\/569392","targetHints":{"allow":["GET"]}}],"collection":[{"href":"https:\/\/www.europesays.com\/fr\/wp-json\/wp\/v2\/posts"}],"about":[{"href":"https:\/\/www.europesays.com\/fr\/wp-json\/wp\/v2\/types\/post"}],"author":[{"embeddable":true,"href":"https:\/\/www.europesays.com\/fr\/wp-json\/wp\/v2\/users\/2"}],"replies":[{"embeddable":true,"href":"https:\/\/www.europesays.com\/fr\/wp-json\/wp\/v2\/comments?post=569392"}],"version-history":[{"count":0,"href":"https:\/\/www.europesays.com\/fr\/wp-json\/wp\/v2\/posts\/569392\/revisions"}],"wp:featuredmedia":[{"embeddable":true,"href":"https:\/\/www.europesays.com\/fr\/wp-json\/wp\/v2\/media\/569393"}],"wp:attachment":[{"href":"https:\/\/www.europesays.com\/fr\/wp-json\/wp\/v2\/media?parent=569392"}],"wp:term":[{"taxonomy":"category","embeddable":true,"href":"https:\/\/www.europesays.com\/fr\/wp-json\/wp\/v2\/categories?post=569392"},{"taxonomy":"post_tag","embeddable":true,"href":"https:\/\/www.europesays.com\/fr\/wp-json\/wp\/v2\/tags?post=569392"}],"curies":[{"name":"wp","href":"https:\/\/api.w.org\/{rel}","templated":true}]}}