{"id":569394,"date":"2025-11-30T18:22:11","date_gmt":"2025-11-30T18:22:11","guid":{"rendered":"https:\/\/www.europesays.com\/fr\/569394\/"},"modified":"2025-11-30T18:22:11","modified_gmt":"2025-11-30T18:22:11","slug":"strasbourg-de-sans-papiers-a-cheffe-dentreprise-lincroyable-parcours-daicha-mere-de-cinq-enfants","status":"publish","type":"post","link":"https:\/\/www.europesays.com\/fr\/569394\/","title":{"rendered":"Strasbourg. De sans-papiers \u00e0 cheffe d\u2019entreprise : l\u2019incroyable parcours d\u2019A\u00efcha, m\u00e8re\u00a0de\u00a0cinq\u00a0enfants"},"content":{"rendered":"<p>                    Par<br \/>\n        <strong><br \/>\n            <a href=\"https:\/\/actu.fr\/auteur\/thomas-blanc\" title=\"Consulter tous les articles de Thomas Blanc\" target=\"_blank\" rel=\"noopener\">Thomas Blanc<\/a><br \/>\n                    <\/strong><\/p>\n<p>        Publi\u00e9 le<\/p>\n<p>            30 nov. 2025 \u00e0 18h02        <\/p>\n<p>Arriv\u00e9e en France en 2003, <strong>A\u00efcha Capitao<\/strong> a v\u00e9cu la vie de <a href=\"https:\/\/actu.fr\/nouvelle-aquitaine\/limoges_87085\/sans-papiers-a-limoges-la-polemique-enfle-autour-du-maire-voici-sa-reponse_63468347.html\" target=\"_blank\" rel=\"noopener\">sans-papiers<\/a> \u00e0 <a href=\"https:\/\/actu.fr\/strasbourg\/\" target=\"_blank\" rel=\"noopener\">Strasbourg<\/a>. Aid\u00e9e, elle et <strong>ses cinq enfants<\/strong>, par une association locale, elle a d\u00e9sormais \u00e9volu\u00e9 dans la vie et exerce <strong>plusieurs activit\u00e9s<\/strong> sur le territoire.<\/p>\n<p>Arriv\u00e9e \u00e0 Strasbourg apr\u00e8s des d\u00e9boires en Italie<\/p>\n<p class=\" wall-content\">A\u00efcha quitte l\u2019<strong>Angola<\/strong>, son pays natal, \u00e0 l\u2019\u00e2ge de 14\u00a0ans pour rejoindre Bologne en <a href=\"https:\/\/actu.fr\/tag\/italie\" target=\"_blank\" rel=\"noopener\">Italie<\/a> o\u00f9 se trouve d\u00e9j\u00e0 une partie de sa famille. L\u00e0-bas elle est <strong>battue et viol\u00e9e<\/strong> par son beau-p\u00e8re chaque jour, sa m\u00e8re et le reste de sa famille d\u00e9cident de ne pas la croire. Elle part alors pour Strasbourg afin de fuir en 2003.<\/p>\n<p class=\" wall-content\">Accompagn\u00e9e de son mari, elle vit sans-papiers dans la capitale alsacienne. \u00ab\u2009Je suis venue <strong>sans savoir \u00e9crire ni parler fran\u00e7ais<\/strong>, c\u2019\u00e9tait tr\u00e8s difficile. Mon mari ne gagnait que 500\u00a0euros\/mois en travaillant \u00e0 l\u2019int\u00e9rim et moi je n\u2019avais pas de revenu\u2009\u00bb, explique-t-elle.<\/p>\n<blockquote class=\"ac-article-quote wall-content\">\n<p>Un soir, en 2005, je suis sortie pleurer en bas de mon immeuble car trop de souffrances s&rsquo;accumulaient et une personne est venue me demander si j\u2019avais besoin d\u2019aide. Il a \u00e9crit \u00e0 l\u2019association Caritas et les choses ont commenc\u00e9 \u00e0 se redresser.<\/p>\n<p>    <strong>A\u00efcha Capitao da Costa<\/strong>\n            <\/p><\/blockquote>\n<p>L\u2019aide de l\u2019association Caritas d\u00e9terminante<\/p>\n<p class=\" wall-content\">Caritas Alsace r\u00e9seau Secours Catholique est une association qui a accompagn\u00e9 <strong>20\u2009000 foyers<\/strong> dans des conditions difficiles en Alsace en 2024.<\/p>\n<p class=\" wall-content\">\u00ab\u2009Aller avec Caritas me faisait <strong>oublier mes souffrances<\/strong>. L\u2019association offrait des cadeaux \u00e0 mes enfants, les aidait \u00e0 faire leurs devoirs. Elle m\u2019aidait aussi avec les d\u00e9marches administratives pour obtenir des aides.\u2009\u00bb<\/p>\n<p>Trois activit\u00e9s \u00e0 mener d\u00e9sormais<\/p>\n<p class=\" wall-content\">Alors qu\u2019en moyenne, il faut six g\u00e9n\u00e9rations pour sortir de la pr\u00e9carit\u00e9 d\u2019apr\u00e8s l\u2019OCDE, A\u00efcha a, elle, v\u00e9cu <strong>un rebond social rare<\/strong>. Ses cinq enfants sont en emploi stable, suivent des \u00e9tudes (droit et m\u00e9decine) ou sont scolaris\u00e9s dans le secondaire.<\/p>\n<p>Votre r\u00e9gion, votre actu !<\/p>\n<p>Recevez chaque jour les infos qui comptent pour vous.<\/p>\n<p>\t<a href=\"https:\/\/actu.fr\/newsletter\" class=\"ac-btn ac-btn--corner ac-btn--medium ac-btn--blue800\" target=\"_blank\" rel=\"noopener\">S&rsquo;incrire<\/a><\/p>\n<p class=\" wall-content\">Elle-m\u00eame est <strong>employ\u00e9e en CDI<\/strong> en tant qu\u2019\u00e9ducatrice sp\u00e9cialis\u00e9e et a mont\u00e9 sa propre entreprise de traiteur, <a href=\"http:\/\/instagram.com\/delices_capitao_traiteur\/\" target=\"_blank\" rel=\"noopener\">Delices Capitao<\/a>, en 2022. Afin de rendre \u00e0 Caritas ce qu\u2019elle lui a donn\u00e9, A\u00efcha est aussi <strong>devenue b\u00e9n\u00e9vole<\/strong> en 2020\u00a0pour l\u2019association.<\/p>\n<p class=\" wall-content\">Personnalisez votre actualit\u00e9 en ajoutant vos villes et m\u00e9dias en favori avec <a href=\"https:\/\/moncompte.actu.fr\" title=\"D\u00e9couvez Mon Actu\" rel=\"nofollow noopener\" data-trk=\"{&quot;cta&quot;:{&quot;action&quot;:&quot;https:\\\/\\\/moncompte.actu.fr&quot;,&quot;category&quot;:&quot;mon compte&quot;,&quot;from&quot;:&quot;article footer&quot;,&quot;name&quot;:&quot;Mon actu&quot;,&quot;type&quot;:&quot;cta&quot;}}\" target=\"_blank\">Mon Actu<\/a>.<\/p>\n<p>                    <script async src=\"\/\/www.instagram.com\/embed.js\"><\/script><\/p>\n","protected":false},"excerpt":{"rendered":"Par Thomas Blanc Publi\u00e9 le 30 nov. 2025 \u00e0 18h02 Arriv\u00e9e en France en 2003, A\u00efcha Capitao a&hellip;\n","protected":false},"author":2,"featured_media":569395,"comment_status":"","ping_status":"","sticky":false,"template":"","format":"standard","meta":{"footnotes":""},"categories":[2820],"tags":[1111,11,1777,674,1011,27,775,12,4518,25,104,640],"class_list":{"0":"post-569394","1":"post","2":"type-post","3":"status-publish","4":"format-standard","5":"has-post-thumbnail","7":"category-strasbourg","8":"tag-actu","9":"tag-actualites","10":"tag-eu","11":"tag-europe","12":"tag-fr","13":"tag-france","14":"tag-grand-est","15":"tag-news","16":"tag-pauvrete","17":"tag-republique-francaise","18":"tag-societe","19":"tag-strasbourg"},"share_on_mastodon":{"url":"","error":""},"_links":{"self":[{"href":"https:\/\/www.europesays.com\/fr\/wp-json\/wp\/v2\/posts\/569394","targetHints":{"allow":["GET"]}}],"collection":[{"href":"https:\/\/www.europesays.com\/fr\/wp-json\/wp\/v2\/posts"}],"about":[{"href":"https:\/\/www.europesays.com\/fr\/wp-json\/wp\/v2\/types\/post"}],"author":[{"embeddable":true,"href":"https:\/\/www.europesays.com\/fr\/wp-json\/wp\/v2\/users\/2"}],"replies":[{"embeddable":true,"href":"https:\/\/www.europesays.com\/fr\/wp-json\/wp\/v2\/comments?post=569394"}],"version-history":[{"count":0,"href":"https:\/\/www.europesays.com\/fr\/wp-json\/wp\/v2\/posts\/569394\/revisions"}],"wp:featuredmedia":[{"embeddable":true,"href":"https:\/\/www.europesays.com\/fr\/wp-json\/wp\/v2\/media\/569395"}],"wp:attachment":[{"href":"https:\/\/www.europesays.com\/fr\/wp-json\/wp\/v2\/media?parent=569394"}],"wp:term":[{"taxonomy":"category","embeddable":true,"href":"https:\/\/www.europesays.com\/fr\/wp-json\/wp\/v2\/categories?post=569394"},{"taxonomy":"post_tag","embeddable":true,"href":"https:\/\/www.europesays.com\/fr\/wp-json\/wp\/v2\/tags?post=569394"}],"curies":[{"name":"wp","href":"https:\/\/api.w.org\/{rel}","templated":true}]}}