{"id":569400,"date":"2025-11-30T18:25:12","date_gmt":"2025-11-30T18:25:12","guid":{"rendered":"https:\/\/www.europesays.com\/fr\/569400\/"},"modified":"2025-11-30T18:25:12","modified_gmt":"2025-11-30T18:25:12","slug":"battu-a-lorient-3-1-logc-nice-nen-finit-plus-de-sombrer","status":"publish","type":"post","link":"https:\/\/www.europesays.com\/fr\/569400\/","title":{"rendered":"Battu \u00e0 Lorient (3-1), l\u2019OGC Nice n\u2019en finit plus de sombrer"},"content":{"rendered":"<p class=\"fs-5 \">Face aux Merlus, en position de barragistes avant la rencontre et qui n\u2019avaient plus gagn\u00e9 depuis sept matchs, Nice avait pourtant l\u2019occasion de se relancer en Ligue 1 apr\u00e8s une s\u00e9rie noire de cinq revers de rang toutes comp\u00e9titions confondues. Mais face \u00e0 un adversaire largement \u00e0 sa port\u00e9e, le Gym, malgr\u00e9 quelques bonnes intentions, a encore sombr\u00e9 malgr\u00e9 une bonne entame.<\/p>\n<p class=\"fs-5 \">La premi\u00e8re p\u00e9riode voyait les Aiglons dominer les d\u00e9bats. Ils avaient la possession, les occasions, montraient de bons encha\u00eenements offensifs. Ils ouvraient m\u00eame rapidement le score sur un centre travaill\u00e9 de Cho d\u00e9vi\u00e9 par la t\u00eate du Lorientais Avom (0-1, 12\u2019). Mais, comme face \u00e0 l\u2019OM et \u00e0 Porto, les Ni\u00e7ois manquaient cruellement de r\u00e9alisme. Cho avait d\u00e9j\u00e0 rat\u00e9 l\u2019immanquable en excellente position dans la surface (5\u2019) avant que Louchet ne trouve le poteau (43\u2019) et que Gouveia ne bute sur Mvogo, \u00e0 l\u2019issue d\u2019une jolie combinaison (45\u2019+1).<\/p>\n<p class=\"fs-5 \">Vous avez compris le sc\u00e9nario&#8230;<\/p>\n<p class=\"fs-5 \">Les Bretons, eux, n\u2019ont pas manqu\u00e9 leurs opportunit\u00e9s. Ils ont eu deux dans le premier acte et ont marqu\u00e9&#8230; deux fois\u00a0! Deux opportunit\u00e9s offertes par les Azur\u00e9ens en prime. Ils ont d\u2019abord profit\u00e9 d\u2019une erreur de relance de Mendy pour \u00e9galiser sur une frappe de 20 m de Abergel (1-1, 31\u2019). Puis d\u2019une absence d\u00e9fensive pour prendre l\u2019avantage juste avant la pause gr\u00e2ce \u00e0 l\u2019opportuniste Soumano (2-1, 45\u2019+2).<\/p>\n<p class=\"fs-5 \">Nice ne m\u00e9ritait pas d\u2019\u00eatre men\u00e9 \u00e0 la pause mais c\u2019\u00e9tait le cas.<\/p>\n<p>                                                                                La t\u00eate dans le seau<\/p>\n<p class=\"fs-5 \">Les Ni\u00e7ois avaient la t\u00eate dans le seau et Lorient les assommait encore une fois au retour des vestiaires. Diouf sauvait d\u2019abord devant Soumano mais sur le corner qui suivait, ce dernier, \u00e0 l\u2019aff\u00fbt, se r\u00e9galait de la f\u00e9brilit\u00e9 azur\u00e9enne pour donner deux buts d\u2019avance aux siens (3-1, 53\u2019).<\/p>\n<p>Franck Haise faisait alors un triple changement en faisant entrer Carlos, Abdi et Jansson \u00e0 la place de Diop (transparent), Oppong (bless\u00e9) et Gouveia. Carlos s\u2019illustrait dans la foul\u00e9e mais Mvogo sortait miraculeusement sa t\u00eate (63\u2019). Rien ne souriait.<\/p>\n<p class=\"fs-5 \">Le coach ni\u00e7ois sortait ses derni\u00e8res cartouches en suppl\u00e9ant Abdul Samed et Cho par Sanson et Boga. En vain&#8230;<\/p>\n<p class=\"fs-5 \">L\u2019addition aurait m\u00eame pu \u00eatre plus lourde sans les sauvetages de Diouf en fin de match.<\/p>\n<p>Le Gym \u00e9tait encore battu et s\u2019enfonce encore un peu plus dans la crise.<\/p>\n<p class=\"fs-5 \">Toujours 10e au classement, Nice voit cependant toutes les \u00e9quipes du bas du classement se rapprocher dangereusement.<\/p>\n","protected":false},"excerpt":{"rendered":"Face aux Merlus, en position de barragistes avant la rencontre et qui n\u2019avaient plus gagn\u00e9 depuis sept matchs,&hellip;\n","protected":false},"author":2,"featured_media":569401,"comment_status":"","ping_status":"","sticky":false,"template":"","format":"standard","meta":{"footnotes":""},"categories":[2819],"tags":[1111,11,1777,674,1011,27,12,2401,54521,882,25],"class_list":{"0":"post-569400","1":"post","2":"type-post","3":"status-publish","4":"format-standard","5":"has-post-thumbnail","7":"category-nice","8":"tag-actu","9":"tag-actualites","10":"tag-eu","11":"tag-europe","12":"tag-fr","13":"tag-france","14":"tag-news","15":"tag-nice","16":"tag-ogcnice","17":"tag-provence-alpes-cote-dazur","18":"tag-republique-francaise"},"share_on_mastodon":{"url":"https:\/\/pubeurope.com\/@fr\/115640056164770443","error":""},"_links":{"self":[{"href":"https:\/\/www.europesays.com\/fr\/wp-json\/wp\/v2\/posts\/569400","targetHints":{"allow":["GET"]}}],"collection":[{"href":"https:\/\/www.europesays.com\/fr\/wp-json\/wp\/v2\/posts"}],"about":[{"href":"https:\/\/www.europesays.com\/fr\/wp-json\/wp\/v2\/types\/post"}],"author":[{"embeddable":true,"href":"https:\/\/www.europesays.com\/fr\/wp-json\/wp\/v2\/users\/2"}],"replies":[{"embeddable":true,"href":"https:\/\/www.europesays.com\/fr\/wp-json\/wp\/v2\/comments?post=569400"}],"version-history":[{"count":0,"href":"https:\/\/www.europesays.com\/fr\/wp-json\/wp\/v2\/posts\/569400\/revisions"}],"wp:featuredmedia":[{"embeddable":true,"href":"https:\/\/www.europesays.com\/fr\/wp-json\/wp\/v2\/media\/569401"}],"wp:attachment":[{"href":"https:\/\/www.europesays.com\/fr\/wp-json\/wp\/v2\/media?parent=569400"}],"wp:term":[{"taxonomy":"category","embeddable":true,"href":"https:\/\/www.europesays.com\/fr\/wp-json\/wp\/v2\/categories?post=569400"},{"taxonomy":"post_tag","embeddable":true,"href":"https:\/\/www.europesays.com\/fr\/wp-json\/wp\/v2\/tags?post=569400"}],"curies":[{"name":"wp","href":"https:\/\/api.w.org\/{rel}","templated":true}]}}