{"id":569402,"date":"2025-11-30T18:26:12","date_gmt":"2025-11-30T18:26:12","guid":{"rendered":"https:\/\/www.europesays.com\/fr\/569402\/"},"modified":"2025-11-30T18:26:12","modified_gmt":"2025-11-30T18:26:12","slug":"cette-rocambolesque-cyberattaque-pourrait-couter-tres-cher-a-un-informaticien-rennais","status":"publish","type":"post","link":"https:\/\/www.europesays.com\/fr\/569402\/","title":{"rendered":"Cette rocambolesque cyberattaque pourrait co\u00fbter tr\u00e8s cher \u00e0 un informaticien rennais"},"content":{"rendered":"<p>Retour au tribunal pour Bastien L., poursuivi pour \u00eatre derri\u00e8re la cyberattaque qui avait vis\u00e9 son ancien employeur, Hospi Grand Ouest. Ce lundi 1er d\u00e9cembre, apr\u00e8s deux renvois, cet informaticien rennais de 27 ans doit, en effet, \u00eatre jug\u00e9, \u00e0 Paris, dans cette affaire. Sous r\u00e9serve que la juridiction retienne le dossier. Selon nos informations, son avocat, Antonin Devivier, qui n\u2019a pas souhait\u00e9 faire de commentaires aupr\u00e8s du T\u00e9l\u00e9gramme, devrait demander un suppl\u00e9ment d\u2019information. Ces investigations devraient permettre d\u2019\u00e9valuer si, \u00e0 l\u2019\u00e9poque des faits, le discernement du pr\u00e9venu avait \u00e9t\u00e9 alt\u00e9r\u00e9 ou aboli \u00e0 cause d\u2019un \u00ab\u00a0harc\u00e8lement professionnel\u00a0\u00bb, qu\u2019Hospi Grand Ouest conteste.<\/p>\n<p>Frustration et manque de reconnaissance professionnelle<\/p>\n<p>En octobre 2024, ce groupe de sant\u00e9, qui g\u00e8re onze \u00e9tablissements de sant\u00e9 dans l\u2019Ouest, dont six en Bretagne (dont les cliniques mutualistes de Bretagne occidentale \u00e0 Quimper ou de la Porte de l\u2019Orient \u00e0 Lorient, l\u2019H\u00f4pital priv\u00e9 des C\u00f4tes-d\u2019Armor \u00e0 Pl\u00e9rin\u2026), avait d\u2019abord \u00e9t\u00e9 cibl\u00e9 par une attaque informatique en d\u00e9ni de service, cette fa\u00e7on de bloquer l\u2019acc\u00e8s \u00e0 un site internet en le saturant de requ\u00eates. Puis, outre la divulgation de plusieurs milliers de mots de passe, une demande de ran\u00e7on d\u2019environ 650\u00a0000 dollars avait ensuite \u00e9t\u00e9 re\u00e7ue.<\/p>\n<p>Mais la th\u00e8se d\u2019un piratage men\u00e9 par des mena\u00e7ants hackers russes &#8211; les attaquants pr\u00e9tendaient, par exemple, avoir plac\u00e9 une \u00ab\u00a0bombe dormante\u00a0\u00bb dans l\u2019informatique &#8211; avait fait long feu. En garde \u00e0 vue, \u00e0 la mi-d\u00e9cembre 2024, un ancien employ\u00e9, Bastien L., avait finalement avou\u00e9 \u00eatre derri\u00e8re l\u2019intrusion. Il justifiait ce piratage par de la frustration et un manque de reconnaissance professionnelle. Le jeune homme, en p\u00e9riode d\u2019essai au moment des faits, indiquera avoir alert\u00e9 plusieurs fois, en vain, ses sup\u00e9rieurs sur la pr\u00e9sence de failles informatiques.<\/p>\n<p>Cyber-pompier pyromane<\/p>\n<p>Dans nos colonnes, en d\u00e9cembre 2024, il assurait \u00e9galement ne pas avoir cherch\u00e9 \u00e0 dissimuler ses traces. Mais l\u2019enqu\u00eate des gendarmes laisse entrevoir un autre sc\u00e9nario. Un courrier \u00e9lectronique sugg\u00e8re ainsi que le pr\u00e9venu cherchait \u00e0 devenir le \u00ab\u00a0cyber-pompier\u00a0\u00bb de cette attaque informatique, qu\u2019il est soup\u00e7onn\u00e9 d\u2019avoir maniganc\u00e9. Dans ce mail, envoy\u00e9 en pleine crise \u00e0 l\u2019un des directeurs d\u2019Hospi Grand Ouest, l\u2019administrateur syst\u00e8mes et r\u00e9seaux &#8211; une fonction en dehors du p\u00e9rim\u00e8tre de la s\u00e9curit\u00e9 informatique -, expliquait, en substance, avoir une solide exp\u00e9rience dans la cybers\u00e9curit\u00e9 et pouvoir aider \u00e0 la r\u00e9solution de l\u2019attaque.<\/p>\n<p>L\u2019un de ses proches, entendu par les enqu\u00eateurs, avait, lui, eu vent d\u2019une autre version encore plus romanesque. Apr\u00e8s avoir identifi\u00e9 des failles dans l\u2019informatique de son employeur, l\u2019ordinateur de Bastien L. aurait \u00e9t\u00e9 d\u00e9tourn\u00e9 par des cybercriminels pour mener la campagne malveillante, avait-il compris.<\/p>\n<p>Quoi qu\u2019il en soit, l\u2019histoire pourrait co\u00fbter tr\u00e8s cher, aujourd\u2019hui, au pr\u00e9venu. L\u2019\u00e9valuation du pr\u00e9judice de la partie civile, pas encore connue, devrait \u00eatre consid\u00e9rable. Apr\u00e8s la cyberattaque, le groupement d\u2019int\u00e9r\u00eat \u00e9conomique bas\u00e9 \u00e0 Nantes, qui avait r\u00e9alis\u00e9, en 2024, un chiffre d\u2019affaires de 460 millions d\u2019euros, avait mis six semaines pour reconstruire une infrastructure s\u00e9curis\u00e9e.<\/p>\n","protected":false},"excerpt":{"rendered":"Retour au tribunal pour Bastien L., poursuivi pour \u00eatre derri\u00e8re la cyberattaque qui avait vis\u00e9 son ancien employeur,&hellip;\n","protected":false},"author":2,"featured_media":569403,"comment_status":"","ping_status":"","sticky":false,"template":"","format":"standard","meta":{"footnotes":""},"categories":[2818],"tags":[1111,11,829,2171,765,1777,674,3321,1011,27,848,303,3729,766,12,2636,584,25],"class_list":{"0":"post-569402","1":"post","2":"type-post","3":"status-publish","4":"format-standard","5":"has-post-thumbnail","7":"category-nantes","8":"tag-actu","9":"tag-actualites","10":"tag-bretagne","11":"tag-cotes-darmor","12":"tag-en-continu","13":"tag-eu","14":"tag-europe","15":"tag-finistere","16":"tag-fr","17":"tag-france","18":"tag-ille-et-vilaine","19":"tag-justice","20":"tag-morbihan","21":"tag-nantes","22":"tag-news","23":"tag-pays-de-la-loire","24":"tag-rennes","25":"tag-republique-francaise"},"share_on_mastodon":{"url":"https:\/\/pubeurope.com\/@fr\/115640060412622220","error":""},"_links":{"self":[{"href":"https:\/\/www.europesays.com\/fr\/wp-json\/wp\/v2\/posts\/569402","targetHints":{"allow":["GET"]}}],"collection":[{"href":"https:\/\/www.europesays.com\/fr\/wp-json\/wp\/v2\/posts"}],"about":[{"href":"https:\/\/www.europesays.com\/fr\/wp-json\/wp\/v2\/types\/post"}],"author":[{"embeddable":true,"href":"https:\/\/www.europesays.com\/fr\/wp-json\/wp\/v2\/users\/2"}],"replies":[{"embeddable":true,"href":"https:\/\/www.europesays.com\/fr\/wp-json\/wp\/v2\/comments?post=569402"}],"version-history":[{"count":0,"href":"https:\/\/www.europesays.com\/fr\/wp-json\/wp\/v2\/posts\/569402\/revisions"}],"wp:featuredmedia":[{"embeddable":true,"href":"https:\/\/www.europesays.com\/fr\/wp-json\/wp\/v2\/media\/569403"}],"wp:attachment":[{"href":"https:\/\/www.europesays.com\/fr\/wp-json\/wp\/v2\/media?parent=569402"}],"wp:term":[{"taxonomy":"category","embeddable":true,"href":"https:\/\/www.europesays.com\/fr\/wp-json\/wp\/v2\/categories?post=569402"},{"taxonomy":"post_tag","embeddable":true,"href":"https:\/\/www.europesays.com\/fr\/wp-json\/wp\/v2\/tags?post=569402"}],"curies":[{"name":"wp","href":"https:\/\/api.w.org\/{rel}","templated":true}]}}