{"id":569406,"date":"2025-11-30T18:28:10","date_gmt":"2025-11-30T18:28:10","guid":{"rendered":"https:\/\/www.europesays.com\/fr\/569406\/"},"modified":"2025-11-30T18:28:10","modified_gmt":"2025-11-30T18:28:10","slug":"a-villenave-dornon-une-reunion-publique-sur-la-surexposition-des-riverains-de-la-vigne","status":"publish","type":"post","link":"https:\/\/www.europesays.com\/fr\/569406\/","title":{"rendered":"\u00e0 Villenave-d\u2019Ornon, une r\u00e9union publique sur la surexposition des riverains de la vigne"},"content":{"rendered":"<p>Cyril Giraud, de l\u2019ONG G\u00e9n\u00e9rations futures, Raymond Rodriguez, maire de Gauriac, Dominique Forget, directeur du ch\u00e2teau Couhins, et Ghislaine Bouvier, chercheuse en sant\u00e9 environnementale, r\u00e9pondront aux questions du public.<\/p>\n<p>Cheveux villenavais<\/p>\n<p>Les \u00e9changes s\u2019articuleront autour des conclusions <a href=\"https:\/\/www.sudouest.fr\/sante\/pesticides-vignes-et-sante-tout-ce-que-ne-dit-pas-la-nouvelle-etude-pestiriv-25939022.php\" target=\"_blank\" rel=\"follow noopener\">de l\u2019\u00e9tude Pestiriv<\/a>. Des Villenavais figurent parmi les 3\u00a0000\u00a0personnes dont les cheveux ont \u00e9t\u00e9 pass\u00e9s \u00e0 la loupe par l\u2019Agence nationale de s\u00e9curit\u00e9 sanitaire de l\u2019alimentation et Sant\u00e9 publique France, \u00e0 la recherche de traces de produits phytosanitaires.<\/p>\n","protected":false},"excerpt":{"rendered":"Cyril Giraud, de l\u2019ONG G\u00e9n\u00e9rations futures, Raymond Rodriguez, maire de Gauriac, Dominique Forget, directeur du ch\u00e2teau Couhins, et&hellip;\n","protected":false},"author":2,"featured_media":569407,"comment_status":"","ping_status":"","sticky":false,"template":"","format":"standard","meta":{"footnotes":""},"categories":[2817],"tags":[1111,11,1997,1777,674,1011,27,12,2219,25],"class_list":{"0":"post-569406","1":"post","2":"type-post","3":"status-publish","4":"format-standard","5":"has-post-thumbnail","7":"category-bordeaux","8":"tag-actu","9":"tag-actualites","10":"tag-bordeaux","11":"tag-eu","12":"tag-europe","13":"tag-fr","14":"tag-france","15":"tag-news","16":"tag-nouvelle-aquitaine","17":"tag-republique-francaise"},"share_on_mastodon":{"url":"https:\/\/pubeurope.com\/@fr\/115640067928581695","error":""},"_links":{"self":[{"href":"https:\/\/www.europesays.com\/fr\/wp-json\/wp\/v2\/posts\/569406","targetHints":{"allow":["GET"]}}],"collection":[{"href":"https:\/\/www.europesays.com\/fr\/wp-json\/wp\/v2\/posts"}],"about":[{"href":"https:\/\/www.europesays.com\/fr\/wp-json\/wp\/v2\/types\/post"}],"author":[{"embeddable":true,"href":"https:\/\/www.europesays.com\/fr\/wp-json\/wp\/v2\/users\/2"}],"replies":[{"embeddable":true,"href":"https:\/\/www.europesays.com\/fr\/wp-json\/wp\/v2\/comments?post=569406"}],"version-history":[{"count":0,"href":"https:\/\/www.europesays.com\/fr\/wp-json\/wp\/v2\/posts\/569406\/revisions"}],"wp:featuredmedia":[{"embeddable":true,"href":"https:\/\/www.europesays.com\/fr\/wp-json\/wp\/v2\/media\/569407"}],"wp:attachment":[{"href":"https:\/\/www.europesays.com\/fr\/wp-json\/wp\/v2\/media?parent=569406"}],"wp:term":[{"taxonomy":"category","embeddable":true,"href":"https:\/\/www.europesays.com\/fr\/wp-json\/wp\/v2\/categories?post=569406"},{"taxonomy":"post_tag","embeddable":true,"href":"https:\/\/www.europesays.com\/fr\/wp-json\/wp\/v2\/tags?post=569406"}],"curies":[{"name":"wp","href":"https:\/\/api.w.org\/{rel}","templated":true}]}}