{"id":569408,"date":"2025-11-30T18:29:12","date_gmt":"2025-11-30T18:29:12","guid":{"rendered":"https:\/\/www.europesays.com\/fr\/569408\/"},"modified":"2025-11-30T18:29:12","modified_gmt":"2025-11-30T18:29:12","slug":"coupe-de-france-face-a-bordeaux-lasmur-sest-offert-le-droit-dy-croire","status":"publish","type":"post","link":"https:\/\/www.europesays.com\/fr\/569408\/","title":{"rendered":"Coupe de France. Face \u00e0 Bordeaux, l\u2019Asmur s\u2019est offert le droit d\u2019y croire"},"content":{"rendered":"<p>\u00ab\u00a0Il y a forc\u00e9ment des regrets parce qu\u2019on y a cru alors que jamais on aurait pens\u00e9 y croire\u00a0\u00bb, avouait d\u2019ailleurs Valentin Seger apr\u00e8s coup. Effectivement, avant de se faire renverser durant le second acte, les joueurs de l\u2019Asmur ont offert une premi\u00e8re p\u00e9riode quasi parfaite dans un Nouste Camp abasourdi par les offensives l\u00e9tales de Lagui (2e, 45e+\u00a02) et Esponde (33e). \u00ab\u00a0On est fiers d\u2019avoir montr\u00e9 l\u2019Asmur et montr\u00e9 notre identit\u00e9 \u00e0 tout le monde pendant 45 minutes\u00a0\u00bb, l\u00e2chait l\u2019entra\u00eeneur Jean-No\u00ebl Latour au coup de sifflet final. \u00ab\u00a0La premi\u00e8re mi-temps est \u00e0 l\u2019image de ce qu\u2019on voulait faire, \u00e0 la perfection, quasiment.\u00a0\u00bb<\/p>\n<p>Une action de classe<\/p>\n<p>Et quand le technicien maz\u00e9rois utilise le mot \u00ab\u00a0perfection\u00a0\u00bb, c\u2019est sans aucun doute en pensant \u00e0 l\u2019action collective de haut vol qui avait permis \u00e0 ses hommes de mener de trois buts juste avant le repos\u00a0: \u00ab\u00a0On leur a fait de l\u2019Asmur sur le troisi\u00e8me but et je pense qu\u2019on s\u2019en souviendra longtemps de celui-l\u00e0. C\u2019est pour \u00e7a qu\u2019on travaille depuis un an et demi.\u00a0\u00bb<\/p>\n","protected":false},"excerpt":{"rendered":"\u00ab\u00a0Il y a forc\u00e9ment des regrets parce qu\u2019on y a cru alors que jamais on aurait pens\u00e9 y&hellip;\n","protected":false},"author":2,"featured_media":569409,"comment_status":"","ping_status":"","sticky":false,"template":"","format":"standard","meta":{"footnotes":""},"categories":[2817],"tags":[1111,11,1997,1777,674,1011,27,12,2219,25],"class_list":{"0":"post-569408","1":"post","2":"type-post","3":"status-publish","4":"format-standard","5":"has-post-thumbnail","7":"category-bordeaux","8":"tag-actu","9":"tag-actualites","10":"tag-bordeaux","11":"tag-eu","12":"tag-europe","13":"tag-fr","14":"tag-france","15":"tag-news","16":"tag-nouvelle-aquitaine","17":"tag-republique-francaise"},"share_on_mastodon":{"url":"https:\/\/pubeurope.com\/@fr\/115640071925268052","error":""},"_links":{"self":[{"href":"https:\/\/www.europesays.com\/fr\/wp-json\/wp\/v2\/posts\/569408","targetHints":{"allow":["GET"]}}],"collection":[{"href":"https:\/\/www.europesays.com\/fr\/wp-json\/wp\/v2\/posts"}],"about":[{"href":"https:\/\/www.europesays.com\/fr\/wp-json\/wp\/v2\/types\/post"}],"author":[{"embeddable":true,"href":"https:\/\/www.europesays.com\/fr\/wp-json\/wp\/v2\/users\/2"}],"replies":[{"embeddable":true,"href":"https:\/\/www.europesays.com\/fr\/wp-json\/wp\/v2\/comments?post=569408"}],"version-history":[{"count":0,"href":"https:\/\/www.europesays.com\/fr\/wp-json\/wp\/v2\/posts\/569408\/revisions"}],"wp:featuredmedia":[{"embeddable":true,"href":"https:\/\/www.europesays.com\/fr\/wp-json\/wp\/v2\/media\/569409"}],"wp:attachment":[{"href":"https:\/\/www.europesays.com\/fr\/wp-json\/wp\/v2\/media?parent=569408"}],"wp:term":[{"taxonomy":"category","embeddable":true,"href":"https:\/\/www.europesays.com\/fr\/wp-json\/wp\/v2\/categories?post=569408"},{"taxonomy":"post_tag","embeddable":true,"href":"https:\/\/www.europesays.com\/fr\/wp-json\/wp\/v2\/tags?post=569408"}],"curies":[{"name":"wp","href":"https:\/\/api.w.org\/{rel}","templated":true}]}}