{"id":569410,"date":"2025-11-30T18:30:16","date_gmt":"2025-11-30T18:30:16","guid":{"rendered":"https:\/\/www.europesays.com\/fr\/569410\/"},"modified":"2025-11-30T18:30:16","modified_gmt":"2025-11-30T18:30:16","slug":"le-professeur-fati-nourhashemi-a-ete-reelue-presidente-de-la-commission-medicale-detablissement","status":"publish","type":"post","link":"https:\/\/www.europesays.com\/fr\/569410\/","title":{"rendered":"Le professeur Fati Nourhashemi a \u00e9t\u00e9 r\u00e9\u00e9lue pr\u00e9sidente de la commission m\u00e9dicale d\u2019\u00e9tablissement"},"content":{"rendered":"<p>Le CHU de Toulouse annonce que le professeur Fati Nourhashemi a \u00e9t\u00e9 r\u00e9\u00e9lue pr\u00e9sidente de la commission m\u00e9dicale d\u2019\u00e9tablissement (CME)\u00a0[<a href=\"#nb1\" class=\"spip_note\" rel=\"appendix\" title=\"La commission m\u00e9dicale d\u2019\u00e9tablissement constitue, en France, dans chaque\u00a0(\u2026)\" id=\"nh1\">1<\/a>]. Le docteur B\u00e9atrice Riu-Poulenc poursuit sa mission dans sa fonction de vice-pr\u00e9sidente aux c\u00f4t\u00e9s du docteur Jean-Fran\u00e7ois Albucher, \u00e9lu vice-pr\u00e9sident de la CME\u00a0[<a href=\"#nb2\" class=\"spip_note\" rel=\"appendix\" title=\"Il succ\u00e8de \u00e0 Isabelle Oliver-Petit, vice-pr\u00e9sidente sortante, copr\u00e9sidente\u00a0(\u2026)\" id=\"nh2\">2<\/a>].<\/p>\n<p>Le professeur Fati Nourhashemi, dont l\u2019ensemble du parcours universitaire s\u2019est d\u00e9roul\u00e9 \u00e0 Toulouse, est sp\u00e9cialis\u00e9e en rhumatologie et en g\u00e9riatrie. Nomm\u00e9e professeur des universit\u00e9s en 2004, elle a dirig\u00e9 le p\u00f4le de g\u00e9riatrie du CHU de Toulouse de 2015 \u00e0 2021. Elle est aujourd\u2019hui chef de service de m\u00e9decine interne et de g\u00e9riatrie du CHU de Toulouse.<\/p>\n<p>Notes<\/p>\n<p>[<a href=\"#nh1\" class=\"spip_note\" title=\"Notes 1\" rev=\"appendix\">1<\/a>]\u00a0La commission m\u00e9dicale d\u2019\u00e9tablissement constitue, en France, dans chaque \u00e9tablissement public de sant\u00e9, l\u2019instance repr\u00e9sentative de la communaut\u00e9 m\u00e9dicale, pharmaceutique et odontologique.<\/p>\n<p>[<a href=\"#nh2\" class=\"spip_note\" title=\"Notes 2\" rev=\"appendix\">2<\/a>]\u00a0Il succ\u00e8de \u00e0 Isabelle Oliver-Petit, vice-pr\u00e9sidente sortante, copr\u00e9sidente de la Commission du num\u00e9rique et du dossier patient.<\/p>\n","protected":false},"excerpt":{"rendered":"Le CHU de Toulouse annonce que le professeur Fati Nourhashemi a \u00e9t\u00e9 r\u00e9\u00e9lue pr\u00e9sidente de la commission m\u00e9dicale&hellip;\n","protected":false},"author":2,"featured_media":373637,"comment_status":"","ping_status":"","sticky":false,"template":"","format":"standard","meta":{"footnotes":""},"categories":[2816],"tags":[1111,11,2630,1777,674,1011,27,8701,12,2680,25,71,2312],"class_list":{"0":"post-569410","1":"post","2":"type-post","3":"status-publish","4":"format-standard","5":"has-post-thumbnail","7":"category-toulouse","8":"tag-actu","9":"tag-actualites","10":"tag-chu-de-toulouse","11":"tag-eu","12":"tag-europe","13":"tag-fr","14":"tag-france","15":"tag-medical","16":"tag-news","17":"tag-occitanie","18":"tag-republique-francaise","19":"tag-sante","20":"tag-toulouse"},"share_on_mastodon":{"url":"https:\/\/pubeurope.com\/@fr\/115640075781299873","error":""},"_links":{"self":[{"href":"https:\/\/www.europesays.com\/fr\/wp-json\/wp\/v2\/posts\/569410","targetHints":{"allow":["GET"]}}],"collection":[{"href":"https:\/\/www.europesays.com\/fr\/wp-json\/wp\/v2\/posts"}],"about":[{"href":"https:\/\/www.europesays.com\/fr\/wp-json\/wp\/v2\/types\/post"}],"author":[{"embeddable":true,"href":"https:\/\/www.europesays.com\/fr\/wp-json\/wp\/v2\/users\/2"}],"replies":[{"embeddable":true,"href":"https:\/\/www.europesays.com\/fr\/wp-json\/wp\/v2\/comments?post=569410"}],"version-history":[{"count":0,"href":"https:\/\/www.europesays.com\/fr\/wp-json\/wp\/v2\/posts\/569410\/revisions"}],"wp:featuredmedia":[{"embeddable":true,"href":"https:\/\/www.europesays.com\/fr\/wp-json\/wp\/v2\/media\/373637"}],"wp:attachment":[{"href":"https:\/\/www.europesays.com\/fr\/wp-json\/wp\/v2\/media?parent=569410"}],"wp:term":[{"taxonomy":"category","embeddable":true,"href":"https:\/\/www.europesays.com\/fr\/wp-json\/wp\/v2\/categories?post=569410"},{"taxonomy":"post_tag","embeddable":true,"href":"https:\/\/www.europesays.com\/fr\/wp-json\/wp\/v2\/tags?post=569410"}],"curies":[{"name":"wp","href":"https:\/\/api.w.org\/{rel}","templated":true}]}}