{"id":569419,"date":"2025-11-30T18:37:13","date_gmt":"2025-11-30T18:37:13","guid":{"rendered":"https:\/\/www.europesays.com\/fr\/569419\/"},"modified":"2025-11-30T18:37:13","modified_gmt":"2025-11-30T18:37:13","slug":"federale-3-naivaere-surgit-digne-simpose-a-marseille","status":"publish","type":"post","link":"https:\/\/www.europesays.com\/fr\/569419\/","title":{"rendered":"F\u00e9d\u00e9rale 3 : Naivaere surgit, Digne s&rsquo;impose \u00e0 Marseille"},"content":{"rendered":"<p><a href=\"https:\/\/www.laprovence.com\/article\/sports\/64773238878742\/rugby-federale-3-apres-un-mois-d-arret-force-les-rugbymen-dignois-repartent-enfin-au-front\" target=\"_blank\" rel=\"noopener\">\u00c0 l&rsquo;arr\u00eat depuis un mois en raison de deux rencontres report\u00e9es pour cause d&rsquo;intemp\u00e9ries<\/a>, le promu dignois a remis la machine en marche sur ce qui faisait office de pelouse au stade Delort. \u00c0 un horaire inhabituel (16h, pour permettre aux cadets marseillais de recevoir une \u00e9quipe corse \u00e0 13h avant le match des r\u00e9serves \u00e0 14h15), alors que la cit\u00e9 phoc\u00e9enne plongeait dans l&rsquo;obscurit\u00e9 apr\u00e8s un apr\u00e8s-midi au ciel mena\u00e7ant, \u00ab\u00a0Manni\u00a0\u00bb <a href=\"https:\/\/www.laprovence.com\/article\/sports\/37256004255116\/les-cles-de-la-qualification-historique-du-rc-dignois\" target=\"_blank\" rel=\"noopener\">Naivaere<\/a> s&rsquo;est \u00e9chapp\u00e9 au ras d&rsquo;un maul aux 22 m\u00e8tres pour inscrire un essai entre les poteaux (13-16, 78).<\/p>\n<p>Labour\u00e9s par deux ballons port\u00e9s<\/p>\n<p>Restait alors, sous les projecteurs du stade, \u00e0 endiguer la derni\u00e8re attaque marseillaise, ce qui fut fait non sans mal puisque l&rsquo;arbitre devait siffler la fin sur un ballon apparemment coffr\u00e9 par les Dignois dans leur en-but (80 +\u00a04). \u00ab\u00a0Les joueurs me disent qu&rsquo;il y a essai, mais le temps que l&rsquo;arbitre n&rsquo;arrive, les Dignois avaient mis la main dessous\u00a0\u00bb, a expliqu\u00e9 le coentra\u00eeneur de MRM, <a href=\"https:\/\/www.laprovence.com\/article\/sports\/3048498688141915\/rugby-federale-3-marseille-rugby-mediterranee-toujours-maitre-de-son-destin\" target=\"_blank\" rel=\"noopener\">Dominique Batby<\/a>. Frustrant, car les Marseillais tournent autour de la victoire depuis trois rencontres.<\/p>\n<p>Mais dans l&rsquo;ensemble, le succ\u00e8s des hommes de <a href=\"https:\/\/www.laprovence.com\/article\/sports\/4462194530561114\/rugby-regionale-1-notre-force-cest-lhumilite-et-la-passion-pour-le-coach-du-rc-dignois-stephane-niego\" target=\"_blank\" rel=\"noopener\">St\u00e9phane Niego<\/a> n&rsquo;est pas vol\u00e9. L&rsquo;ouverture du score, comme les meilleures intentions de jouer, ont \u00e9t\u00e9 dignoises mais aux \u00e9chapp\u00e9es le long de la ligne de S\u00e9tour, Ratu et Sau ou aux chisteras de Navai\u00e9r\u00e9, il aura manqu\u00e9 la finition ou, du moins, un peu plus de justesse dans la derni\u00e8re passe. \u00ab\u00a0C&rsquo;est un match \u00e9quilibr\u00e9 que l&rsquo;on aurait pu perdre. On a manqu\u00e9 de pragmatisme mais sur l&rsquo;ensemble, on a \u00e9t\u00e9 performants sur les m\u00eal\u00e9es et produit plus de jeu qu&rsquo;eux, a confirm\u00e9 Niego. Eux sont venus trois fois dans notre camp avant le repos et ont marqu\u00e9 deux essais.\u00a0\u00bb<\/p>\n<p>Sur la pelouse d\u00e9charn\u00e9e de Delort, les Bas-Alpins ont en effet \u00e9t\u00e9 labour\u00e9s par deux essais du talonneur Thomas Courtois (11, 24), impeccable conducteur de bus \u00e0 destination de l&rsquo;en-but adverse sur deux ballons port\u00e9s d\u00e9vastateurs apr\u00e8s p\u00e9naltouche.<\/p>\n<p>Dix minutes de flottement et \u00e7a repart<\/p>\n<p>Durant une heure et m\u00eame plus, les hommes de St\u00e9phane Niego ont trust\u00e9 le ballon et le camp marseillais, sans pouvoir faire mieux qu&rsquo;inscrire trois p\u00e9nalit\u00e9s. Ils ont un peu plus subi apr\u00e8s (60-70) avant de reprendre le contr\u00f4le et d&rsquo;envoyer Naivaere \u00e0 l&rsquo;essai. Le promu garde le cap. \u00ab\u00a0On a un staff qui travaille bien, les joueurs sont \u00e0 l&rsquo;\u00e9coute, on s&rsquo;est mis au niveau, explique Niego. Manni est un facteur X. Comme MRM, on n&rsquo;a pas d&rsquo;argent, mais on fait venir des gens comme lui qui peuvent nous aider avec un bagage diff\u00e9rent.\u00a0\u00bb Et de temps en temps, avec une belle valise au ras d&rsquo;un regroupement.<\/p>\n<p>Marseille RM 13 &#8211; Digne 16<\/p>\n<p>Stade Pierre-Delort (Marseille). <br \/>Mi-temps\u00a0: 13-6. Arbitre\u00a0: Sam Ditner.<br \/>Les points &#8211; MRM\u00a0: 2 essais Courtois (11, 24), 1 p\u00e9nalit\u00e9 Chemello (37).<br \/>Digne\u00a0: 1 essai Naivaere (78), 1 transformation et 3 p\u00e9nalit\u00e9s (9, 16, 47) Miralles.<br \/>Exclusion temporaire &#8211; MRM\u00a0: Daumas (12).<\/p>\n","protected":false},"excerpt":{"rendered":"\u00c0 l&rsquo;arr\u00eat depuis un mois en raison de deux rencontres report\u00e9es pour cause d&rsquo;intemp\u00e9ries, le promu dignois a&hellip;\n","protected":false},"author":2,"featured_media":569420,"comment_status":"","ping_status":"","sticky":false,"template":"","format":"standard","meta":{"footnotes":""},"categories":[2814],"tags":[17,1111,11,15012,1777,674,4127,1011,27,884,68474,12,882,16,25,479,29263,68475],"class_list":{"0":"post-569419","1":"post","2":"type-post","3":"status-publish","4":"format-standard","5":"has-post-thumbnail","7":"category-marseille","8":"tag-17","9":"tag-actu","10":"tag-actualites","11":"tag-digne","12":"tag-eu","13":"tag-europe","14":"tag-federale","15":"tag-fr","16":"tag-france","17":"tag-marseille","18":"tag-naivaere","19":"tag-news","20":"tag-provence-alpes-cote-dazur","21":"tag-region","22":"tag-republique-francaise","23":"tag-rugby","24":"tag-simpose","25":"tag-surgit"},"share_on_mastodon":{"url":"https:\/\/pubeurope.com\/@fr\/115640103423290157","error":""},"_links":{"self":[{"href":"https:\/\/www.europesays.com\/fr\/wp-json\/wp\/v2\/posts\/569419","targetHints":{"allow":["GET"]}}],"collection":[{"href":"https:\/\/www.europesays.com\/fr\/wp-json\/wp\/v2\/posts"}],"about":[{"href":"https:\/\/www.europesays.com\/fr\/wp-json\/wp\/v2\/types\/post"}],"author":[{"embeddable":true,"href":"https:\/\/www.europesays.com\/fr\/wp-json\/wp\/v2\/users\/2"}],"replies":[{"embeddable":true,"href":"https:\/\/www.europesays.com\/fr\/wp-json\/wp\/v2\/comments?post=569419"}],"version-history":[{"count":0,"href":"https:\/\/www.europesays.com\/fr\/wp-json\/wp\/v2\/posts\/569419\/revisions"}],"wp:featuredmedia":[{"embeddable":true,"href":"https:\/\/www.europesays.com\/fr\/wp-json\/wp\/v2\/media\/569420"}],"wp:attachment":[{"href":"https:\/\/www.europesays.com\/fr\/wp-json\/wp\/v2\/media?parent=569419"}],"wp:term":[{"taxonomy":"category","embeddable":true,"href":"https:\/\/www.europesays.com\/fr\/wp-json\/wp\/v2\/categories?post=569419"},{"taxonomy":"post_tag","embeddable":true,"href":"https:\/\/www.europesays.com\/fr\/wp-json\/wp\/v2\/tags?post=569419"}],"curies":[{"name":"wp","href":"https:\/\/api.w.org\/{rel}","templated":true}]}}