{"id":569425,"date":"2025-11-30T18:41:17","date_gmt":"2025-11-30T18:41:17","guid":{"rendered":"https:\/\/www.europesays.com\/fr\/569425\/"},"modified":"2025-11-30T18:41:17","modified_gmt":"2025-11-30T18:41:17","slug":"ratp-sncf-a-quoi-sattendre-dans-les-transports-pour-la-greve-du-2-decembre-a-paris-et-en-ile-de-france","status":"publish","type":"post","link":"https:\/\/www.europesays.com\/fr\/569425\/","title":{"rendered":"RATP, SNCF&#8230; A quoi s&rsquo;attendre dans les transports pour la gr\u00e8ve du 2 d\u00e9cembre \u00e0 Paris et en \u00cele-de-France\u00a0?"},"content":{"rendered":"<p>                    Par<br \/>\n        <strong><br \/>\n            <a href=\"https:\/\/actu.fr\/auteur\/thomas-martin\" title=\"Consulter tous les articles de Thomas Martin\" target=\"_blank\" rel=\"noopener\">Thomas Martin<\/a><br \/>\n                    <\/strong><\/p>\n<p>        Publi\u00e9 le<\/p>\n<p>            30 nov. 2025 \u00e0 19h00        <\/p>\n<p>Une journ\u00e9e de mobilisation est annonc\u00e9e <strong>mardi 2 d\u00e9cembre<\/strong> \u00e0 l\u2019appel des syndicats CGT, FSU et Solidaires. Ce front syndical appelle \u00e0 une <a href=\"https:\/\/actu.fr\/societe\/greve-du-2-decembre-a-quoi-s-attendre-dans-les-transports-et-les-services-publics_63501924.html\" target=\"_blank\" rel=\"noopener\">gr\u00e8ve interprofessionnelle<\/a> pour d\u00e9noncer un projet de loi de finances (PLF) 2026 jug\u00e9 \u00ab socialement injuste \u00bb.\u00a0 Les syndicats exigent l\u2019abandon des plans de suppressions de postes et r\u00e9clament une revalorisation g\u00e9n\u00e9rale des salaires, estimant n\u00e9cessaire de compenser la stagnation prolong\u00e9e du point d\u2019indice. La <a href=\"https:\/\/actu.fr\/tag\/greve\" target=\"_blank\" rel=\"noopener\">gr\u00e8ve<\/a> concernera notamment la <a href=\"https:\/\/actu.fr\/tag\/ratp\" target=\"_blank\" rel=\"noopener\">RATP<\/a> et la <a href=\"https:\/\/actu.fr\/tag\/sncf\" target=\"_blank\" rel=\"noopener\">SNCF<\/a> avec des perturbations possibles dans les transports \u00e0 Paris et en \u00cele-de-France<\/p>\n<p>Des perturbations d\u2019ores et d\u00e9j\u00e0 annonc\u00e9es sur le RER C<\/p>\n<p class=\" wall-content\">\u00c0 la RATP, un pr\u00e9avis court du lundi 1er d\u00e9cembre \u00e0 18h jusqu\u2019au mercredi 3 d\u00e9cembre \u00e0 7h. N\u00e9anmoins, la RATP indique ce dimanche soir \u00e0 actuParis qu\u2019il n\u2019y aura aucune perturbation sur le r\u00e9seau.\u00a0<\/p>\n<p class=\" wall-content\">\u00c0 la SNCF, des annulations et retards sont jug\u00e9s \u00ab probables \u00bb tant dans l\u2019agglom\u00e9ration (RER, Transilien) que sur les liaisons r\u00e9gionales ou nationales. Les pr\u00e9visions pr\u00e9cises pour chaque ligne seront publi\u00e9es par la SNCF le 1er d\u00e9cembre en fin de journ\u00e9e. Il faudra donc v\u00e9rifier sur le site de la SNCF (ou l\u2019application) d\u00e8s que disponible.\u00a0<\/p>\n<p class=\" wall-content\">D\u2019ores et d\u00e9j\u00e0, le site <a href=\"https:\/\/actu.fr\/tag\/transilien\" target=\"_blank\" rel=\"noopener\">Transilien<\/a> indique des perturbations \u00e0 venir sur le <a href=\"https:\/\/actu.fr\/tag\/rer-c\" target=\"_blank\" rel=\"noopener\">RER C<\/a>.\u00a0<\/p>\n<p class=\" wall-content\">Et dans les a\u00e9roports de <a href=\"https:\/\/actu.fr\/tag\/aeroport-roissy-charles-de-gaulle\" target=\"_blank\" rel=\"noopener\">Roissy<\/a> et d\u2019<a href=\"https:\/\/actu.fr\/tag\/aeroport-dorly\" target=\"_blank\" rel=\"noopener\">Orly<\/a> ? Deux syndicats minoritaires de la compagnie <a href=\"https:\/\/actu.fr\/tag\/air-france\" target=\"_blank\" rel=\"noopener\">Air France<\/a> pr\u00e9voient un mouvement les 2 et 3 d\u00e9cembre, ce qui pourrait donc entra\u00eener des modifications dans les vols op\u00e9r\u00e9s par la compagnie. Ils d\u00e9noncent des suppressions de postes.\u00a0<\/p>\n<p class=\" wall-content\">Personnalisez votre actualit\u00e9 en ajoutant vos villes et m\u00e9dias en favori avec <a href=\"https:\/\/moncompte.actu.fr\" title=\"D\u00e9couvez Mon Actu\" rel=\"nofollow noopener\" data-trk=\"{&quot;cta&quot;:{&quot;action&quot;:&quot;https:\\\/\\\/moncompte.actu.fr&quot;,&quot;category&quot;:&quot;mon compte&quot;,&quot;from&quot;:&quot;article footer&quot;,&quot;name&quot;:&quot;Mon actu&quot;,&quot;type&quot;:&quot;cta&quot;}}\" target=\"_blank\">Mon Actu<\/a>.<\/p>\n","protected":false},"excerpt":{"rendered":"Par Thomas Martin Publi\u00e9 le 30 nov. 2025 \u00e0 19h00 Une journ\u00e9e de mobilisation est annonc\u00e9e mardi 2&hellip;\n","protected":false},"author":2,"featured_media":569426,"comment_status":"","ping_status":"","sticky":false,"template":"","format":"standard","meta":{"footnotes":""},"categories":[1592],"tags":[1111,11,1777,674,1011,27,6151,662,12,626,625,25,2215,104],"class_list":{"0":"post-569425","1":"post","2":"type-post","3":"status-publish","4":"format-standard","5":"has-post-thumbnail","7":"category-ile-de-france","8":"tag-actu","9":"tag-actualites","10":"tag-eu","11":"tag-europe","12":"tag-fr","13":"tag-france","14":"tag-greve","15":"tag-ile-de-france","16":"tag-news","17":"tag-paris","18":"tag-ratp","19":"tag-republique-francaise","20":"tag-sncf","21":"tag-societe"},"share_on_mastodon":{"url":"https:\/\/pubeurope.com\/@fr\/115640118980892599","error":""},"_links":{"self":[{"href":"https:\/\/www.europesays.com\/fr\/wp-json\/wp\/v2\/posts\/569425","targetHints":{"allow":["GET"]}}],"collection":[{"href":"https:\/\/www.europesays.com\/fr\/wp-json\/wp\/v2\/posts"}],"about":[{"href":"https:\/\/www.europesays.com\/fr\/wp-json\/wp\/v2\/types\/post"}],"author":[{"embeddable":true,"href":"https:\/\/www.europesays.com\/fr\/wp-json\/wp\/v2\/users\/2"}],"replies":[{"embeddable":true,"href":"https:\/\/www.europesays.com\/fr\/wp-json\/wp\/v2\/comments?post=569425"}],"version-history":[{"count":0,"href":"https:\/\/www.europesays.com\/fr\/wp-json\/wp\/v2\/posts\/569425\/revisions"}],"wp:featuredmedia":[{"embeddable":true,"href":"https:\/\/www.europesays.com\/fr\/wp-json\/wp\/v2\/media\/569426"}],"wp:attachment":[{"href":"https:\/\/www.europesays.com\/fr\/wp-json\/wp\/v2\/media?parent=569425"}],"wp:term":[{"taxonomy":"category","embeddable":true,"href":"https:\/\/www.europesays.com\/fr\/wp-json\/wp\/v2\/categories?post=569425"},{"taxonomy":"post_tag","embeddable":true,"href":"https:\/\/www.europesays.com\/fr\/wp-json\/wp\/v2\/tags?post=569425"}],"curies":[{"name":"wp","href":"https:\/\/api.w.org\/{rel}","templated":true}]}}