{"id":569427,"date":"2025-11-30T18:43:23","date_gmt":"2025-11-30T18:43:23","guid":{"rendered":"https:\/\/www.europesays.com\/fr\/569427\/"},"modified":"2025-11-30T18:43:23","modified_gmt":"2025-11-30T18:43:23","slug":"ce-que-lon-sait-de-lincendie-qui-a-fait-cinq-morts-et-un-blesse-en-meurthe-et-moselle","status":"publish","type":"post","link":"https:\/\/www.europesays.com\/fr\/569427\/","title":{"rendered":"ce que l&rsquo;on sait de l&rsquo;incendie qui a fait cinq morts et un bless\u00e9 en Meurthe-et-Moselle"},"content":{"rendered":"\n<p class=\"c-chapo \">\n  Le feu s&rsquo;est d\u00e9clar\u00e9 vers 3 heures du matin dans une habitation de Neuves-Maisons, dans la nuit de samedi \u00e0 dimanche.\n<\/p>\n<p>      lire plus tard<\/p>\n<p id=\"dialog__title\" class=\"dialog__title\">Pour sauvegarder cet article, connectez-vous ou cr\u00e9ez un compte franceinfo<\/p>\n<p class=\"dialog__description\">Sans paiement. Sans abonnement.<\/p>\n<p>        Fermer la fen\u00eatre d\u2019activation des notifications France Info<\/p>\n<p>      cr\u00e9er votre compte<\/p>\n<p>      se connecter<\/p>\n<p>        Fermer la fen\u00eatre de pr\u00e9sentation<\/p>\n<p>    <img loading=\"lazy\" decoding=\"async\" class=\"signature__image lazyload\" width=\"100\" height=\"100\" data- alt=\"\" src=\"https:\/\/www.europesays.com\/fr\/wp-content\/uploads\/2025\/05\/64a68815cd1a7_placeholder-36b69ec8.png\"\/><\/p>\n<p>    Publi\u00e9 le 30\/11\/2025 18:20<\/p>\n<p>        Temps de lecture : 3min<\/p>\n<p>    <img decoding=\"async\"  alt=\"Des pompiers interviennent sur le site d'un incendie qui a fait cinq morts et un bless\u00e9, le 30 novembre 2025 \u00e0 Neuves-Maisons (Meurthe-et-Moselle). (JEAN-CHRISTOPHE VERHAEGEN \/ AFP)\" width=\"432\" height=\"243\" src=\"https:\/\/www.europesays.com\/fr\/wp-content\/uploads\/2025\/11\/000-86le6wc-692c76fc2c373626570608.jpg\" fetchpriority=\"high\"\/><\/p>\n<p>      Des pompiers interviennent sur le site d&rsquo;un incendie qui a fait cinq morts et un bless\u00e9, le 30 novembre 2025 \u00e0 Neuves-Maisons (Meurthe-et-Moselle). (JEAN-CHRISTOPHE VERHAEGEN \/ AFP)<\/p>\n<p>\u00ab\u00a0C&rsquo;est un cauchemar.\u00a0\u00bb <a href=\"https:\/\/www.franceinfo.fr\/faits-divers\/reportage-je-n-y-crois-toujours-pas-en-meurthe-et-moselle-la-commune-de-neuves-maisons-abasourdie-par-l-incendie-qui-a-fait-cinq-morts_7649582.html\" target=\"_blank\" rel=\"noopener\" data-tooltip-url=\"https:\/\/www.franceinfo.fr\/faits-divers\/reportage-je-n-y-crois-toujours-pas-en-meurthe-et-moselle-la-commune-de-neuves-maisons-abasourdie-par-l-incendie-qui-a-fait-cinq-morts_7649582.html\">Sur franceinfo<\/a>, le maire de Neuves-Maisons (Meurthe-et-Moselle) Pascal Schneider a r\u00e9agi au grave incendie qui s&rsquo;est d\u00e9clar\u00e9 dans sa ville dans la nuit du samedi 29 au dimanche 30\u00a0novembre, faisant <a href=\"https:\/\/www.franceinfo.fr\/faits-divers\/un-incendie-en-meurthe-et-moselle-a-fait-au-moins-cinq-morts-et-une-personne-blessee-en-urgence-absolue_7649210.html\" target=\"_blank\" rel=\"noopener\" data-tooltip-url=\"https:\/\/www.franceinfo.fr\/faits-divers\/un-incendie-en-meurthe-et-moselle-a-fait-au-moins-cinq-morts-et-une-personne-blessee-en-urgence-absolue_7649210.html\">cinq morts et un bless\u00e9<\/a>. Le drame \u00ab\u00a0a \u00e9t\u00e9 d&rsquo;une violence redoutable\u00a0\u00bb, a-t-il ajout\u00e9. \u00ab\u00a0Le maire que je suis et les habitants qui m&rsquo;entourent ne peuvent \u00eatre que tristes.\u00a0\u00bb<\/p>\n<p>Deux parents ainsi que trois jeunes ont p\u00e9ri, a annonc\u00e9 le procureur de la R\u00e9publique de Nancy, Fran\u00e7ois Capin-Dulhoste, dans un communiqu\u00e9. Franceinfo revient sur ce que l&rsquo;on sait de ce nouvel incendie meurtrier.<\/p>\n<p>Un feu survenu en pleine nuit<\/p>\n<p>L&rsquo;incendie s&rsquo;est produit vers 3h20 dans la nuit de samedi \u00e0 dimanche, \u00ab\u00a0au domicile d&rsquo;une famille de quatre personnes\u00a0\u00bb r\u00e9sidant \u00e0 Neuves-Maisons, au sud-ouest de Nancy, d&rsquo;apr\u00e8s le procureur.\u00a0Le sinistre a touch\u00e9 un b\u00e2timent comprenant un magasin au rez-de-chauss\u00e9e.<\/p>\n<p>    <img decoding=\"async\" class=\"cms-media-image lazyload\" alt=\"Des pompiers interviennent apr\u00e8s un incendie qui a fait cinq morts et un bless\u00e9 \u00e0 Neuves-Maisons (Meurthe-et-Moselle), le 30 novembre 2025. (JEAN-CHRISTOPHE VERHAEGEN \/ AFP)\" width=\"720\" height=\"479.53125\" data- src=\"https:\/\/www.europesays.com\/fr\/wp-content\/uploads\/2025\/11\/000-86lf2mv-692c7516d3d58249490911.jpg\"\/><\/p>\n<p>      Des pompiers interviennent apr\u00e8s un incendie qui a fait cinq morts et un bless\u00e9 \u00e0 Neuves-Maisons (Meurthe-et-Moselle), le 30 novembre 2025. (JEAN-CHRISTOPHE VERHAEGEN \/ AFP)<\/p>\n<p>Le feu s&rsquo;est d\u00e9clar\u00e9 au deuxi\u00e8me \u00e9tage, sous les combles, a pr\u00e9cis\u00e9 \u00e0 <a href=\"https:\/\/www.francebleu.fr\/infos\/faits-divers-justice\/cinq-morts-et-un-blesse-dans-un-incendie-a-neuves-maisons-en-meurthe-et-moselle-2161571%20\" target=\"_blank\" rel=\"noopener\" data-tooltip-url=\"https:\/\/www.francebleu.fr\/infos\/faits-divers-justice\/cinq-morts-et-un-blesse-dans-un-incendie-a-neuves-maisons-en-meurthe-et-moselle-2161571 \">ICI Lorraine<\/a> le pr\u00e9fet de Meurthe-et-Moselle, Yves S\u00e9guy. \u00ab\u00a0La famille semblait occuper le dernier \u00e9tage de cet immeuble et a \u00e9t\u00e9 victime notamment des fum\u00e9es\u00a0\u00bb, a-t-il \u00e9galement d\u00e9clar\u00e9.<\/p>\n<p>Cinq victimes \u00e2g\u00e9es de 16 \u00e0 60\u00a0ans<\/p>\n<p>Les victimes de ce grave incendie sont \u00ab\u00a0deux parents, \u00e2g\u00e9s de 59 et 60\u00a0ans, un de leurs fils, \u00e2g\u00e9 de 16\u00a0ans\u00a0\u00bb, mais \u00e9galement \u00ab\u00a0deux\u00a0amis de leurs enfants, \u00e2g\u00e9s de 16 et 20\u00a0ans\u00a0\u00bb, a d\u00e9velopp\u00e9 Fran\u00e7ois Capin-Dulhoste dans son communiqu\u00e9 dimanche.<\/p>\n<p>\u00ab\u00a0L&rsquo;autre fils de cette famille, \u00e2g\u00e9 de 22\u00a0ans, \u00e9galement pr\u00e9sent, a \u00e9t\u00e9 bless\u00e9 l\u00e9g\u00e8rement\u00a0\u00bb, a ajout\u00e9 le procureur de la R\u00e9publique de Nancy. \u00ab\u00a0Il s&rsquo;en est sorti miraculeusement en s&rsquo;\u00e9chappant par les toits\u00a0\u00bb, a d\u00e9clar\u00e9 \u00e0 l&rsquo;AFP le maire de Neuves-Maisons. Selon le pr\u00e9fet Yves S\u00e9guy, ce jeune homme a pu \u00ab\u00a0donner l&rsquo;alerte\u00a0\u00bb. \u00ab\u00a0Simplement bless\u00e9\u00a0\u00bb, ce rescap\u00e9 a \u00e9t\u00e9 victime d&rsquo;inhalation de fum\u00e9es.<\/p>\n<p>L&rsquo;origine des flammes inconnue \u00e0 ce stade<\/p>\n<p>\u00ab\u00a0Les investigations qui commencent ne permettent pas d&rsquo;\u00e9tablir \u00e0 ce stade les circonstances de l&rsquo;incendie\u00a0\u00bb, a pr\u00e9cis\u00e9 Fran\u00e7ois Capin-Dulhoste dans son communiqu\u00e9, annon\u00e7ant \u00ab\u00a0une enqu\u00eate en flagrance du chef d&rsquo;homicides involontaires\u00a0\u00bb. Celle-ci est men\u00e9e par la brigade de recherches de la compagnie de gendarmerie de Nancy, sous la supervision du parquet de la ville. L&rsquo;enqu\u00eate devra \u00ab\u00a0\u00e9tablir dans quelles conditions cet incendie a pu se d\u00e9velopper aussi vite et produire autant de d\u00e9g\u00e2ts\u00a0\u00bb, a d\u00e9clar\u00e9 Yves S\u00e9guy.<\/p>\n<p>Quelque 70 pompiers mobilis\u00e9s<\/p>\n<p>Au total, 70 pompiers sont intervenus avec une trentaine de v\u00e9hicules afin d&rsquo;\u00e9teindre l&rsquo;incendie. Les pompiers sont arriv\u00e9s en 12 minutes sur les lieux du drame, a pr\u00e9cis\u00e9 la pr\u00e9fecture \u00e0 ICI Lorraine.\u00a0Pascal Schneider a salu\u00e9 une intervention men\u00e9e \u00ab\u00a0dans un d\u00e9lai tr\u00e8s bref\u00a0\u00bb contre un \u00ab\u00a0feu qui s&rsquo;est propag\u00e9 tr\u00e8s rapidement\u00a0\u00bb. <\/p>\n<p>Sur le r\u00e9seau social X, le ministre de l&rsquo;Int\u00e9rieur, Laurent Nu\u00f1ez, a \u00e9galement salu\u00e9 \u00ab\u00a0la mobilisation des sapeurs-pompiers qui ont combattu l&rsquo;incendie avec courage et celle des gendarmes engag\u00e9s sur les lieux\u00a0\u00bb. Une vingtaine de gendarmes ont en outre \u00e9t\u00e9 mobilis\u00e9s, a pr\u00e9cis\u00e9 la pr\u00e9fecture \u00e0 l&rsquo;AFP. Le ministre a transmis ses \u00ab\u00a0sinc\u00e8res pens\u00e9es (\u2026) aux victimes et \u00e0 leurs proches\u00a0\u00bb.<\/p>\n","protected":false},"excerpt":{"rendered":"Le feu s&rsquo;est d\u00e9clar\u00e9 vers 3 heures du matin dans une habitation de Neuves-Maisons, dans la nuit de&hellip;\n","protected":false},"author":2,"featured_media":569428,"comment_status":"","ping_status":"","sticky":false,"template":"","format":"standard","meta":{"footnotes":""},"categories":[1888],"tags":[1111,1928,11,1927,1777,674,1011,27,12,1926,626,1925,25],"class_list":{"0":"post-569427","1":"post","2":"type-post","3":"status-publish","4":"format-standard","5":"has-post-thumbnail","7":"category-paris","8":"tag-actu","9":"tag-actu-paris","10":"tag-actualites","11":"tag-actualites-paris","12":"tag-eu","13":"tag-europe","14":"tag-fr","15":"tag-france","16":"tag-news","17":"tag-news-paris","18":"tag-paris","19":"tag-paris-news","20":"tag-republique-francaise"},"share_on_mastodon":{"url":"https:\/\/pubeurope.com\/@fr\/115640128790670620","error":""},"_links":{"self":[{"href":"https:\/\/www.europesays.com\/fr\/wp-json\/wp\/v2\/posts\/569427","targetHints":{"allow":["GET"]}}],"collection":[{"href":"https:\/\/www.europesays.com\/fr\/wp-json\/wp\/v2\/posts"}],"about":[{"href":"https:\/\/www.europesays.com\/fr\/wp-json\/wp\/v2\/types\/post"}],"author":[{"embeddable":true,"href":"https:\/\/www.europesays.com\/fr\/wp-json\/wp\/v2\/users\/2"}],"replies":[{"embeddable":true,"href":"https:\/\/www.europesays.com\/fr\/wp-json\/wp\/v2\/comments?post=569427"}],"version-history":[{"count":0,"href":"https:\/\/www.europesays.com\/fr\/wp-json\/wp\/v2\/posts\/569427\/revisions"}],"wp:featuredmedia":[{"embeddable":true,"href":"https:\/\/www.europesays.com\/fr\/wp-json\/wp\/v2\/media\/569428"}],"wp:attachment":[{"href":"https:\/\/www.europesays.com\/fr\/wp-json\/wp\/v2\/media?parent=569427"}],"wp:term":[{"taxonomy":"category","embeddable":true,"href":"https:\/\/www.europesays.com\/fr\/wp-json\/wp\/v2\/categories?post=569427"},{"taxonomy":"post_tag","embeddable":true,"href":"https:\/\/www.europesays.com\/fr\/wp-json\/wp\/v2\/tags?post=569427"}],"curies":[{"name":"wp","href":"https:\/\/api.w.org\/{rel}","templated":true}]}}