{"id":569429,"date":"2025-11-30T18:44:16","date_gmt":"2025-11-30T18:44:16","guid":{"rendered":"https:\/\/www.europesays.com\/fr\/569429\/"},"modified":"2025-11-30T18:44:16","modified_gmt":"2025-11-30T18:44:16","slug":"lady-araminta-spencer%e2%80%91churchill-eulalia-dorleans-bourbon-le-bal-des-debutantes-reveille-paris","status":"publish","type":"post","link":"https:\/\/www.europesays.com\/fr\/569429\/","title":{"rendered":"Lady Araminta Spencer\u2011Churchill, Eulalia d\u2019Orl\u00e9ans-Bourbon&#8230; Le Bal des D\u00e9butantes r\u00e9veille Paris"},"content":{"rendered":"<p class=\"mb-4 text-lg md:leading-8 break-words\">C\u2019est un grand rendez-vous d\u2019\u00e9l\u00e9gance, de haute couture et d\u2019histoire. Samedi soir, dans l\u2019\u00e9crin du Shangri\u2011La H\u00f4tel Paris, dix-neuf jeunes femmes de 17 \u00e0 21\u00a0ans (et autant de jeunes hommes) ont dans\u00e9 toute la nuit sur la piste du Bal des D\u00e9butantes, tradition britannique qui remonte au XVIIIe\u00a0si\u00e8cle quand les filles aristocratiques \u00e9taient pr\u00e9sent\u00e9es ou roi ou \u00e0 la reine d\u2019Angleterre avant leurs 18\u00a0ans<\/p>\n<p class=\"mb-4 text-lg md:leading-8 break-words\">Remis au go\u00fbt du jour depuis 1992 par Oph\u00e9lie Renouard, devenant officiellement Le Bal des D\u00e9butantes en 1994, il se d\u00e9roule chaque ann\u00e9e dans les salons du prince Roland Bonaparte, au Shangri-La Hotel Paris, depuis 2018 et a pour grand ma\u00eetre de c\u00e9r\u00e9monie, un certain St\u00e9phane Bern\u2026 De nombreuses personnalit\u00e9s illustres ont ainsi \u00e9t\u00e9 pr\u00e9sent\u00e9es au monde au fil des ann\u00e9es &#8211; citons Annabel Yao, fille du fondateur de Huawei, Ren Zhengfei,<a href=\"https:\/\/www.parismatch.com\/people\/bal-des-debutantes-la-petite-fille-de-sophia-loren-lucia-sofia-ponti-entre-dans-la-danse-244047\" rel=\"nofollow noopener\" target=\"_blank\" data-ylk=\"slk:la petite-fille de Sophia Loren Lucia Sofia Ponti;elm:context_link;itc:0;sec:content-canvas\" class=\"link \"> la petite-fille de Sophia Loren Lucia Sofia Ponti<\/a> ou encore <a href=\"https:\/\/www.parismatch.com\/people\/gwyneth-paltrow-chris-martin-et-leur-fille-apple-martin-les-invites-surprise-du-bal-des-debutantes-244112\" rel=\"nofollow noopener\" target=\"_blank\" data-ylk=\"slk:Apple Martin, la fille de Gwyneth Paltrow et Chris Martin, en 2024;elm:context_link;itc:0;sec:content-canvas\" class=\"link \">Apple Martin, la fille de Gwyneth Paltrow et Chris Martin, en 2024<\/a>.<\/p>\n<p>La fille d&rsquo;Angela Bassett a mis le feu \u00e0 la piste de danse<\/p>\n<p class=\"mb-4 text-lg md:leading-8 break-words\">Cette ann\u00e9e, parmi les dix-neuf jeunes femmes figuraient quelques\u2026 v\u00e9ritables princesses, comme la princesse Isabelle d\u2019Orl\u00e9ans, \u00e2g\u00e9e de 20\u00a0ans, qui descend du duc d\u2019Orl\u00e9ans, fr\u00e8re de Louis XIV, et de Louis-Philippe, ancien roi de France, qui a dans\u00e9 en Antonio Grimaldi, ou encore<\/p>\n<p class=\"mb-4 text-lg md:leading-8 break-words\">Image<\/p>\n<p><img alt=\"\" loading=\"lazy\" width=\"320\" height=\"480\" decoding=\"async\" data-nimg=\"1\" class=\"rounded-lg\" style=\"color:transparent\" src=\"https:\/\/www.europesays.com\/fr\/wp-content\/uploads\/2025\/11\/478ac2f049c542bdf5213a0e5ec6e6fe.jpeg\"\/><\/p>\n<p class=\"mb-4 text-lg md:leading-8 break-words\"> La princesse Eulalia d\u2019Orl\u00e9ans Bourbon ( robe Tony Ward ) et son cavalier Albert Windsor.   \u00a9 Le Bal \/ Borde \/ M&#8230;<br \/><a href=\"https:\/\/www.parismatch.com\/People\/lady-araminta-spencer-churchill-eulalia-dorleans-bourbon-le-bal-des-debutantes-reveille-paris-260903?at_medium=affiliate&amp;at_campaign=Yahoo\" rel=\"nofollow noopener\" target=\"_blank\" data-ylk=\"slk:Lire la suite sur ParisMatch;elm:context_link;itc:0;sec:content-canvas\" class=\"link \">Lire la suite sur ParisMatch<\/a><\/p>\n","protected":false},"excerpt":{"rendered":"C\u2019est un grand rendez-vous d\u2019\u00e9l\u00e9gance, de haute couture et d\u2019histoire. Samedi soir, dans l\u2019\u00e9crin du Shangri\u2011La H\u00f4tel Paris,&hellip;\n","protected":false},"author":2,"featured_media":569430,"comment_status":"","ping_status":"","sticky":false,"template":"","format":"standard","meta":{"footnotes":""},"categories":[1888],"tags":[1111,1928,11,1927,68479,68477,28364,1777,674,1011,27,15352,5363,68478,12,1926,626,1925,25,68480,7856,68476],"class_list":{"0":"post-569429","1":"post","2":"type-post","3":"status-publish","4":"format-standard","5":"has-post-thumbnail","7":"category-paris","8":"tag-actu","9":"tag-actu-paris","10":"tag-actualites","11":"tag-actualites-paris","12":"tag-annabel-yao","13":"tag-bal-des-debutantes","14":"tag-chris-martin","15":"tag-eu","16":"tag-europe","17":"tag-fr","18":"tag-france","19":"tag-gwyneth-paltrow","20":"tag-haute-couture","21":"tag-isabelle-dorleans","22":"tag-news","23":"tag-news-paris","24":"tag-paris","25":"tag-paris-news","26":"tag-republique-francaise","27":"tag-roland-bonaparte","28":"tag-samedi-soir","29":"tag-sophia-loren-lucia-sofia-ponti"},"share_on_mastodon":{"url":"https:\/\/pubeurope.com\/@fr\/115640131287257695","error":""},"_links":{"self":[{"href":"https:\/\/www.europesays.com\/fr\/wp-json\/wp\/v2\/posts\/569429","targetHints":{"allow":["GET"]}}],"collection":[{"href":"https:\/\/www.europesays.com\/fr\/wp-json\/wp\/v2\/posts"}],"about":[{"href":"https:\/\/www.europesays.com\/fr\/wp-json\/wp\/v2\/types\/post"}],"author":[{"embeddable":true,"href":"https:\/\/www.europesays.com\/fr\/wp-json\/wp\/v2\/users\/2"}],"replies":[{"embeddable":true,"href":"https:\/\/www.europesays.com\/fr\/wp-json\/wp\/v2\/comments?post=569429"}],"version-history":[{"count":0,"href":"https:\/\/www.europesays.com\/fr\/wp-json\/wp\/v2\/posts\/569429\/revisions"}],"wp:featuredmedia":[{"embeddable":true,"href":"https:\/\/www.europesays.com\/fr\/wp-json\/wp\/v2\/media\/569430"}],"wp:attachment":[{"href":"https:\/\/www.europesays.com\/fr\/wp-json\/wp\/v2\/media?parent=569429"}],"wp:term":[{"taxonomy":"category","embeddable":true,"href":"https:\/\/www.europesays.com\/fr\/wp-json\/wp\/v2\/categories?post=569429"},{"taxonomy":"post_tag","embeddable":true,"href":"https:\/\/www.europesays.com\/fr\/wp-json\/wp\/v2\/tags?post=569429"}],"curies":[{"name":"wp","href":"https:\/\/api.w.org\/{rel}","templated":true}]}}