{"id":569431,"date":"2025-11-30T18:45:36","date_gmt":"2025-11-30T18:45:36","guid":{"rendered":"https:\/\/www.europesays.com\/fr\/569431\/"},"modified":"2025-11-30T18:45:36","modified_gmt":"2025-11-30T18:45:36","slug":"christophe-molmy-le-flingue-et-la-plume","status":"publish","type":"post","link":"https:\/\/www.europesays.com\/fr\/569431\/","title":{"rendered":"Christophe Molmy, le flingue et la plume"},"content":{"rendered":"<p>                    Par<br \/>\n        <strong><br \/>\n            <a href=\"https:\/\/actu.fr\/auteur\/antoine-blanchet\" title=\"Consulter tous les articles de Antoine Blanchet\" target=\"_blank\" rel=\"noopener\">Antoine Blanchet<\/a><br \/>\n                    <\/strong><\/p>\n<p>        Publi\u00e9 le<\/p>\n<p>            30 nov. 2025 \u00e0 8h00        <\/p>\n<p>La pi\u00e8ce est vide de tout superflu. Dans son bureau immacul\u00e9 situ\u00e9 au c\u0153ur du 36, rue du Bastion, dans le 17\u1d49 arrondissement de <a href=\"https:\/\/actu.fr\/paris\/\" target=\"_blank\" rel=\"noopener\">Paris<\/a>,<strong> Christophe Molmy<\/strong> nous re\u00e7oit avec un sourire fatigu\u00e9 et ce regard qui en a trop vu. Il faut dire que l\u2019actuel patron de la <strong>brigade de protection des mineurs<\/strong> a eu une semaine charg\u00e9e. Il y a eu les <a href=\"https:\/\/actu.fr\/societe\/temoignages-dix-ans-apres-les-attentats-du-13-novembre-je-regarde-toujours-les-issues-de-secours_63424979.html\" target=\"_blank\" rel=\"noopener\">10 ans des attentats du 13 novembre<\/a>, au cours desquels l\u2019ancien patron de la BRI a command\u00e9 l\u2019assaut d\u00e9cisif dans le couloir tortueux du Bataclan. Il y a aussi eu le prix litt\u00e9raire <a href=\"https:\/\/actu.fr\/ile-de-france\/paris_75056\/paris-dans-les-coulisses-du-prix-du-quai-des-orfevres-prix-tres-convoite-du-roman-policier_61832768.html\" target=\"_blank\" rel=\"noopener\">du Quai des Orf\u00e8vres<\/a>, qui a vu l\u2019\u00e9crivain de romans noirs r\u00e9compens\u00e9 le 4 novembre dernier pour son cinqui\u00e8me ouvrage \u00ab\u00a0Br\u00fblez-Tout\u00a0\u00bb, \u00e9dit\u00e9 chez Fayard. Pour <a href=\"https:\/\/actu.fr\/paris\/\" target=\"_blank\" rel=\"noopener\">actu Paris<\/a>, on vous raconte cette brillante carri\u00e8re double-face, entre filatures et \u00e9criture.\u00a0<\/p>\n<p>Une enfance entre Maigret et Broussard<\/p>\n<p class=\" wall-content\">Christophe Molmy, \u00e2g\u00e9 de 56 ans, n\u2019est pas n\u00e9 avec un Sig Sauer \u00e0 la ceinture ni un k\u00e9pi sur la t\u00eate, mais la vocation de flic est apparue tr\u00e8s t\u00f4t. Il y a le classique jeu du gendarme et du voleur dans la cour de r\u00e9cr\u00e9ation, mais aussi les polars que son p\u00e8re d\u00e9vore. \u00ab\u00a0Tout a commenc\u00e9 par les livres, comme une boucle\u00a0\u00bb, sourit le policier devenu auteur. Dans la biblioth\u00e8que familiale, <strong>Georges Simenon<\/strong> et son incontournable commissaire Maigret, mais aussi Roger Borniche. Un agent d\u2019\u00e9lite de l\u2019apr\u00e8s-guerre devenu \u00e9crivain \u00e0 succ\u00e8s. La route semble trac\u00e9e.\u00a0<\/p>\n<p class=\" wall-content\">Les cadors du 36 de l\u2019\u00e9poque font aussi forte impression au gamin de <a href=\"https:\/\/actu.fr\/ile-de-france\/seine-saint-denis_93\" target=\"_blank\" rel=\"noopener\">Seine-Saint-Denis<\/a>. Tel <strong>Robert Broussard<\/strong>, qui donne l\u2019ordre d\u2019envoyer <a href=\"https:\/\/actu.fr\/ile-de-france\/clichy_92024\/un-pelerinage-a-clichy-la-tombe-de-mesrine-fascine-toujours-46-ans-apres-la-mort-de-l-ennemi-public-n-1_63383319.html\" target=\"_blank\" rel=\"noopener\">Jacques Mesrine<\/a> ad patres en 1979, porte de Clignancourt. \u00ab\u00a0C\u2019\u00e9taient des ic\u00f4nes qui vendaient la bo\u00eete\u00a0\u00bb, se rem\u00e9more le policier-\u00e9crivain.\u00a0<\/p>\n<p class=\" wall-content\">Biberonn\u00e9 \u00e0 la poudre et aux \u00e9cussons, Christophe Molmy int\u00e8gre tr\u00e8s vite la \u00ab\u00a0maison\u00a0\u00bb. \u00ab\u00a0J\u2019ai eu un parcours classique. J\u2019ai fait des \u00e9tudes de droit \u00e0 dessein pour \u00eatre commissaire de police.\u00a0\u00bb Les premi\u00e8res classes se font \u00e0 <a href=\"https:\/\/actu.fr\/ile-de-france\/villejuif_94076\" target=\"_blank\" rel=\"noopener\">Villejuif<\/a>. \u00ab\u00a0Une bonne \u00e9cole\u00a0\u00bb, r\u00e9sume-t-il. Mais les petits truands du <a href=\"https:\/\/actu.fr\/ile-de-france\/val-de-marne_94\" target=\"_blank\" rel=\"noopener\">Val-de-Marne<\/a> ne suffisent pas. L\u2019agent cherche de plus gros poissons \u00e0 mettre dans le bocal judiciaire. Pour \u00e7a, il faut se rapprocher de la mer. Cap sur <a href=\"https:\/\/actu.fr\/marseille\/\" target=\"_blank\" rel=\"noopener\">Marseille<\/a>.\u00a0<\/p>\n<p>La traque des \u00ab\u00a0beaux mecs\u00a0\u00bb\u00a0<\/p>\n<p class=\" wall-content\">Au sein de l\u2019antigang de la cit\u00e9 phoc\u00e9enne, le futur patron de la BRI conna\u00eet ses \u00ab\u00a0premiers \u00e9mois\u00a0\u00bb. \u00ab\u00a0En premier dossier, j\u2019ai commenc\u00e9 avec<strong> les anciens de la French Connection<\/strong> qui venaient de sortir de prison. \u00c0 25 ans, se retrouver \u00e0 quelques m\u00e8tres du chimiste de trafic d\u2019h\u00e9ro\u00efne, \u00e7a fait quelque chose\u00a0\u00bb, se rappelle-t-il.\u00a0<\/p>\n<p class=\" wall-content\">S\u2019ensuivent des ann\u00e9es \u00e0 traquer les \u00ab\u00a0beaux mecs\u00a0\u00bb, au bord de la M\u00e9diterran\u00e9e, puis au sein de l\u2019Office central contre la r\u00e9pression du banditisme. Du braqueur de convoyeurs de fonds <a href=\"https:\/\/actu.fr\/ile-de-france\/villeneuve-saint-georges_94078\/villeneuve-saint-georges-anotnio-ferrara-figure-du-grand-banditisme-interpelle-lors-d-un-controle-routier_61074312.html\" target=\"_blank\" rel=\"noopener\">Antonio Ferrara<\/a> aux terroristes basques de l\u2019ETA en passant par les corses de la <strong>Brise de Mer<\/strong>, Christophe Molmy remplit son herbier des grands voyous.\u00a0<\/p>\n<p class=\" wall-content\">Ces rencontres avec la p\u00e8gre vont nourrir l\u2019imaginaire de l\u2019\u00e9crivain. \u00ab\u00a0Je veux toujours montrer une absence de manich\u00e9isme. Des malfrats, je n\u2019en ai pas vu beaucoup qui n\u2019ont plus rien d\u2019humain. Certains sont des tueurs, mais \u00e7a ne les emp\u00eache pas d\u2019aimer leur femme et leurs enfants\u00a0\u00bb, affirme l\u2019ancien patron de la BRI. Si sa route a crois\u00e9 des \u00ab\u00a0dr\u00f4les\u00a0\u00bb et des \u00ab\u00a0brillants\u00a0\u00bb, il n\u2019a toutefois jamais \u00e9prouv\u00e9 la moindre admiration pour les truands.\u00a0<\/p>\n<p>Votre r\u00e9gion, votre actu !<\/p>\n<p>Recevez chaque jour les infos qui comptent pour vous.<\/p>\n<p>\t<a href=\"https:\/\/actu.fr\/newsletter\" class=\"ac-btn ac-btn--corner ac-btn--medium ac-btn--blue800\" target=\"_blank\" rel=\"noopener\">S&rsquo;incrire<\/a><br \/>\nUne porte entrouverte\u00a0<\/p>\n<p class=\" wall-content\">Au cours de ces ann\u00e9es de service, le cliquetis du stylo \u00e0 billes remplace parfois celui de la p\u00e9toire. \u00ab\u00a0J\u2019ai commenc\u00e9 \u00e0 \u00e9crire un premier livre par jeu. Souvent, je lisais des romans et j\u2019avais l\u2019impression que ce n\u2019\u00e9tait pas proche de la r\u00e9alit\u00e9\u00a0\u00bb, pr\u00e9cise Christophe Molmy. Un exercice laborieux. Si faire parler un porte-flingue ou coincer un braqueur est tout un art, camper un personnage et d\u00e9peindre un d\u00e9cor convaincant l\u2019est aussi. \u00ab\u00a0En revanche, je n\u2019ai pas eu besoin de faire des recherches sur la police\u00a0\u00bb, nuance-t-il.\u00a0<\/p>\n<p class=\" wall-content\">Par la force des choses, un premier roman est \u00e9crit. Une sombre histoire de braquage sanglant o\u00f9 un vieux loup de la PJ traque un voyou sur le d\u00e9part. Malgr\u00e9 sa naissance, l\u2019ouvrage met du temps avant de voir la lumi\u00e8re du jour. \u00ab\u00a0Des ann\u00e9es apr\u00e8s, un ami me dit qu\u2019il faut que j\u2019\u00e9crive un truc. Il pensait \u00e0 un t\u00e9moignage, mais je lui ai dit que j\u2019avais \u00e9crit un roman. Il a insist\u00e9 pour le lire et l\u2019a envoy\u00e9 \u00e0 une maison d\u2019\u00e9ditions sans me pr\u00e9venir\u00a0\u00bb, sourit l\u2019auteur malgr\u00e9 lui.\u00a0<\/p>\n<p>\u00ab\u00a0Les flics ne sont pas des gens cass\u00e9s\u00a0\u00bb<\/p>\n<p class=\" wall-content\">La plume pla\u00eet et l\u2019ouvrage para\u00eet. \u00ab\u00a0Avec le recul, je mesure la chance que j\u2019ai eue. C\u2019est difficile de se faire \u00e9diter. En \u00e9tant honn\u00eate, si je n\u2019avais pas \u00e9t\u00e9 chef de la BRI, \u00e7a ne se serait peut-\u00eatre pas fait. Je voulais d\u2019ailleurs avoir un nom d\u2019emprunt, mais \u00e7a m\u2019a \u00e9t\u00e9 refus\u00e9\u00a0\u00bb, relate le policier.\u00a0<\/p>\n<p class=\" wall-content\">Les ventes sont prometteuses et le patron de la BPM commence peu \u00e0 peu \u00e0 remplir les rayons polars des librairies avec cinq romans publi\u00e9s. Au fil de ses histoires, un personnage commence \u00e0 devenir r\u00e9current : Coline. Une polici\u00e8re chevronn\u00e9e, mais pas clich\u00e9. Car ce qui tient \u00e0 c\u0153ur \u00e0 ce connaisseur du m\u00e9tier, c\u2019est de tourner la page de l\u2019agent tortur\u00e9 : \u00ab\u00a0Je veux montrer de mani\u00e8re r\u00e9aliste le travail du quotidien. J\u2019aime ma boutique. Je ne cherche pas \u00e0 l\u2019\u00e9corner. Je veux montrer aux lecteurs que les flics ne sont pas des gens cass\u00e9s, d\u00e9truits, drogu\u00e9s. Ils sont lumineux et investis dans ce qu\u2019ils font\u00a0\u00bb.\u00a0<\/p>\n<p class=\" wall-content\">Il l\u2019assure par ailleurs : aucun v\u00e9ritable coll\u00e8gue ou voyou de rencontre n\u2019appara\u00eet dans ses r\u00e9cits. \u00ab\u00a0Je me suis nourri de r\u00e9alit\u00e9, mais je n\u2019ai jamais retranscrit d\u2019anciennes affaires\u00a0\u00bb.\u00a0<\/p>\n<p>Un t\u00e9moin du temps qui passe\u00a0<\/p>\n<p class=\" wall-content\">Dans son dernier ouvrage, o\u00f9 se m\u00ealent complosph\u00e8re et r\u00e9seaux sociaux, l\u2019\u00e9crivain aux plus de 30 ans d\u2019uniforme d\u00e9veloppe en trame de fonds les d\u00e9fis technologiques auxquels font face les policiers. \u00ab\u00a0Je viens d\u2019une g\u00e9n\u00e9ration qui a connu des changements brutaux. Quand j\u2019ai commenc\u00e9, il n\u2019y avait pas de portables, pas d\u2019internet. Les jeunes coll\u00e8gues me regardent avec des yeux ronds quand je leur dis \u00e7a\u00a0\u00bb, s\u2019amuse Christophe Molmy. Nul d\u00e9faitisme cependant pour ce briscard de l\u2019investigation. Du gang des tractions avant \u00e0 la t\u00e9l\u00e9phonie, les limiers du 36 ont toujours su prendre \u00e0 temps la locomotive du progr\u00e8s.\u00a0<\/p>\n<p>Flic d\u2019abord, \u00e9crivain ensuite\u00a0<\/p>\n<p class=\" wall-content\">Depuis le 4 novembre 2025, une nouvelle boucle est boucl\u00e9e pour l\u2019\u00e9crivain. Avec son dernier roman, Christophe Molmy est le 80\u1d49 auteur \u00e0 remporter le prix du Quai des Orf\u00e8vres. Cette distinction, d\u00e9cern\u00e9e entre autres par le patron de la PJ parisienne, r\u00e9compense un polar anonyme. Pour son \u00e9criture, mais aussi son r\u00e9alisme. \u00ab\u00a0C\u2019est le graal quand on est flic. \u00c7a r\u00e9compense la qualit\u00e9 du boulot\u00a0\u00bb, s\u2019enthousiasme le laur\u00e9at. Malgr\u00e9 cette reconnaissance, le commissaire garde son cap fix\u00e9 depuis l\u2019enfance. \u00ab\u00a0Je suis flic surtout. Le travail d\u2019abord. L\u2019auteur vient apr\u00e8s\u00a0\u00bb, lance-t-il en guise de maxime.\u00a0<\/p>\n<p class=\" wall-content\">Personnalisez votre actualit\u00e9 en ajoutant vos villes et m\u00e9dias en favori avec <a href=\"https:\/\/moncompte.actu.fr\" title=\"D\u00e9couvez Mon Actu\" rel=\"nofollow noopener\" data-trk=\"{&quot;cta&quot;:{&quot;action&quot;:&quot;https:\\\/\\\/moncompte.actu.fr&quot;,&quot;category&quot;:&quot;mon compte&quot;,&quot;from&quot;:&quot;article footer&quot;,&quot;name&quot;:&quot;Mon actu&quot;,&quot;type&quot;:&quot;cta&quot;}}\" target=\"_blank\">Mon Actu<\/a>.<\/p>\n","protected":false},"excerpt":{"rendered":"Par Antoine Blanchet Publi\u00e9 le 30 nov. 2025 \u00e0 8h00 La pi\u00e8ce est vide de tout superflu. Dans&hellip;\n","protected":false},"author":2,"featured_media":569432,"comment_status":"","ping_status":"","sticky":false,"template":"","format":"standard","meta":{"footnotes":""},"categories":[1888],"tags":[11,1777,674,118,1011,27,12,626,1072,1931,25],"class_list":{"0":"post-569431","1":"post","2":"type-post","3":"status-publish","4":"format-standard","5":"has-post-thumbnail","7":"category-paris","8":"tag-actualites","9":"tag-eu","10":"tag-europe","11":"tag-faits-divers","12":"tag-fr","13":"tag-france","14":"tag-news","15":"tag-paris","16":"tag-police","17":"tag-prefecture-de-police-de-paris","18":"tag-republique-francaise"},"share_on_mastodon":{"url":"https:\/\/pubeurope.com\/@fr\/115640134699337912","error":""},"_links":{"self":[{"href":"https:\/\/www.europesays.com\/fr\/wp-json\/wp\/v2\/posts\/569431","targetHints":{"allow":["GET"]}}],"collection":[{"href":"https:\/\/www.europesays.com\/fr\/wp-json\/wp\/v2\/posts"}],"about":[{"href":"https:\/\/www.europesays.com\/fr\/wp-json\/wp\/v2\/types\/post"}],"author":[{"embeddable":true,"href":"https:\/\/www.europesays.com\/fr\/wp-json\/wp\/v2\/users\/2"}],"replies":[{"embeddable":true,"href":"https:\/\/www.europesays.com\/fr\/wp-json\/wp\/v2\/comments?post=569431"}],"version-history":[{"count":0,"href":"https:\/\/www.europesays.com\/fr\/wp-json\/wp\/v2\/posts\/569431\/revisions"}],"wp:featuredmedia":[{"embeddable":true,"href":"https:\/\/www.europesays.com\/fr\/wp-json\/wp\/v2\/media\/569432"}],"wp:attachment":[{"href":"https:\/\/www.europesays.com\/fr\/wp-json\/wp\/v2\/media?parent=569431"}],"wp:term":[{"taxonomy":"category","embeddable":true,"href":"https:\/\/www.europesays.com\/fr\/wp-json\/wp\/v2\/categories?post=569431"},{"taxonomy":"post_tag","embeddable":true,"href":"https:\/\/www.europesays.com\/fr\/wp-json\/wp\/v2\/tags?post=569431"}],"curies":[{"name":"wp","href":"https:\/\/api.w.org\/{rel}","templated":true}]}}