{"id":569437,"date":"2025-11-30T18:49:12","date_gmt":"2025-11-30T18:49:12","guid":{"rendered":"https:\/\/www.europesays.com\/fr\/569437\/"},"modified":"2025-11-30T18:49:12","modified_gmt":"2025-11-30T18:49:12","slug":"ukraine-une-salutaire-lutte-contre-la-corruption-leditorial-de-cl","status":"publish","type":"post","link":"https:\/\/www.europesays.com\/fr\/569437\/","title":{"rendered":"Ukraine\u00a0: une salutaire lutte contre la corruption [L\u2019\u00e9ditorial de CL]"},"content":{"rendered":"<p>    La r\u00e9daction vous conseille<\/p>\n<p>Sur le plan int\u00e9rieur, l\u2019\u00e9viction d\u2019Andriy Yermak, bras droit de Zelynsky, mis en cause dans un syst\u00e8me de d\u00e9tournements de plus de 100\u00a0millions de dollars d\u2019une entreprise publique, est paradoxalement le signe d\u2019une salutaire \u00e9volution des pratiques politiques. On passera \u00e9videmment sur l\u2019instrumentalisation de Poutine, mal plac\u00e9 pour faire la le\u00e7on en mati\u00e8re de corruption. La purge mise en \u0153uvre dans l\u2019entourage du pouvoir ukrainien r\u00e9pond \u00e0 l\u2019exigence de transparence qui \u00e9mane de longue date de l\u2019opinion publique. Elle d\u00e9montre \u00e9galement que l\u2019attachement de l\u2019Ukraine aux valeurs europ\u00e9ennes et \u00e0 une n\u00e9cessaire moralisation n\u2019est pas une simple posture. En ce sens, il faut y voir un nouvel acte de rapprochement avec l\u2019UE.<\/p>\n<blockquote><p>\u00ab\u00a0Aux Europ\u00e9ens de faire enfin preuve de courage.\u00a0\u00bb<\/p><\/blockquote>\n<p>Au niveau diplomatique, les apparences sont \u00e9galement en partie trompeuses. Certes Donald Trump et son fid\u00e8le Steve Witkoff, dont on conna\u00eet d\u00e9sormais les liens d\u2019amiti\u00e9 avec Poutine, s\u2019activent pour un plan en forme de capitulation de l\u2019Ukraine. Mais la r\u00e9plique des Europ\u00e9ens et notamment de \u00ab\u00a0la coalition des volontaires\u00a0\u00bb men\u00e9e par la France, l\u2019Allemagne et le Royaume-Uni a une fois de plus emp\u00each\u00e9 la r\u00e9alisation de la funeste entreprise am\u00e9ricano-russe. La fronde d\u2019une frange du Parti R\u00e9publicain qui supporte mal l\u2019all\u00e9geance de Trump \u00e0 Poutine a d\u2019ailleurs jou\u00e9 un r\u00f4le important dans la \u00e9ni\u00e8me circonvolution du chef de la Maison-Blanche. Quoi qu\u2019il en soit, c\u2019est au moins un r\u00e9pit qui a \u00e9t\u00e9 accord\u00e9 \u00e0 l\u2019Ukraine.<\/p>\n<p>L\u2019Europe doit user de cette p\u00e9riode pour que son avanc\u00e9e dans ce moment charni\u00e8re ne soit pas aussi \u00e9ph\u00e9m\u00e8re que lors des \u00e9pisodes pr\u00e9c\u00e9dents. Elle dispose pour cela d\u2019une arme consid\u00e9rable de nature \u00e0 porter un coup redoutable \u00e0 l\u2019\u00e9conomie russe. Apr\u00e8s des ann\u00e9es d\u2019atermoiements, elle doit capter les milliards de fonds russes gel\u00e9s sur son territoire et que vise Donald Trump sans la moindre vergogne. Cette manne pourrait s\u2019av\u00e9rer d\u00e9cisive, d\u2019autant plus au moment o\u00f9 l\u2019Ukraine s\u2019engage dans la lutte contre la corruption. Aux Europ\u00e9ens de faire enfin preuve de courage.<\/p>\n","protected":false},"excerpt":{"rendered":"La r\u00e9daction vous conseille Sur le plan int\u00e9rieur, l\u2019\u00e9viction d\u2019Andriy Yermak, bras droit de Zelynsky, mis en cause&hellip;\n","protected":false},"author":2,"featured_media":569438,"comment_status":"","ping_status":"","sticky":false,"template":"","format":"standard","meta":{"footnotes":""},"categories":[1590],"tags":[11,1777,674,12,220],"class_list":{"0":"post-569437","1":"post","2":"type-post","3":"status-publish","4":"format-standard","5":"has-post-thumbnail","7":"category-ukraine","8":"tag-actualites","9":"tag-eu","10":"tag-europe","11":"tag-news","12":"tag-ukraine"},"share_on_mastodon":{"url":"https:\/\/pubeurope.com\/@fr\/115640150628246573","error":""},"_links":{"self":[{"href":"https:\/\/www.europesays.com\/fr\/wp-json\/wp\/v2\/posts\/569437","targetHints":{"allow":["GET"]}}],"collection":[{"href":"https:\/\/www.europesays.com\/fr\/wp-json\/wp\/v2\/posts"}],"about":[{"href":"https:\/\/www.europesays.com\/fr\/wp-json\/wp\/v2\/types\/post"}],"author":[{"embeddable":true,"href":"https:\/\/www.europesays.com\/fr\/wp-json\/wp\/v2\/users\/2"}],"replies":[{"embeddable":true,"href":"https:\/\/www.europesays.com\/fr\/wp-json\/wp\/v2\/comments?post=569437"}],"version-history":[{"count":0,"href":"https:\/\/www.europesays.com\/fr\/wp-json\/wp\/v2\/posts\/569437\/revisions"}],"wp:featuredmedia":[{"embeddable":true,"href":"https:\/\/www.europesays.com\/fr\/wp-json\/wp\/v2\/media\/569438"}],"wp:attachment":[{"href":"https:\/\/www.europesays.com\/fr\/wp-json\/wp\/v2\/media?parent=569437"}],"wp:term":[{"taxonomy":"category","embeddable":true,"href":"https:\/\/www.europesays.com\/fr\/wp-json\/wp\/v2\/categories?post=569437"},{"taxonomy":"post_tag","embeddable":true,"href":"https:\/\/www.europesays.com\/fr\/wp-json\/wp\/v2\/tags?post=569437"}],"curies":[{"name":"wp","href":"https:\/\/api.w.org\/{rel}","templated":true}]}}