{"id":569439,"date":"2025-11-30T18:50:18","date_gmt":"2025-11-30T18:50:18","guid":{"rendered":"https:\/\/www.europesays.com\/fr\/569439\/"},"modified":"2025-11-30T18:50:18","modified_gmt":"2025-11-30T18:50:18","slug":"holdener-sur-les-talons-de-shiffrin","status":"publish","type":"post","link":"https:\/\/www.europesays.com\/fr\/569439\/","title":{"rendered":"Holdener sur les talons de Shiffrin"},"content":{"rendered":"<p>Wendy Holdener a \u00e9t\u00e9 la seule \u00e0 rivaliser avec Mikaela Shiffrin lors de la premi\u00e8re manche du slalom de Copper Mountain. La Schwytzoise pointe \u00e0 0\u00a0\u00bb28 de l&rsquo;Am\u00e9ricaine.<\/p>\n<p>On ne sait pas si Wendy Holdener a ce qu&rsquo;il faut pour r\u00e9p\u00e9ter l&rsquo;exploit de Killington il y a trois ans lorsqu&rsquo;elle avait remport\u00e9 son premier slalom et enfin battu Mikaela Shiffrin. Mais la Schwytzoise a \u00e9t\u00e9 la seule \u00e0 regarder la plus grande slalomeuse de tous les temps dans les yeux. Hormis le dernier partiel o\u00f9 elle a perdu vingt centi\u00e8mes, la skieuse d&rsquo;Unteriberg est rest\u00e9e au contact de celle qui skie \u00ab\u00a0\u00e0 la maison\u00a0\u00bb.<\/p>\n<p>Camille Rast a elle r\u00e9ussi une bonne partie interm\u00e9diaire, mais elle a connu davantage de soucis au d\u00e9part et \u00e0 l&rsquo;arriv\u00e9e. Toujours est-il que la Valaisanne est dans le coup avec sa 6e place provisoire \u00e0 1\u00a0\u00bb18. La troisi\u00e8me place de Liensberger n&rsquo;est pas si loin (0\u00a0\u00bb49).<\/p>\n<p>Tr\u00e8s bon r\u00e9sultat pour Eliane Christen, 13e \u00e0 1\u00a0\u00bb92 dans des conditions moins \u00e9videntes que les premi\u00e8res concurrentes. Quatre autres repr\u00e9sentantes de Swiss-Ski ont r\u00e9ussi \u00e0 se hisser en seconde manche (d\u00e8s 21h). Aline Danioth est 23e \u00e0 3\u00a0\u00bb41, Nicole Good 26e, Anuk Br\u00e4ndli 29e \u00e0 3\u00a0\u00bb69, \u00e0 \u00e9galit\u00e9 avec M\u00e9lanie Meillard qui a totalement manqu\u00e9 son run. Et le pire, c&rsquo;est que l&rsquo;athl\u00e8te d&rsquo;H\u00e9r\u00e9mence n&rsquo;a pas commis de faute majeure. 32e, Aline H\u00f6pli a donc manqu\u00e9 la qualification pour six centi\u00e8mes.<\/p>\n<p class=\"sources\">ats\/efas<\/p>\n","protected":false},"excerpt":{"rendered":"Wendy Holdener a \u00e9t\u00e9 la seule \u00e0 rivaliser avec Mikaela Shiffrin lors de la premi\u00e8re manche du slalom&hellip;\n","protected":false},"author":2,"featured_media":569440,"comment_status":"","ping_status":"","sticky":false,"template":"","format":"standard","meta":{"footnotes":""},"categories":[1589],"tags":[68481,11,13989,68482,68483,73,1866,68484,68485,67923,12,4129,14276,14355,517,3067,1864,1865,1863,308,68486],"class_list":{"0":"post-569439","1":"post","2":"type-post","3":"status-publish","4":"format-standard","5":"has-post-thumbnail","7":"category-etats-unis","8":"tag-1ere-manche","9":"tag-actualites","10":"tag-autriche","11":"tag-canton-de-schwytz","12":"tag-coupe-du-monde-dames-slalom-1ere-manche","13":"tag-etats-unis","14":"tag-etats-unis-damerique","15":"tag-katharina-liensberger","16":"tag-mikaela-shiffrin","17":"tag-montagne-copper","18":"tag-news","19":"tag-ski","20":"tag-ski-alpin","21":"tag-slalom","22":"tag-sport","23":"tag-suisse","24":"tag-united-states","25":"tag-united-states-of-america","26":"tag-us","27":"tag-usa","28":"tag-wendy-holdener"},"share_on_mastodon":{"url":"https:\/\/pubeurope.com\/@fr\/115640154649031383","error":""},"_links":{"self":[{"href":"https:\/\/www.europesays.com\/fr\/wp-json\/wp\/v2\/posts\/569439","targetHints":{"allow":["GET"]}}],"collection":[{"href":"https:\/\/www.europesays.com\/fr\/wp-json\/wp\/v2\/posts"}],"about":[{"href":"https:\/\/www.europesays.com\/fr\/wp-json\/wp\/v2\/types\/post"}],"author":[{"embeddable":true,"href":"https:\/\/www.europesays.com\/fr\/wp-json\/wp\/v2\/users\/2"}],"replies":[{"embeddable":true,"href":"https:\/\/www.europesays.com\/fr\/wp-json\/wp\/v2\/comments?post=569439"}],"version-history":[{"count":0,"href":"https:\/\/www.europesays.com\/fr\/wp-json\/wp\/v2\/posts\/569439\/revisions"}],"wp:featuredmedia":[{"embeddable":true,"href":"https:\/\/www.europesays.com\/fr\/wp-json\/wp\/v2\/media\/569440"}],"wp:attachment":[{"href":"https:\/\/www.europesays.com\/fr\/wp-json\/wp\/v2\/media?parent=569439"}],"wp:term":[{"taxonomy":"category","embeddable":true,"href":"https:\/\/www.europesays.com\/fr\/wp-json\/wp\/v2\/categories?post=569439"},{"taxonomy":"post_tag","embeddable":true,"href":"https:\/\/www.europesays.com\/fr\/wp-json\/wp\/v2\/tags?post=569439"}],"curies":[{"name":"wp","href":"https:\/\/api.w.org\/{rel}","templated":true}]}}