{"id":569451,"date":"2025-11-30T18:56:18","date_gmt":"2025-11-30T18:56:18","guid":{"rendered":"https:\/\/www.europesays.com\/fr\/569451\/"},"modified":"2025-11-30T18:56:18","modified_gmt":"2025-11-30T18:56:18","slug":"un-enfant-de-9-ans-se-tue-accidentellement-avec-le-pistolet-dun-ami-de-ses-parents","status":"publish","type":"post","link":"https:\/\/www.europesays.com\/fr\/569451\/","title":{"rendered":"Un enfant de 9 ans se tue accidentellement avec le pistolet d\u2019un ami de ses parents"},"content":{"rendered":"<p>Alors que ses parents donnaient un coup de main \u00e0 un ami pour l\u2019aider \u00e0 d\u00e9m\u00e9nager, <a href=\"https:\/\/www.20minutes.fr\/dossier\/enfant\" class=\"c-link c-link--is-underlined\" target=\"_blank\" rel=\"noopener\">un enfant<\/a> de 9 ans s\u2019est gri\u00e8vement bless\u00e9 avec <a href=\"https:\/\/www.20minutes.fr\/dossier\/armes\" class=\"c-link c-link--is-underlined\" target=\"_blank\" rel=\"noopener\">un pistolet charg\u00e9<\/a> appartenant \u00e0 cet ami de la famille. Transf\u00e9r\u00e9 par <a href=\"https:\/\/www.20minutes.fr\/dossier\/helicoptere\" class=\"c-link c-link--is-underlined\" target=\"_blank\" rel=\"noopener\">h\u00e9licopt\u00e8re<\/a> \u00e0 l\u2019h\u00f4pital de Clocheville \u00e0 Tours avec un pronostic vital engag\u00e9, l\u2019enfant est finalement d\u00e9c\u00e9d\u00e9 ce dimanche \u00e0 1 heure du matin.<\/p>\n<p>Le propri\u00e9taire de l\u2019arme plac\u00e9 en garde \u00e0 vue<\/p>\n<p>Le drame est survenu samedi matin vers 11 heures \u00e0 Saint-Doulchard pr\u00e8s de Bourges, dans le quartier des Verdins, <a href=\"https:\/\/www.francebleu.fr\/infos\/faits-divers-justice\/saint-doulchard-un-enfant-gravement-blesse-par-arme-a-feu-7821117\" target=\"_blank\" class=\"c-link c-link--is-underlined\" rel=\"noopener\">rapporte Ici Berry. <\/a>L\u2019enfant s\u2019est <a href=\"https:\/\/www.20minutes.fr\/dossier\/accident\" class=\"c-link c-link--is-underlined\" target=\"_blank\" rel=\"noopener\">tir\u00e9 accidentellement<\/a> une balle dans la t\u00eate en manipulant un revolver 22 long rifle \u00e0 un coup selon les premiers \u00e9l\u00e9ments communiqu\u00e9s par le parquet \u00e0 nos confr\u00e8res. Il semblerait que l\u2019arme avait \u00e9t\u00e9 isol\u00e9e mais que l\u2019enfant l\u2019a tout de m\u00eame trouv\u00e9.<\/p>\n<\/p>\n<p>Le locataire du logement et propri\u00e9taire de l\u2019arme, un homme de 56 ans, a \u00e9t\u00e9 plac\u00e9 en garde \u00e0 vue. <a href=\"https:\/\/www.20minutes.fr\/dossier\/enquete\" class=\"c-link c-link--is-underlined\" target=\"_blank\" rel=\"noopener\">Une enqu\u00eate<\/a> pour blessures involontaires est ouverte pour d\u00e9terminer les circonstances exactes de ce drame.<\/p>\n","protected":false},"excerpt":{"rendered":"Alors que ses parents donnaient un coup de main \u00e0 un ami pour l\u2019aider \u00e0 d\u00e9m\u00e9nager, un enfant&hellip;\n","protected":false},"author":2,"featured_media":569452,"comment_status":"","ping_status":"","sticky":false,"template":"","format":"standard","meta":{"footnotes":""},"categories":[2],"tags":[119,47,11,6376,10302,7343,3348,847,118,652,1011,27,1387,12,25,1390],"class_list":{"0":"post-569451","1":"post","2":"type-post","3":"status-publish","4":"format-standard","5":"has-post-thumbnail","7":"category-actualites","8":"tag-accident","9":"tag-actualite","10":"tag-actualites","11":"tag-armes","12":"tag-bourges","13":"tag-centre-val-de-loire","14":"tag-drame","15":"tag-enfant","16":"tag-faits-divers","17":"tag-famille","18":"tag-fr","19":"tag-france","20":"tag-indre-et-loire","21":"tag-news","22":"tag-republique-francaise","23":"tag-tours"},"share_on_mastodon":{"url":"https:\/\/pubeurope.com\/@fr\/115640178188041119","error":""},"_links":{"self":[{"href":"https:\/\/www.europesays.com\/fr\/wp-json\/wp\/v2\/posts\/569451","targetHints":{"allow":["GET"]}}],"collection":[{"href":"https:\/\/www.europesays.com\/fr\/wp-json\/wp\/v2\/posts"}],"about":[{"href":"https:\/\/www.europesays.com\/fr\/wp-json\/wp\/v2\/types\/post"}],"author":[{"embeddable":true,"href":"https:\/\/www.europesays.com\/fr\/wp-json\/wp\/v2\/users\/2"}],"replies":[{"embeddable":true,"href":"https:\/\/www.europesays.com\/fr\/wp-json\/wp\/v2\/comments?post=569451"}],"version-history":[{"count":0,"href":"https:\/\/www.europesays.com\/fr\/wp-json\/wp\/v2\/posts\/569451\/revisions"}],"wp:featuredmedia":[{"embeddable":true,"href":"https:\/\/www.europesays.com\/fr\/wp-json\/wp\/v2\/media\/569452"}],"wp:attachment":[{"href":"https:\/\/www.europesays.com\/fr\/wp-json\/wp\/v2\/media?parent=569451"}],"wp:term":[{"taxonomy":"category","embeddable":true,"href":"https:\/\/www.europesays.com\/fr\/wp-json\/wp\/v2\/categories?post=569451"},{"taxonomy":"post_tag","embeddable":true,"href":"https:\/\/www.europesays.com\/fr\/wp-json\/wp\/v2\/tags?post=569451"}],"curies":[{"name":"wp","href":"https:\/\/api.w.org\/{rel}","templated":true}]}}