{"id":569468,"date":"2025-11-30T19:09:19","date_gmt":"2025-11-30T19:09:19","guid":{"rendered":"https:\/\/www.europesays.com\/fr\/569468\/"},"modified":"2025-11-30T19:09:19","modified_gmt":"2025-11-30T19:09:19","slug":"au-louvre-les-toiles-du-maitre-jacques-louis-david-font-revivre-lhistoire","status":"publish","type":"post","link":"https:\/\/www.europesays.com\/fr\/569468\/","title":{"rendered":"Au Louvre, les toiles du ma\u00eetre Jacques-Louis David font revivre l\u2019Histoire"},"content":{"rendered":"<p>\n    <strong>CRITIQUE &#8211;<\/strong> Le Louvre a r\u00e9uni une centaine de tableaux du ma\u00eetre n\u00e9oclassique, dont les \u0153uvres ont toujours fascin\u00e9 des g\u00e9n\u00e9rations enti\u00e8res dans les livres d\u2019histoire. Mais les conna\u00eet-on si bien\u00a0?<\/p>\n<p class=\"fig-paragraph\">Qui n\u2019a jamais vu dans un manuel scolaire ou un livre d\u2019histoire des peintures de\u00a0<a href=\"http:\/\/www.lefigaro.fr\/culture\/dossier\/douze-journees-de-la-vie-de-jacques-louis-david\" data-fig-type=\"Topic\" data-gtm-custom-categorie=\"navigation\" data-gtm-custom-action=\"crossclick\" data-gtm-custom-label=\"Contextuel\" data-gtm-event=\"customEventSPE\" data-fig-domain=\"LEFIGARO\" target=\"_blank\" rel=\"noopener\">Jacques-Louis David<\/a>\u00a0(1748-1825)\u00a0? Du Serment des Horaces \u00e0 Bonapartefranchissant le Grand-Saint-Bernard, en passant par Le Serment du Jeu de paume et La\u00a0<a href=\"http:\/\/www.lefigaro.fr\/histoire\/quand-le-peintre-jacques-louis-david-immortalisa-son-ami-marat-en-martyr-de-la-revolution-20251018\" data-fig-type=\"Article\" data-gtm-custom-categorie=\"navigation\" data-gtm-custom-action=\"crossclick\" data-gtm-custom-label=\"Contextuel\" data-gtm-event=\"customEventSPE\" data-fig-domain=\"LEFIGARO\" target=\"_blank\" rel=\"noopener\">Mort de Marat<\/a> , sans oublier son portrait de Juliette R\u00e9camier, son art aura travers\u00e9 les \u00e9poques et marqu\u00e9 les esprits. Mais ce que le grand public ignore, bien souvent, c\u2019est la signification profonde de chacune d\u2019elles et le r\u00f4le exact jou\u00e9 par leur auteur au moment de leur r\u00e9alisation. Car le natif de Paris n\u2019\u00e9tait pas qu\u2019un g\u00e9nial artiste. Il \u00e9tait aussi un homme engag\u00e9. Et notamment durant la R\u00e9volution, o\u00f9 il occupa de hautes fonctions au c\u00f4t\u00e9 de Robespierre avant de conna\u00eetre l\u2019exil \u00e0 la chute de Napol\u00e9on et de s\u2019\u00e9teindre au cours de son exil bruxellois\u2026<\/p>\n<p class=\"fig-paragraph\">Tout au long d\u2019un parcours riche d\u2019une centaine de tableaux, r\u00e9unis par les commissaires S\u00e9bastien Allard et C\u00f4me Fabre, le Louvre fait toute la lumi\u00e8re sur son \u0153uvre et son existence\u2026 quelque\u2026<\/p>\n<p class=\"fig-premium-paywall__infos\">\n        Cet article est r\u00e9serv\u00e9 aux abonn\u00e9s.        Il vous reste 89% \u00e0 d\u00e9couvrir.\n    <\/p>\n<p>                <img  data- alt=\"Le Figaro\" class=\"fig-img--complete fig-img\"\/><\/p>\n<p class=\"fig-premium-paywall__title\">Black Friday : derniers jours<\/p>\n<p class=\"fig-premium-paywall__subtitle\">-70% sur l&rsquo;abonnement num\u00e9rique<\/p>\n<p class=\"fig-premium-paywall__connect\">\n                D\u00e9j\u00e0 abonn\u00e9\u00a0?                <a class=\"fig-premium-paywall__connect-link\" href=\"https:\/\/connect.lefigaro.fr\/login?client=horizon_web&amp;type=main&amp;redirect_uri=https%3A%2F%2Fwww.lefigaro.fr%2Farts-expositions%2Fau-louvre-les-toiles-du-maitre-jacques-louis-david-font-revivre-l-histoire-20251130\" data-js-gtm=\"{&quot;customCategorie&quot;: &quot;conversion&quot;, &quot;customAction&quot;: &quot;before_Landing_Connexion_paywall_auto&quot;, &quot;customLabel&quot;: &quot;bGVmaWdhcm8uZnJfXzFmMGNjMzE4LWJmYmEtNjRlOC1hMzgxLTM5N2RhZmY5ZDdkYl9fQXJ0aWNsZQ==_Au Louvre, les toiles du ma\u00eetre Jacques-Louis David font revivre l\u2019Histoire_192&quot;, &quot;customIDSPE&quot;: &quot;bGVmaWdhcm8uZnJfXzFmMGNjMzE4LWJmYmEtNjRlOC1hMzgxLTM5N2RhZmY5ZDdkYl9fQXJ0aWNsZQ==&quot;, &quot;event&quot;: &quot;customEventSPE&quot;}\" target=\"_blank\" rel=\"noopener\"><br \/>\n                    Connectez-vous<br \/>\n                <\/a>\n            <\/p>\n","protected":false},"excerpt":{"rendered":"CRITIQUE &#8211; Le Louvre a r\u00e9uni une centaine de tableaux du ma\u00eetre n\u00e9oclassique, dont les \u0153uvres ont toujours&hellip;\n","protected":false},"author":2,"featured_media":569469,"comment_status":"","ping_status":"","sticky":false,"template":"","format":"standard","meta":{"footnotes":""},"categories":[1358],"tags":[1348,1384,1385,1386,58,59,1011,27,1585],"class_list":{"0":"post-569468","1":"post","2":"type-post","3":"status-publish","4":"format-standard","5":"has-post-thumbnail","7":"category-arts-et-design","8":"tag-arts","9":"tag-arts-and-design","10":"tag-arts-et-design","11":"tag-design","12":"tag-divertissement","13":"tag-entertainment","14":"tag-fr","15":"tag-france","16":"tag-peinture"},"share_on_mastodon":{"url":"https:\/\/pubeurope.com\/@fr\/115640229080737195","error":""},"_links":{"self":[{"href":"https:\/\/www.europesays.com\/fr\/wp-json\/wp\/v2\/posts\/569468","targetHints":{"allow":["GET"]}}],"collection":[{"href":"https:\/\/www.europesays.com\/fr\/wp-json\/wp\/v2\/posts"}],"about":[{"href":"https:\/\/www.europesays.com\/fr\/wp-json\/wp\/v2\/types\/post"}],"author":[{"embeddable":true,"href":"https:\/\/www.europesays.com\/fr\/wp-json\/wp\/v2\/users\/2"}],"replies":[{"embeddable":true,"href":"https:\/\/www.europesays.com\/fr\/wp-json\/wp\/v2\/comments?post=569468"}],"version-history":[{"count":0,"href":"https:\/\/www.europesays.com\/fr\/wp-json\/wp\/v2\/posts\/569468\/revisions"}],"wp:featuredmedia":[{"embeddable":true,"href":"https:\/\/www.europesays.com\/fr\/wp-json\/wp\/v2\/media\/569469"}],"wp:attachment":[{"href":"https:\/\/www.europesays.com\/fr\/wp-json\/wp\/v2\/media?parent=569468"}],"wp:term":[{"taxonomy":"category","embeddable":true,"href":"https:\/\/www.europesays.com\/fr\/wp-json\/wp\/v2\/categories?post=569468"},{"taxonomy":"post_tag","embeddable":true,"href":"https:\/\/www.europesays.com\/fr\/wp-json\/wp\/v2\/tags?post=569468"}],"curies":[{"name":"wp","href":"https:\/\/api.w.org\/{rel}","templated":true}]}}