{"id":569470,"date":"2025-11-30T19:11:15","date_gmt":"2025-11-30T19:11:15","guid":{"rendered":"https:\/\/www.europesays.com\/fr\/569470\/"},"modified":"2025-11-30T19:11:15","modified_gmt":"2025-11-30T19:11:15","slug":"michael-goldman-star-academy-devoile-les-regles-particulieres-des-evaluations-de-la-semaine-speciale-comedie-musicale","status":"publish","type":"post","link":"https:\/\/www.europesays.com\/fr\/569470\/","title":{"rendered":"Michael Goldman (Star Academy) d\u00e9voile les r\u00e8gles particuli\u00e8res des \u00e9valuations de la semaine sp\u00e9ciale com\u00e9die musicale"},"content":{"rendered":"<p>Ce dimanche 30 novembre, les \u00e9l\u00e8ves de la Star Academy ont re\u00e7u la visite de leur directeur Michael Goldman. Il a d\u00e9voil\u00e9 les modalit\u00e9s des \u00e9valuations de la semaine sp\u00e9ciale com\u00e9die musicale qui auront lieu plus t\u00f4t que d&rsquo;habitude.<\/p>\n<p>Pas le temps de se reposer pour les \u00e9l\u00e8ves de la Star Academy. Au lendemain d&rsquo;un prime marqu\u00e9 par <a href=\"https:\/\/www.programme-tv.net\/news\/tv\/393071-star-academy-2025-quel-eleve-a-ete-elimine-lors-du-prime-de-ce-samedi-29-novembre\/\" data-api-deeplink=\"teleloisirs:\/\/news\/393071\" target=\"_blank\" rel=\"noopener\">l&rsquo;\u00e9limination de Th\u00e9o L.<\/a>, ils ont re\u00e7u la visite de Marl\u00e8ne ce dimanche 30 novembre. Dans le direct diffus\u00e9 sur TF1+, la professeure leur a propos\u00e9 un d\u00e9brief de leurs prestations. Apr\u00e8s les avoir mis en garde concernant <a href=\"https:\/\/www.programme-tv.net\/news\/tv\/393123-il-faut-tenir-la-route-marlene-schaff-star-academy-alerte-les-eleves-sur-la-tournee-des-le-debut-du-debrief\/\" data-api-deeplink=\"teleloisirs:\/\/news\/393123\" target=\"_blank\" rel=\"noopener\">le peu de place pour la tourn\u00e9e <\/a>qui les attend, elle a f\u00e9licit\u00e9 les acad\u00e9miciens pour leurs prestations plut\u00f4t bien r\u00e9ussies. Juste apr\u00e8s son d\u00e9part, Anouk a re\u00e7u un message du parrain de la saison, <a href=\"https:\/\/www.programme-tv.net\/biographie\/214429-sheeran-ed\/\" data-link-people=\"48bdf8eb-d01c-44a2-80b1-1694cf309abe\" target=\"_blank\" rel=\"noopener\">Ed Sheeran<\/a>, qui lui a annonc\u00e9 qu&rsquo;<a href=\"https:\/\/www.programme-tv.net\/news\/tv\/393074-star-academy-2025-quel-eleve-a-gagne-le-duo-avec-ed-sheeran\/\" data-api-deeplink=\"teleloisirs:\/\/news\/393074\" target=\"_blank\" rel=\"noopener\">elle a \u00e9t\u00e9 choisie pour chanter en duo avec lui<\/a> au Z\u00e9nith de Paris. Enfin, Michael Goldman, est venu annoncer aux candidats les modalit\u00e9s des \u00e9valuations de cette semaine.<\/p>\n<p>Les jeunes chanteurs vont avoir tr\u00e8s peu de temps pour pr\u00e9parer leurs \u00e9valuations qui ont lieu ce lundi matin. Cette semaine,<a href=\"https:\/\/www.programme-tv.net\/news\/tv\/393115-michael-goldman-annonce-le-programme-du-prochain-prime-de-la-star-academy-2025-et-les-surprises-qui-attendent-les-eleves-cette-semaine\/\" data-api-deeplink=\"teleloisirs:\/\/news\/393115\" target=\"_blank\" rel=\"noopener\"> le th\u00e8me est com\u00e9die musicale<\/a>. \u00ab\u00a0C\u2019est une semaine qu\u2019on adore \u00e0 la Star Academy parce que c\u2019est un th\u00e8me qui rassemble un peu toutes les mati\u00e8res que les \u00e9l\u00e8ves travaillent\u00a0\u00bb, avait d\u00e9clar\u00e9 le directeur dans l&rsquo;after diffus\u00e9 apr\u00e8s le prime. Ce dimanche, il a expliqu\u00e9 aux \u00e9l\u00e8ves ce que les professeurs attendaient d&rsquo;eux. Chaque candidat devra proposer une prestation fa\u00e7on com\u00e9die musicale. Ils ont le droit de faire une mise en sc\u00e8ne et, avant de chanter, ils pourront proposer une petite sayn\u00e8te ou une explication de ce qu&rsquo;ils vont pr\u00e9senter. Le challenge, c&rsquo;est qu&rsquo;ils vont devoir se plonger dans la peau d&rsquo;un autre. \u00ab\u00a0Il va falloir jouer un personnage\u00a0\u00bb, a indiqu\u00e9 Michael Goldman avant de d\u00e9voiler les titres parmi lesquels les \u00e9l\u00e8ves pourront choisir. Pour ces \u00e9valuations, les acad\u00e9miciens auront le choix entre  Si de Zaz, Speed de Zazie, Donne-moi le temps de Jenifer, Coups et blessures des BB Brune, F\u00eate de trop d&rsquo;Eddy de Pretto, Voyage, voyage, la reprise d&rsquo;ESTL, Ch\u00e2telet les Halles de <a href=\"https:\/\/www.programme-tv.net\/biographie\/515-pagny-florent\/\" data-link-people=\"6c6d0e5f-1f7b-42c3-ad02-594764c3c617\" target=\"_blank\" rel=\"noopener\">Florent Pagny<\/a>, Danser encore de Calogero et Ta main de Gr\u00e9goire.<\/p>\n<p>                        Michael Golman met en garde les \u00e9l\u00e8ves de la Star Academy pour les \u00e9valuations<\/p>\n<p>Le directeur a tenu \u00e0 les mettre en garde, il a peur qu&rsquo;ils choisissent tous la reprise d&rsquo;ESTL. \u00ab\u00a0Faites attention \u00e0 pas \u00eatre quatre dessus parce que forc\u00e9ment, \u00e7a fait de la comparaison et c&rsquo;est pas forc\u00e9ment le bon choix\u00a0\u00bb, a-t-il indiqu\u00e9. Ces derniers sont donc partis r\u00e9viser et ont demand\u00e9 des conseils \u00e0 <a href=\"https:\/\/www.programme-tv.net\/news\/tv\/390099-star-academy-qui-est-bastiaan-candidat-qui-a-joue-dans-la-serie-josephine-ange-gardien\/\" data-api-deeplink=\"teleloisirs:\/\/news\/390099\" target=\"_blank\" rel=\"noopener\">Bastiaan, qui a de l&rsquo;exp\u00e9rience en com\u00e9dies musicales<\/a>.<\/p>\n","protected":false},"excerpt":{"rendered":"Ce dimanche 30 novembre, les \u00e9l\u00e8ves de la Star Academy ont re\u00e7u la visite de leur directeur Michael&hellip;\n","protected":false},"author":2,"featured_media":569471,"comment_status":"","ping_status":"","sticky":false,"template":"","format":"standard","meta":{"footnotes":""},"categories":[1356],"tags":[244,58,59,1011,27,64696,64698,64694,64695,18439,5095,64699,64697,67813,68033,252,199,2175,1364],"class_list":{"0":"post-569470","1":"post","2":"type-post","3":"status-publish","4":"format-standard","5":"has-post-thumbnail","7":"category-television","8":"tag-commentaire","9":"tag-divertissement","10":"tag-entertainment","11":"tag-fr","12":"tag-france","13":"tag-la-quotidienne-25112022-173000-tf1","14":"tag-la-quotidienne-su00e9rie-52118294","15":"tag-la-quotidienne-1100832954","16":"tag-la-quotidienne-1100860641","17":"tag-michael-goldman","18":"tag-star-academy","19":"tag-star-academy-le-prime-9790195","20":"tag-star-academy-1100807804","21":"tag-star-academy-1101059444","22":"tag-star-academy-1101324617","23":"tag-television","24":"tag-tf1","25":"tag-tl-story","26":"tag-tv"},"share_on_mastodon":{"url":"https:\/\/pubeurope.com\/@fr\/115640237156229277","error":""},"_links":{"self":[{"href":"https:\/\/www.europesays.com\/fr\/wp-json\/wp\/v2\/posts\/569470","targetHints":{"allow":["GET"]}}],"collection":[{"href":"https:\/\/www.europesays.com\/fr\/wp-json\/wp\/v2\/posts"}],"about":[{"href":"https:\/\/www.europesays.com\/fr\/wp-json\/wp\/v2\/types\/post"}],"author":[{"embeddable":true,"href":"https:\/\/www.europesays.com\/fr\/wp-json\/wp\/v2\/users\/2"}],"replies":[{"embeddable":true,"href":"https:\/\/www.europesays.com\/fr\/wp-json\/wp\/v2\/comments?post=569470"}],"version-history":[{"count":0,"href":"https:\/\/www.europesays.com\/fr\/wp-json\/wp\/v2\/posts\/569470\/revisions"}],"wp:featuredmedia":[{"embeddable":true,"href":"https:\/\/www.europesays.com\/fr\/wp-json\/wp\/v2\/media\/569471"}],"wp:attachment":[{"href":"https:\/\/www.europesays.com\/fr\/wp-json\/wp\/v2\/media?parent=569470"}],"wp:term":[{"taxonomy":"category","embeddable":true,"href":"https:\/\/www.europesays.com\/fr\/wp-json\/wp\/v2\/categories?post=569470"},{"taxonomy":"post_tag","embeddable":true,"href":"https:\/\/www.europesays.com\/fr\/wp-json\/wp\/v2\/tags?post=569470"}],"curies":[{"name":"wp","href":"https:\/\/api.w.org\/{rel}","templated":true}]}}