{"id":569472,"date":"2025-11-30T19:12:13","date_gmt":"2025-11-30T19:12:13","guid":{"rendered":"https:\/\/www.europesays.com\/fr\/569472\/"},"modified":"2025-11-30T19:12:13","modified_gmt":"2025-11-30T19:12:13","slug":"comment-il-a-celebre-son-deuxieme-thanksgiving-derriere-les-barreaux","status":"publish","type":"post","link":"https:\/\/www.europesays.com\/fr\/569472\/","title":{"rendered":"comment il a c\u00e9l\u00e9br\u00e9 son deuxi\u00e8me Thanksgiving derri\u00e8re les barreaux"},"content":{"rendered":"<p>Pour la deuxi\u00e8me ann\u00e9e cons\u00e9cutive, P. Diddy a c\u00e9l\u00e9br\u00e9 Thanksgiving en prison. Fid\u00e8le aux changements qu\u2019il assure avoir fait en lui, le rappeur a particip\u00e9 \u00e0 l\u2019organisation de cette f\u00eate am\u00e9ricaine. <\/p>\n<p>Avant de conna\u00eetre la peine qui devait \u00eatre prononc\u00e9e par le juge, <a href=\"https:\/\/www.parismatch.com\/bio\/p-diddy\" target=\"_blank\" rel=\"noopener\">P.\u00a0Diddy<\/a> <a href=\"https:\/\/www.parismatch.com\/People\/lancien-moi-est-mort-en-prison-avant-de-connaitre-sa-peine-p-diddy-ecrit-une-lettre-dexcuses-258022\" target=\"_blank\" rel=\"noopener\">lui avait envoy\u00e9 une longue lettre<\/a> affirmant avoir chang\u00e9, vouloir gu\u00e9rir de ses d\u00e9mons et \u00eatre pr\u00eat \u00e0 apporter son aide \u00e0 ses cod\u00e9tenus. Un courrier qui avait vivement fait r\u00e9agir. D\u2019un c\u00f4t\u00e9, certains affirmaient qu\u2019il s\u2019agissait de mots visant \u00e0 apitoyer le juge alors que le rappeur a r\u00e9pandu la peur durant des d\u00e9cennies autour de lui, d\u2019autres \u2013 ses avocats \u2013 affirmaient qu\u2019il avait bel et bien entam\u00e9 son chemin vers une nouvelle vie.<\/p>\n<p>Finalement, le milliardaire d\u00e9clar\u00e9 coupable en juillet dernier de transport \u00e0 des fins de prostitution avait \u00e9cop\u00e9 de 4\u00a0ans de prison. Peine \u00e0 laquelle s\u2019est ajout\u00e9 un mois suppl\u00e9mentaire en novembre dernier apr\u00e8s des r\u00e9v\u00e9lations selon lesquelles le fondateur de Bad Boy Records aurait enfreint plusieurs r\u00e8gles durant son incarc\u00e9ration. Il aurait notamment \u00e9t\u00e9 surpris en train de boire de l\u2019alcool fait maison dans la prison, un m\u00e9lange de soda Fanta, de sucre et de pommes, laiss\u00e9 \u00e0 fermenter pendant deux semaines selon TMZ. Son \u00e9quipe, elle, assure qu\u2019il suit un programme de d\u00e9sintoxication et s\u2019engage aupr\u00e8s des autres d\u00e9tenus.<\/p>\n<p>    La suite apr\u00e8s cette publicit\u00e9<\/p>\n<p>Il finance les repas<\/p>\n<p>Alors que jeudi, les \u00c9tats-Unis c\u00e9l\u00e9braient Thanksgiving, il a donc d\u00e9cid\u00e9 de prouver sa bonne foi en organisant et finan\u00e7ant un repas pr\u00e9par\u00e9 par les d\u00e9tenus\u00a0pour cette f\u00eate traditionnelle am\u00e9ricaine. Le magazine \u00ab\u00a0<a href=\"https:\/\/www.usmagazine.com\/celebrity-news\/news\/diddy-helped-organize-prison-thanksgiving-meal-for-1000-inmates\/\" target=\"_blank\" rel=\"noopener\">US Weekly<\/a>\u00a0\u00bb, qui r\u00e9v\u00e8le cette information en exclusivit\u00e9, explique que plus de 1\u00a0000 hommes ont pu profiter de ce repas au sein de l\u2019\u00e9tablissement f\u00e9d\u00e9ral. \u00ab\u00a0Pour moi, Thanksgiving, c\u2019est avant tout s\u2019assurer que les autres aient de quoi manger\u00a0\u00bb, a d\u00e9clar\u00e9 Diddy en au m\u00e9dia\u00a0par l\u2019interm\u00e9diaire de son porte-parole. \u00ab\u00a0Tout le monde a le mal du pays. Les f\u00eates peuvent \u00eatre difficiles. On voulait simplement se retrouver en famille et faire quelque chose \u00e0 notre fa\u00e7on.\u00a0\u00bb<\/p>\n<p>    La suite apr\u00e8s cette publicit\u00e9<\/p>\n<p>D\u2019apr\u00e8s \u00ab\u00a0US Weekly\u00a0\u00bb, Sean Combs de son vrai nom s\u2019est associ\u00e9 \u00e0 un groupe interne appel\u00e9 Bankroll Bosses pour organiser ce repas. Le producteur de musique et d\u2019autres personnes se sont port\u00e9s volontaires pour acheter de la nourriture \u00e0 la cantine. En plus de ces achats, le groupe a pass\u00e9 deux jours \u00e0 pr\u00e9parer les repas avant de les distribuer dans chaque cellule. \u00ab\u00a0On a pr\u00e9par\u00e9 les repas et on les a distribu\u00e9s dans tous les b\u00e2timents\u00a0\u00bb, a expliqu\u00e9 \u00e0 \u00ab\u00a0Us Weekly\u00a0\u00bb BI, ancien chef de gang. \u00ab\u00a0Il y en avait assez pour environ 200 personnes par b\u00e2timent. On a mis deux jours \u00e0 tout pr\u00e9parer.\u00a0\u00bb \u00ab\u00a0Il y a beaucoup d\u2019id\u00e9es fausses sur la prison. Il y r\u00e8gne une forte solidarit\u00e9\u00a0\u00bb, a ajout\u00e9 P. Diddy. \u00ab\u00a0On se soutient tous. C\u2019est que du positif.\u00a0\u00bb<\/p>\n<p>De nombreuses plaintes<\/p>\n<p>P.\u00a0Diddy est incarc\u00e9r\u00e9 depuis septembre\u00a02024. L\u2019an dernier, le menu de son Thanksgiving avait \u00e9t\u00e9 d\u00e9voil\u00e9. Un repas des plus classiques pour une prison am\u00e9ricaine\u00a0: pour le petit-d\u00e9jeuner, le menu comprenait des fruits, des c\u00e9r\u00e9ales, des viennoiseries et du lait \u00e9cr\u00e9m\u00e9. Le d\u00e9jeuner sp\u00e9cial Thanksgiving \u00e9tait fait d\u2019un r\u00f4ti de dinde, de la pur\u00e9e de pommes de terre, des l\u00e9gumes m\u00e9lang\u00e9s, de la sauce aux cranberries, de la sauce \u00e0 la dinde, des petits pains et de la margarine. Des tartes de f\u00eates vari\u00e9es \u00e9taient disponibles pour le dessert. Quant au d\u00eener, les d\u00e9tenus s\u2019\u00e9taient vus servir des sandwichs au beurre de cacahu\u00e8te et \u00e0 la confiture, des chips de pommes de terre, du pain de bl\u00e9 entier, des fruits et une option de boisson.<\/p>\n<p>    La suite apr\u00e8s cette publicit\u00e9<\/p>\n<p>    La suite apr\u00e8s cette publicit\u00e9<\/p>\n<p>Si P. Diddy devrait \u00eatre libre dans quatre ans (ou plus t\u00f4t s\u2019il b\u00e9n\u00e9ficie d\u2019une lib\u00e9ration conditionnelle) ses probl\u00e8mes judiciaires ne sont pas termin\u00e9s pour autant. Au civil, des dizaines de personnes l\u2019accusent d\u2019abus sexuels et ont port\u00e9 plainte contre lui.<\/p>\n<p>Son proc\u00e8s f\u00e9d\u00e9ral a par ailleurs donn\u00e9 lieu \u00e0 de nombreuses r\u00e9v\u00e9lations gla\u00e7antes, notamment durant le t\u00e9moignage de son ex-compagne, la chanteuse Cassie. Celle-ci a\u00a0<a href=\"https:\/\/www.parismatch.com\/People\/la-video-entiere-devoilee-ce-quil-sest-reellement-passe-dans-les-couloirs-de-lhotel-ou-diddy-a-agresse-cassie-251428\" target=\"_blank\" rel=\"noopener\">racont\u00e9 les s\u00e9vices, les violences physiques et psychologiques<\/a>, les agressions sexuelles subies \u00e0 l\u2019\u00e9poque o\u00f9 elle \u00e9tait en couple avec le rappeur. Initi\u00e9e \u00e0 la drogue par ce dernier lorsqu\u2019elle \u00e9tait \u00e0 peine majeure, elle avait tent\u00e9 \u00e0 plusieurs reprises de le quitter, en vain. D\u00e9sormais en couple et maman de trois enfants, elle a expliqu\u00e9\u00a0<a href=\"https:\/\/www.parismatch.com\/People\/je-portais-tant-de-honte-cassie-en-larmes-au-proces-de-p-diddy-evoque-le-jour-ou-elle-a-tente-de-se-suicider-251421\" target=\"_blank\" rel=\"noopener\">avoir tent\u00e9 de se suicider face au traumatisme<\/a>\u00a0caus\u00e9 par cette \u00e9poque douloureuse. Les avocats du rappeur, eux, ont essay\u00e9 de prouver qu\u2019elle \u00e9tait consentante, tout comme l\u2019\u00e9taient d\u2019autres t\u00e9moins appel\u00e9s durant le proc\u00e8s.<\/p>\n","protected":false},"excerpt":{"rendered":"Pour la deuxi\u00e8me ann\u00e9e cons\u00e9cutive, P. Diddy a c\u00e9l\u00e9br\u00e9 Thanksgiving en prison. Fid\u00e8le aux changements qu\u2019il assure avoir&hellip;\n","protected":false},"author":2,"featured_media":569473,"comment_status":"","ping_status":"","sticky":false,"template":"","format":"standard","meta":{"footnotes":""},"categories":[1355],"tags":[58,59,1011,27,1361,873],"class_list":{"0":"post-569472","1":"post","2":"type-post","3":"status-publish","4":"format-standard","5":"has-post-thumbnail","7":"category-musique","8":"tag-divertissement","9":"tag-entertainment","10":"tag-fr","11":"tag-france","12":"tag-music","13":"tag-musique"},"share_on_mastodon":{"url":"https:\/\/pubeurope.com\/@fr\/115640241062984930","error":""},"_links":{"self":[{"href":"https:\/\/www.europesays.com\/fr\/wp-json\/wp\/v2\/posts\/569472","targetHints":{"allow":["GET"]}}],"collection":[{"href":"https:\/\/www.europesays.com\/fr\/wp-json\/wp\/v2\/posts"}],"about":[{"href":"https:\/\/www.europesays.com\/fr\/wp-json\/wp\/v2\/types\/post"}],"author":[{"embeddable":true,"href":"https:\/\/www.europesays.com\/fr\/wp-json\/wp\/v2\/users\/2"}],"replies":[{"embeddable":true,"href":"https:\/\/www.europesays.com\/fr\/wp-json\/wp\/v2\/comments?post=569472"}],"version-history":[{"count":0,"href":"https:\/\/www.europesays.com\/fr\/wp-json\/wp\/v2\/posts\/569472\/revisions"}],"wp:featuredmedia":[{"embeddable":true,"href":"https:\/\/www.europesays.com\/fr\/wp-json\/wp\/v2\/media\/569473"}],"wp:attachment":[{"href":"https:\/\/www.europesays.com\/fr\/wp-json\/wp\/v2\/media?parent=569472"}],"wp:term":[{"taxonomy":"category","embeddable":true,"href":"https:\/\/www.europesays.com\/fr\/wp-json\/wp\/v2\/categories?post=569472"},{"taxonomy":"post_tag","embeddable":true,"href":"https:\/\/www.europesays.com\/fr\/wp-json\/wp\/v2\/tags?post=569472"}],"curies":[{"name":"wp","href":"https:\/\/api.w.org\/{rel}","templated":true}]}}