{"id":569492,"date":"2025-11-30T19:23:18","date_gmt":"2025-11-30T19:23:18","guid":{"rendered":"https:\/\/www.europesays.com\/fr\/569492\/"},"modified":"2025-11-30T19:23:18","modified_gmt":"2025-11-30T19:23:18","slug":"chambles-une-nouvelle-station-de-traitement-des-eaux-usees-a-16-me-sort-de-terre","status":"publish","type":"post","link":"https:\/\/www.europesays.com\/fr\/569492\/","title":{"rendered":"Chambles. Une nouvelle station de traitement des eaux us\u00e9es \u00e0 1,6\u00a0M\u20ac sort de terre"},"content":{"rendered":"<p>\u00c0 quelques encablures des gorges de la Loire se dressait un pr\u00e9 situ\u00e9 en zone class\u00e9e Natura 2000. Le but de ces zones o\u00f9 les projets d\u2019am\u00e9nagements ne sont pas exclus, est de prot\u00e9ger un certain nombre d\u2019habitats et d\u2019esp\u00e8ces repr\u00e9sentatifs de la biodiversit\u00e9 europ\u00e9enne.<\/p>\n<p>Un projet d\u2019envergure qui a d\u00e9but\u00e9 il y a 3 ans<\/p>\n<p>Aujourd\u2019hui, le pr\u00e9 n\u2019est plus. Au milieu de la boue, une nouvelle station d\u2019\u00e9puration de 1\u00a0900 m2\u00a0 sort du brouillard. Sa fonction\u00a0? Traiter les eaux us\u00e9es d\u2019une partie de la population de Chambles, soit environ 950 habitants.<\/p>\n<p>\u00ab\u00a0Da&#8230;<\/p>\n","protected":false},"excerpt":{"rendered":"\u00c0 quelques encablures des gorges de la Loire se dressait un pr\u00e9 situ\u00e9 en zone class\u00e9e Natura 2000.&hellip;\n","protected":false},"author":2,"featured_media":569493,"comment_status":"","ping_status":"","sticky":false,"template":"","format":"standard","meta":{"footnotes":""},"categories":[9653],"tags":[1111,11,2430,20130,7359,1777,674,1011,27,12,316,25,4001,20131],"class_list":{"0":"post-569492","1":"post","2":"type-post","3":"status-publish","4":"format-standard","5":"has-post-thumbnail","7":"category-saint-etienne","8":"tag-actu","9":"tag-actualites","10":"tag-auvergne-rhone-alpes","11":"tag-chambles","12":"tag-edition-loire-centre","13":"tag-eu","14":"tag-europe","15":"tag-fr","16":"tag-france","17":"tag-news","18":"tag-politique","19":"tag-republique-francaise","20":"tag-saint-etienne","21":"tag-saint-just-saint-rambert-bassin"},"share_on_mastodon":{"url":"https:\/\/pubeurope.com\/@fr\/115640284280418083","error":""},"_links":{"self":[{"href":"https:\/\/www.europesays.com\/fr\/wp-json\/wp\/v2\/posts\/569492","targetHints":{"allow":["GET"]}}],"collection":[{"href":"https:\/\/www.europesays.com\/fr\/wp-json\/wp\/v2\/posts"}],"about":[{"href":"https:\/\/www.europesays.com\/fr\/wp-json\/wp\/v2\/types\/post"}],"author":[{"embeddable":true,"href":"https:\/\/www.europesays.com\/fr\/wp-json\/wp\/v2\/users\/2"}],"replies":[{"embeddable":true,"href":"https:\/\/www.europesays.com\/fr\/wp-json\/wp\/v2\/comments?post=569492"}],"version-history":[{"count":0,"href":"https:\/\/www.europesays.com\/fr\/wp-json\/wp\/v2\/posts\/569492\/revisions"}],"wp:featuredmedia":[{"embeddable":true,"href":"https:\/\/www.europesays.com\/fr\/wp-json\/wp\/v2\/media\/569493"}],"wp:attachment":[{"href":"https:\/\/www.europesays.com\/fr\/wp-json\/wp\/v2\/media?parent=569492"}],"wp:term":[{"taxonomy":"category","embeddable":true,"href":"https:\/\/www.europesays.com\/fr\/wp-json\/wp\/v2\/categories?post=569492"},{"taxonomy":"post_tag","embeddable":true,"href":"https:\/\/www.europesays.com\/fr\/wp-json\/wp\/v2\/tags?post=569492"}],"curies":[{"name":"wp","href":"https:\/\/api.w.org\/{rel}","templated":true}]}}