{"id":569494,"date":"2025-11-30T19:24:37","date_gmt":"2025-11-30T19:24:37","guid":{"rendered":"https:\/\/www.europesays.com\/fr\/569494\/"},"modified":"2025-11-30T19:24:37","modified_gmt":"2025-11-30T19:24:37","slug":"saint-etienne-les-remiremont-les-bons-amis-ouvrent-leur-echoppe-ephemere","status":"publish","type":"post","link":"https:\/\/www.europesays.com\/fr\/569494\/","title":{"rendered":"Saint-\u00c9tienne-l\u00e8s-Remiremont. Les Bons amis ouvrent leur \u00e9choppe \u00e9ph\u00e9m\u00e8re"},"content":{"rendered":"<p>Comme ils le font chaque ann\u00e9e, les membres du club des Bons amis ont ouvert, samedi, leur local au public. Le public est ainsi venu d\u00e9couvrir les jolies r\u00e9alisations maison, les d\u00e9licieux pains d\u2019\u00e9pices, mais aussi acheter les enveloppes, toutes gagnantes, ou \u00e9valuer le poids d\u2019un colis copieusement garni. Un endroit pause gourmande accueillait les amateurs avec la possibilit\u00e9 de boire un petit caf\u00e9 en mangeant une part de g\u00e2teau ou une gaufre, l\u00e0 encore maison, et d\u2019\u00e9changer en toute convivialit\u00e9.<\/p>\n","protected":false},"excerpt":{"rendered":"Comme ils le font chaque ann\u00e9e, les membres du club des Bons amis ont ouvert, samedi, leur local&hellip;\n","protected":false},"author":2,"featured_media":569495,"comment_status":"","ping_status":"","sticky":false,"template":"","format":"standard","meta":{"footnotes":""},"categories":[9653],"tags":[1111,11,2430,22455,1798,1777,674,1011,27,12,25,4001,33907,104,1631],"class_list":{"0":"post-569494","1":"post","2":"type-post","3":"status-publish","4":"format-standard","5":"has-post-thumbnail","7":"category-saint-etienne","8":"tag-actu","9":"tag-actualites","10":"tag-auvergne-rhone-alpes","11":"tag-cc-de-la-porte-des-vosges-meridionales-88a","12":"tag-edition-remiremont-gerardmer","13":"tag-eu","14":"tag-europe","15":"tag-fr","16":"tag-france","17":"tag-news","18":"tag-republique-francaise","19":"tag-saint-etienne","20":"tag-saint-etienne-les-remiremont","21":"tag-societe","22":"tag-vie-associative"},"share_on_mastodon":{"url":"https:\/\/pubeurope.com\/@fr\/115640288063623684","error":""},"_links":{"self":[{"href":"https:\/\/www.europesays.com\/fr\/wp-json\/wp\/v2\/posts\/569494","targetHints":{"allow":["GET"]}}],"collection":[{"href":"https:\/\/www.europesays.com\/fr\/wp-json\/wp\/v2\/posts"}],"about":[{"href":"https:\/\/www.europesays.com\/fr\/wp-json\/wp\/v2\/types\/post"}],"author":[{"embeddable":true,"href":"https:\/\/www.europesays.com\/fr\/wp-json\/wp\/v2\/users\/2"}],"replies":[{"embeddable":true,"href":"https:\/\/www.europesays.com\/fr\/wp-json\/wp\/v2\/comments?post=569494"}],"version-history":[{"count":0,"href":"https:\/\/www.europesays.com\/fr\/wp-json\/wp\/v2\/posts\/569494\/revisions"}],"wp:featuredmedia":[{"embeddable":true,"href":"https:\/\/www.europesays.com\/fr\/wp-json\/wp\/v2\/media\/569495"}],"wp:attachment":[{"href":"https:\/\/www.europesays.com\/fr\/wp-json\/wp\/v2\/media?parent=569494"}],"wp:term":[{"taxonomy":"category","embeddable":true,"href":"https:\/\/www.europesays.com\/fr\/wp-json\/wp\/v2\/categories?post=569494"},{"taxonomy":"post_tag","embeddable":true,"href":"https:\/\/www.europesays.com\/fr\/wp-json\/wp\/v2\/tags?post=569494"}],"curies":[{"name":"wp","href":"https:\/\/api.w.org\/{rel}","templated":true}]}}