{"id":569498,"date":"2025-11-30T19:27:24","date_gmt":"2025-11-30T19:27:24","guid":{"rendered":"https:\/\/www.europesays.com\/fr\/569498\/"},"modified":"2025-11-30T19:27:24","modified_gmt":"2025-11-30T19:27:24","slug":"nancy-le-compte-a-rebours-est-lance-pour-le-defile-de-saint-nicolas-et-ses-festivites","status":"publish","type":"post","link":"https:\/\/www.europesays.com\/fr\/569498\/","title":{"rendered":"Nancy. Le compte \u00e0 rebours est lanc\u00e9 pour le d\u00e9fil\u00e9 de Saint-Nicolas et ses festivit\u00e9s"},"content":{"rendered":"<p class=\"insetTitle\">Commerce : une ambiance festive qui booste les ventes<\/p>\n<p>            S\u00e9bastien, pr\u00e9sident des Vitrines de Nancy.<\/p>\n<p><strong>S\u00e9bastien Duchowicz, quelle est l\u2019importance des f\u00eates de la Saint-Nicolas pour le commerce nanc\u00e9ien\u00a0?<\/strong><\/p>\n<p>\u00ab\u00a0Cela nous permet de drainer de potentiels clients en ville. Il est important pour nous d\u2019avoir de la visibilit\u00e9 car on sait qu\u2019il y a beaucoup de touristes qui viennent, des Parisiens notamment. Ils profitent de faire leurs achats de No\u00ebl la journ\u00e9e avant de profiter des festivit\u00e9s. Ce week-end, il y avait le Black Friday avec des promotions partout. C\u2019\u00e9tait r\u00e9ellement le d\u00e9marrage des f\u00eates pour nous. Ensuite, il y a le week-end de la Saint-Nicolas o\u00f9, en g\u00e9n\u00e9ral, la journ\u00e9e se d\u00e9roule tr\u00e8s bien jusqu\u2019\u00e0 15\u00a0h. Ensuite, les gens sont sur le d\u00e9fil\u00e9, c\u2019est un peu plus calme dans les commerces. Mais c\u2019est quand m\u00eame source de chiffres d\u2019affaires. Les gens peuvent d\u00e9ambuler dans la ville, sur les diff\u00e9rents march\u00e9s, avec les animations et ils en profitent pour se rendre dans les commerces.\u00a0\u00bb<\/p>\n<p><strong>Avez-vous chiffr\u00e9 la part de l\u2019activit\u00e9 r\u00e9alis\u00e9e sur ces deux week-ends de Saint-Nicolas\u00a0?<\/strong><\/p>\n<p>\u00ab\u00a0Cela peut repr\u00e9senter entre 20 et 30\u00a0% du chiffre d\u2019affaires du mois de d\u00e9cembre. Mais il y a \u00e9galement le week-end suivant. Habituellement, il est un peu \u201cmou\u201d mais cette ann\u00e9e, on a la Saint-Nicolas sur l\u2019eau (samedi 13\u00a0d\u00e9cembre, de 16\u00a0h\u00a030 \u00e0 21\u00a0h au port Sainte-Catherine, NDLR). La Ville essaie de d\u00e9velopper cet \u00e9v\u00e9nement qui a lieu en fin de journ\u00e9e. On esp\u00e8re que cela va drainer du monde durant la journ\u00e9e dans les commerces. Commercialement parlant, on s\u2019attend \u00e0 des gros week-ends.\u00a0\u00bb<\/p>\n<p><strong>On a le sentiment que la f\u00eate de la Saint-Nicolas prennent de plus en plus d\u2019importance au fil des ans\u2026<\/strong><\/p>\n<p>\u00ab\u00a0Oui, on s\u2019en aper\u00e7oit au niveau des chiffres de fr\u00e9quentation de nos boutiques. Et m\u00eame si les gens ne consomment pas forc\u00e9ment le jour o\u00f9 ils viennent pour Saint-Nicolas, ils reviennent apr\u00e8s car ils ont rep\u00e9r\u00e9 tel ou tel article. En plus, il y a un c\u00f4t\u00e9 tr\u00e8s festif qui fait que les gens osent plus rentrer dans les boutiques.\u00a0\u00bb<\/p>\n<p><strong>Cela compense aussi la perte d\u2019activit\u00e9s que les commer\u00e7ants du centre-ville ont connue avec les travaux\u2026<\/strong><\/p>\n<p>\u00ab\u00a0Oui mais apr\u00e8s, les travaux sont derri\u00e8re nous. On est plus \u00e0 l\u2019\u00e9tape de redynamisation du centre-ville mais c\u2019est valable dans toutes les villes de France. On essaie d\u2019avoir une certaine attractivit\u00e9 pour que les gens viennent au centre-ville. Cela passe par de l\u2019animation, les diff\u00e9rents sites mis en place sur les march\u00e9s de No\u00ebl, les vitrines d\u00e9cor\u00e9es, les soir\u00e9es priv\u00e9es propos\u00e9es par certains commerces\u2026 Cela permet de redrainer un potentiel de clients au centre-ville et avoir de la visibilit\u00e9. Apr\u00e8s, \u00e0 nous de faire en sorte d\u2019avoir le plus d\u2019attractivit\u00e9 possible dans nos commerces\u00a0\u00bb.<\/p>\n<p class=\"insetSignature\">Recueilli par Anthony Guille<\/p>\n","protected":false},"excerpt":{"rendered":"Commerce : une ambiance festive qui booste les ventes S\u00e9bastien, pr\u00e9sident des Vitrines de Nancy. S\u00e9bastien Duchowicz, quelle&hellip;\n","protected":false},"author":2,"featured_media":569499,"comment_status":"","ping_status":"","sticky":false,"template":"","format":"standard","meta":{"footnotes":""},"categories":[9635],"tags":[1111,11,1687,1707,1704,1705,1777,674,3326,1011,27,775,1702,1703,12,25],"class_list":{"0":"post-569498","1":"post","2":"type-post","3":"status-publish","4":"format-standard","5":"has-post-thumbnail","7":"category-nancy","8":"tag-actu","9":"tag-actualites","10":"tag-culture-loisirs","11":"tag-edition-luneville","12":"tag-edition-nancy-et-agglomeration","13":"tag-edition-toul","14":"tag-eu","15":"tag-europe","16":"tag-fete-locale","17":"tag-fr","18":"tag-france","19":"tag-grand-est","20":"tag-nancy","21":"tag-nancy-ville-54b","22":"tag-news","23":"tag-republique-francaise"},"share_on_mastodon":{"url":"https:\/\/pubeurope.com\/@fr\/115640300011853363","error":""},"_links":{"self":[{"href":"https:\/\/www.europesays.com\/fr\/wp-json\/wp\/v2\/posts\/569498","targetHints":{"allow":["GET"]}}],"collection":[{"href":"https:\/\/www.europesays.com\/fr\/wp-json\/wp\/v2\/posts"}],"about":[{"href":"https:\/\/www.europesays.com\/fr\/wp-json\/wp\/v2\/types\/post"}],"author":[{"embeddable":true,"href":"https:\/\/www.europesays.com\/fr\/wp-json\/wp\/v2\/users\/2"}],"replies":[{"embeddable":true,"href":"https:\/\/www.europesays.com\/fr\/wp-json\/wp\/v2\/comments?post=569498"}],"version-history":[{"count":0,"href":"https:\/\/www.europesays.com\/fr\/wp-json\/wp\/v2\/posts\/569498\/revisions"}],"wp:featuredmedia":[{"embeddable":true,"href":"https:\/\/www.europesays.com\/fr\/wp-json\/wp\/v2\/media\/569499"}],"wp:attachment":[{"href":"https:\/\/www.europesays.com\/fr\/wp-json\/wp\/v2\/media?parent=569498"}],"wp:term":[{"taxonomy":"category","embeddable":true,"href":"https:\/\/www.europesays.com\/fr\/wp-json\/wp\/v2\/categories?post=569498"},{"taxonomy":"post_tag","embeddable":true,"href":"https:\/\/www.europesays.com\/fr\/wp-json\/wp\/v2\/tags?post=569498"}],"curies":[{"name":"wp","href":"https:\/\/api.w.org\/{rel}","templated":true}]}}