{"id":569500,"date":"2025-11-30T19:28:15","date_gmt":"2025-11-30T19:28:15","guid":{"rendered":"https:\/\/www.europesays.com\/fr\/569500\/"},"modified":"2025-11-30T19:28:15","modified_gmt":"2025-11-30T19:28:15","slug":"le-snack-chez-la-chti-ressuscite-a-la-garde","status":"publish","type":"post","link":"https:\/\/www.europesays.com\/fr\/569500\/","title":{"rendered":"le snack \u00ab Chez la Ch\u2019ti \u00bb ressuscite \u00e0 La Garde"},"content":{"rendered":"<p class=\"fs-5 \">Perdre son camion, son lieu, et toute une client\u00e8le fid\u00e8le : pour Nathalie, la patronne de la sandwicherie \u00ab Chez la Ch\u2019ti \u00bb, l\u2019ann\u00e9e 2025 avait commenc\u00e9 comme un naufrage. Install\u00e9e depuis cinq ans \u00e0 La Garde, au Tristan, elle avait d\u00fb quitter les lieux en janvier. On lui annon\u00e7ait un projet immobilier. Les immeubles n\u2019ont jamais vu le jour, mais son camion, lui, n\u2019a pas surv\u00e9cu. \u00ab J\u2019ai pleur\u00e9 toutes les larmes de mon corps \u00bb, confie-t-elle. \u00ab Je perdais mon outil de travail, mes clients, mes frites&#8230; C\u2019\u00e9tait une institution. Les jeunes venaient depuis des ann\u00e9es, je les ai vus devenir parents. \u00bb<\/p>\n<p class=\"fs-5 \">Pendant huit mois, elle reste sans emploi, priv\u00e9e de ce qui rythmait son quotidien depuis deux d\u00e9cennies. Car avant Le Tristan, Nathalie avait d\u00e9j\u00e0 roul\u00e9 sa bosse : vingt ans sur le parking de Grand Var, coinc\u00e9e entre Toys et Buffalo. L\u00e0, elle servait depuis un grand camion, qu\u2019elle appelait \u00ab le plus beau du Var \u00bb. Le nom figurait en grosses lettres : \u00ab Snack chez la Ch\u2019ti \u00bb.<\/p>\n<p>                                                                                Une troisi\u00e8me vie, et sans doute la derni\u00e8re<\/p>\n<p class=\"fs-5 \">La chute aurait pu durer. Puis un matin, presque par hasard, une annonce lui saute aux yeux : un petit snack \u00e0 vendre, pas loin d\u2019o\u00f9 elle habitait. Elle visite. \u00c0 peine franchie la porte, la jeune propri\u00e9taire lui lance : \u00ab Si c\u2019est pour vous, j\u2019enl\u00e8ve l\u2019annonce. \u00bb Et elle tient parole. Elle patiente, refuse d\u2019autres acheteurs, et lui laisse tout le temps n\u00e9cessaire pour r\u00e9unir la somme. \u00ab Elle ne voulait le vendre \u00e0 personne d\u2019autre. \u00bb<\/p>\n<p class=\"fs-5 \">Ce geste, Nathalie ne l\u2019oubliera pas. Gr\u00e2ce \u00e0 lui, elle peut racheter le lieu. L\u2019\u00e9t\u00e9 qui suit est une tornade. \u00ab Quand j\u2019ai rouvert, j\u2019\u00e9tais sur les rotules, mais tellement heureuse. \u00bb Finis les mois d\u2019incertitude : elle retrouve un comptoir, une friteuse, et surtout ce lien avec les habitu\u00e9s qui faisait la force de son m\u00e9tier.<\/p>\n<p class=\"fs-5 \">Aujourd\u2019hui, la sandwicherie La Ch\u2019ti rena\u00eet dans ce nouvel emplacement, modeste mais vivant. Une r\u00e9ouverture presque miraculeuse, comme une derni\u00e8re pirouette du destin. \u00ab J\u2019ai ressuscit\u00e9 pour la troisi\u00e8me fois \u00bb, sourit-elle. Cette fois, dit-elle, ce sera la bonne : \u00ab Apr\u00e8s, j\u2019aurai 70&#8230; 75 ans. Ce sera fini. \u00bb<\/p>\n<p class=\"fs-5 \">En attendant, elle a repris sa place dans le paysage gard\u00e9en. Les premiers clients reviennent, parfois avec leurs enfants, parfois avec leurs souvenirs. L\u2019histoire, commenc\u00e9e dans un camion aux couleurs du Nord, continue donc autrement, mais intacte dans son esprit : g\u00e9n\u00e9reuse, tenace, profond\u00e9ment humaine. Une fin heureuse, comme on les raconte rarement, mais qui, ici, se vit chaque midi, derri\u00e8re un comptoir qui n\u2019a jamais cess\u00e9 de rassembler.<\/p>\n<p class=\"fs-5 \">contact : 6 all\u00e9e des 4 chemins \u00e0 La Garde (face \u00e0 Jardiland) 06.11.75.61.56.<\/p>\n","protected":false},"excerpt":{"rendered":"Perdre son camion, son lieu, et toute une client\u00e8le fid\u00e8le : pour Nathalie, la patronne de la sandwicherie&hellip;\n","protected":false},"author":2,"featured_media":569501,"comment_status":"","ping_status":"","sticky":false,"template":"","format":"standard","meta":{"footnotes":""},"categories":[9619],"tags":[1111,11,1777,674,1011,27,12,882,25,2310],"class_list":{"0":"post-569500","1":"post","2":"type-post","3":"status-publish","4":"format-standard","5":"has-post-thumbnail","7":"category-toulon","8":"tag-actu","9":"tag-actualites","10":"tag-eu","11":"tag-europe","12":"tag-fr","13":"tag-france","14":"tag-news","15":"tag-provence-alpes-cote-dazur","16":"tag-republique-francaise","17":"tag-toulon"},"share_on_mastodon":{"url":"https:\/\/pubeurope.com\/@fr\/115640303918853321","error":""},"_links":{"self":[{"href":"https:\/\/www.europesays.com\/fr\/wp-json\/wp\/v2\/posts\/569500","targetHints":{"allow":["GET"]}}],"collection":[{"href":"https:\/\/www.europesays.com\/fr\/wp-json\/wp\/v2\/posts"}],"about":[{"href":"https:\/\/www.europesays.com\/fr\/wp-json\/wp\/v2\/types\/post"}],"author":[{"embeddable":true,"href":"https:\/\/www.europesays.com\/fr\/wp-json\/wp\/v2\/users\/2"}],"replies":[{"embeddable":true,"href":"https:\/\/www.europesays.com\/fr\/wp-json\/wp\/v2\/comments?post=569500"}],"version-history":[{"count":0,"href":"https:\/\/www.europesays.com\/fr\/wp-json\/wp\/v2\/posts\/569500\/revisions"}],"wp:featuredmedia":[{"embeddable":true,"href":"https:\/\/www.europesays.com\/fr\/wp-json\/wp\/v2\/media\/569501"}],"wp:attachment":[{"href":"https:\/\/www.europesays.com\/fr\/wp-json\/wp\/v2\/media?parent=569500"}],"wp:term":[{"taxonomy":"category","embeddable":true,"href":"https:\/\/www.europesays.com\/fr\/wp-json\/wp\/v2\/categories?post=569500"},{"taxonomy":"post_tag","embeddable":true,"href":"https:\/\/www.europesays.com\/fr\/wp-json\/wp\/v2\/tags?post=569500"}],"curies":[{"name":"wp","href":"https:\/\/api.w.org\/{rel}","templated":true}]}}