{"id":569502,"date":"2025-11-30T19:29:16","date_gmt":"2025-11-30T19:29:16","guid":{"rendered":"https:\/\/www.europesays.com\/fr\/569502\/"},"modified":"2025-11-30T19:29:16","modified_gmt":"2025-11-30T19:29:16","slug":"les-jeunes-heros-de-la-mission-asgard-de-retour-a-toulon","status":"publish","type":"post","link":"https:\/\/www.europesays.com\/fr\/569502\/","title":{"rendered":"les jeunes h\u00e9ros de la mission Asgard de retour \u00e0 Toulon"},"content":{"rendered":"<p class=\"fs-5 \">Il est 15 heures tout pile lorsque C\u00e9cile et Az\u00e9lie envoient la corde pour amarrer leur cher Bernick au quai d\u2019honneur du port de Toulon. Sur la berge, l\u2019ambiance est \u00e0 son comble. Sono, pancartes brandies bien haut et effusion de joie : les supporters du RCT, qui rejoignent le stade \u00e0 quelques m\u00e8tres de l\u00e0, \u00e0 grand renfort de tambour, ne sont qu\u2019un lointain bruit de fond.<\/p>\n<p class=\"fs-5 \">Et lorsque les cinq jeunes membres d\u2019\u00e9quipage sautent sur la terre ferme, le joyeux brouhaha et l\u2019\u00e9motion montent encore d\u2019un cran. Yogan se jette dans les bras amis, se frayant tant bien que mal un chemin jusqu\u2019\u00e0 sa ch\u00e9rie, qui lui tend un bouquet. \u00ab Ah, mais c\u2019est un bouquet de fromage ! C\u2019est trop bien ! \u00bb Familles et proches enlacent leur aventurier pr\u00e9f\u00e9r\u00e9, chantent, dansent. \u00ab T\u2019as pleur\u00e9 combien de fois, toi ? \u00bb lance, rieur, Thibault, le skipper de l\u2019exp\u00e9dition, \u00e0 \u00c9lise, charg\u00e9e de la communication et du projet p\u00e9dagogique de l\u2019aventure.<\/p>\n<p>                                                                                \u00ab L\u00e0 o\u00f9 le soleil ne se couche jamais et o\u00f9 les ours r\u00f4dent \u00bb<\/p>\n<p class=\"fs-5 \">Les cinq jeunes Toulonnais de l\u2019association Nerivik ont bien m\u00e9rit\u00e9 cet accueil en fanfare. Partis le 25 avril de ce m\u00eame quai, ils ont d\u2019abord ralli\u00e9 Concarneau, en Bretagne, avant de naviguer jusqu\u2019au Svalbard, un archipel norv\u00e9gien situ\u00e9 au-del\u00e0 du cercle polaire arctique, \u00e0 mi-chemin entre la Norv\u00e8ge et le p\u00f4le Nord. Une terre \u00ab o\u00f9 il n\u2019y a pas de v\u00e9g\u00e9tation, o\u00f9 le sol est noir charbon, o\u00f9 le soleil ne se couche jamais et o\u00f9 les ours r\u00f4dent \u00bb, raconte C\u00e9cile, qui se pose encore la question en se marrant : \u00ab Mais pourquoi une Toulonnaise qui n\u2019aime pas le froid s\u2019obstine \u00e0 aller aussi au nord ? \u00bb<\/p>\n<p>                                                                                Des relev\u00e9s pr\u00e9cieux pour les scientifiques<\/p>\n<p class=\"fs-5 \">C\u2019est vrai, \u00e7a : pourquoi ? Au-del\u00e0 du d\u00e9fi \u00ab sportif et humain \u00bb, le voyage est profond\u00e9ment scientifique. Et pour cette 4e exp\u00e9dition de Nerivik, baptis\u00e9e mission Asgard (le royaume des dieux dans la mythologie nordique), les jeunes aventuriers, \u00e2g\u00e9s de 22 \u00e0 30 ans, et qui, dans la \u00ab vraie vie \u00bb, sont dans la finance, l\u2019architecture, la cuisine, la communication et le consulting, il \u00e9tait question d\u2019effectuer des pr\u00e9l\u00e8vements pour mesurer l\u2019acidit\u00e9 de l\u2019oc\u00e9an, la concentration en microplastiques, l\u2019\u00e9tat de sant\u00e9 de l\u2019ichtyoplancton, par exemple. Ou encore d\u2019\u00e9tudier l\u2019impact du r\u00e9chauffement climatique, \u00ab qui va beaucoup plus vite, l\u00e0-bas \u00bb, et celui du trafic maritime sur les c\u00e9tac\u00e9s.<\/p>\n<p class=\"fs-5 \">\u00ab On a eu quelques p\u00e9rip\u00e9ties propres \u00e0 chaque exp\u00e9dition, indique Thibault. Mais on a eu la chance d\u2019avoir une bonne m\u00e9t\u00e9o, et de remplir tout notre programme et nos objectifs scientifiques. \u00bb Des donn\u00e9es qu\u2019ils vont d\u00e9sormais mettre \u00e0 disposition des professionnels et des chercheurs.<\/p>\n<p>                                                                                Au tour de Sedna !<\/p>\n<p class=\"fs-5 \">L\u2019aventure, qu\u2019ils ont partag\u00e9e avec \u00ab 700 \u00e9l\u00e8ves de Toulon, Toulouse et Nantes \u00bb, est donc termin\u00e9e. \u00ab Une sacr\u00e9e belle exp\u00e9rience, hors norme, de laquelle on sort grandi \u00bb, de l\u2019avis de tous. Avec ses moments compliqu\u00e9s, comme lorsqu\u2019il a fallu \u00ab braver le froid polaire sans chauffage \u00e0 bord \u00bb, et, surtout, ses liens si forts tiss\u00e9s \u00e0 jamais. \u00ab On est devenu comme une bande de fr\u00e8res et s\u0153urs, r\u00e9sume joliment Az\u00e9lie, et c\u2019est difficile de revenir sur terre. Mais on va se revoir. \u00bb<\/p>\n<p class=\"fs-5 \">Il n\u2019est d\u2019ailleurs pas encore temps de se quitter. En fin de journ\u00e9e, tout ce petit monde s\u2019est en effet retrouv\u00e9 au Fort Saint-Louis, pour y d\u00e9couvrir une grande expo photos de ce voyage dans le grand nord. Des clich\u00e9s mis aux ench\u00e8res, et dont la vente servira \u00e0 financer&#8230; la prochaine mission, Sedna, du nom de la d\u00e9esse inuit de la mer et des mammif\u00e8res marins. En avril, un nouveau jeune \u00e9quipage prendra ainsi la direction du Groenland, en passant par l\u2019Islande. Sur le robuste et fid\u00e8le Bernick, toujours&#8230;<\/p>\n","protected":false},"excerpt":{"rendered":"Il est 15 heures tout pile lorsque C\u00e9cile et Az\u00e9lie envoient la corde pour amarrer leur cher Bernick&hellip;\n","protected":false},"author":2,"featured_media":569503,"comment_status":"","ping_status":"","sticky":false,"template":"","format":"standard","meta":{"footnotes":""},"categories":[9619],"tags":[1111,11,1777,674,1011,27,12,882,25,2310],"class_list":{"0":"post-569502","1":"post","2":"type-post","3":"status-publish","4":"format-standard","5":"has-post-thumbnail","7":"category-toulon","8":"tag-actu","9":"tag-actualites","10":"tag-eu","11":"tag-europe","12":"tag-fr","13":"tag-france","14":"tag-news","15":"tag-provence-alpes-cote-dazur","16":"tag-republique-francaise","17":"tag-toulon"},"share_on_mastodon":{"url":"https:\/\/pubeurope.com\/@fr\/115640307917187445","error":""},"_links":{"self":[{"href":"https:\/\/www.europesays.com\/fr\/wp-json\/wp\/v2\/posts\/569502","targetHints":{"allow":["GET"]}}],"collection":[{"href":"https:\/\/www.europesays.com\/fr\/wp-json\/wp\/v2\/posts"}],"about":[{"href":"https:\/\/www.europesays.com\/fr\/wp-json\/wp\/v2\/types\/post"}],"author":[{"embeddable":true,"href":"https:\/\/www.europesays.com\/fr\/wp-json\/wp\/v2\/users\/2"}],"replies":[{"embeddable":true,"href":"https:\/\/www.europesays.com\/fr\/wp-json\/wp\/v2\/comments?post=569502"}],"version-history":[{"count":0,"href":"https:\/\/www.europesays.com\/fr\/wp-json\/wp\/v2\/posts\/569502\/revisions"}],"wp:featuredmedia":[{"embeddable":true,"href":"https:\/\/www.europesays.com\/fr\/wp-json\/wp\/v2\/media\/569503"}],"wp:attachment":[{"href":"https:\/\/www.europesays.com\/fr\/wp-json\/wp\/v2\/media?parent=569502"}],"wp:term":[{"taxonomy":"category","embeddable":true,"href":"https:\/\/www.europesays.com\/fr\/wp-json\/wp\/v2\/categories?post=569502"},{"taxonomy":"post_tag","embeddable":true,"href":"https:\/\/www.europesays.com\/fr\/wp-json\/wp\/v2\/tags?post=569502"}],"curies":[{"name":"wp","href":"https:\/\/api.w.org\/{rel}","templated":true}]}}