{"id":569506,"date":"2025-11-30T19:32:31","date_gmt":"2025-11-30T19:32:31","guid":{"rendered":"https:\/\/www.europesays.com\/fr\/569506\/"},"modified":"2025-11-30T19:32:31","modified_gmt":"2025-11-30T19:32:31","slug":"que-se-cache-t-il-derriere-le-silence-et-la-beaute-des-etangs-du-mejean","status":"publish","type":"post","link":"https:\/\/www.europesays.com\/fr\/569506\/","title":{"rendered":"que se cache-t-il derri\u00e8re le silence et la beaut\u00e9 des \u00e9tangs du M\u00e9jean\u00a0?"},"content":{"rendered":"<p>                    Par<br \/>\n        <strong><br \/>\n            <a href=\"https:\/\/actu.fr\/auteur\/manon-haddouche\" title=\"Consulter tous les articles de Manon Haddouche\" target=\"_blank\" rel=\"noopener\">Manon Haddouche<\/a><br \/>\n                    <\/strong><\/p>\n<p>        Publi\u00e9 le<\/p>\n<p>            30 nov. 2025 \u00e0 20h25        <\/p>\n<p>\u00c0 <strong>Lattes<\/strong>, la <strong>Maison de la Nature<\/strong> accueille l\u2019exposition \u00ab\u202f<strong>Les \u00c9chos du M\u00e9jean<\/strong>\u202f\u00bb, sign\u00e9e par le <strong>photographe montpelli\u00e9rain Karim Gibard<\/strong>. Pour l\u2019occasion, il a r\u00e9pondu \u00e0 nos questions. \u00c0 travers<strong> 22 clich\u00e9s r\u00e9alis\u00e9s entre 2006 et 2024<\/strong>, le visiteur d\u00e9couvre la richesse et la beaut\u00e9 du site prot\u00e9g\u00e9 des \u00e9tangs du M\u00e9jean. Paysages lagunaires, faune et flore embl\u00e9matiques se d\u00e9voilent dans une <strong>atmosph\u00e8re propice au ralentissement<\/strong>, \u00e0 l\u2019\u00e9coute et \u00e0 la contemplation, jusqu\u2019au 28 f\u00e9vrier 2026.<\/p>\n<p>Un passionn\u00e9 de nature derri\u00e8re l\u2019objectif<\/p>\n<p class=\" wall-content\">Ancien biologiste de formation et retrait\u00e9 de l\u2019industrie pharmaceutique, Karim Gibard pratique la photographie depuis les ann\u00e9es 1980, en<strong> autodidacte<\/strong>. Issu d\u2019une famille d\u2019amateurs, il a tr\u00e8s t\u00f4t \u00e9t\u00e9 <strong>fascin\u00e9 par les belles images<\/strong> et les grands noms de la photographie et du reportage comme Cousteau ou encore Arthus-Bertrand. \u00ab Enfant, je collectionnais toutes les cartes postales et images li\u00e9es aux animaux et \u00e0 la nature. Observer et comprendre le monde vivant m\u2019a toujours passionn\u00e9 \u00bb, confie-t-il.<\/p>\n<p>    <img   decoding=\"async\" loading=\"lazy\" src=\"https:\/\/www.europesays.com\/fr\/wp-content\/uploads\/2025\/11\/img-2239-960x640.jpeg\" alt=\"De nombreux promeneurs s'arr\u00eatent un instant pour admirer ces moments de vies immortalis\u00e9s. \" width=\"960\" height=\"640\"\/><br \/>\n    De nombreux promeneurs s\u2019arr\u00eatent un instant pour admirer ces moments de vies immortalis\u00e9s. (\u00a9MH \/ M\u00e9tropolitain)L\u2019\u00e9thique comme ligne de conduite<\/p>\n<p class=\" wall-content\">Pour Karim Gibard, la photographie naturaliste est une v\u00e9ritable <strong>\u00e9cole de patience<\/strong>. Observer longuement, \u00e9couter, attendre le bon moment sans jamais perturber le milieu est une r\u00e8gle qu\u2019il applique avec rigueur. \u00ab En pleine nature, nous ne sommes qu\u2019invit\u00e9s. Le spectacle n\u2019a lieu que si les acteurs le veulent bien \u00bb, explique-t-il. Soucieux de ne pas <strong>d\u00e9ranger ses sujets<\/strong>, il pr\u00e9f\u00e8re renoncer \u00e0 un clich\u00e9 plut\u00f4t que de provoquer du stress ou un d\u00e9s\u00e9quilibre chez l\u2019animal observ\u00e9.<\/p>\n<p>    <a href=\"https:\/\/www.google.com\/maps\/embed?pb=!1m18!1m12!1m3!1d24673.72974258764!2d4.0173568!3d43.614208!2m3!1f0!2f0!3f0!3m2!1i1024!2i768!4f13.1!3m3!1m2!1s0x12b6b074d2a56c9b%3A0x717159ede269181f!2sMaison%20de%20la%20Nature!5e1!3m2!1sfr!2sfr!4v1758918144544!5m2!1sfr!2sfr\" title=\"Ouvrie le lien\" target=\"_blank\" rel=\"noopener\">Cliquez ici pour visualiser le contenu<\/a><\/p>\n<p>Vid\u00e9os : en ce moment sur ActuLe M\u00e9jean, une premi\u00e8re exposition<\/p>\n<p class=\" wall-content\">Bien qu\u2019il fr\u00e9quente r\u00e9guli\u00e8rement les \u00e9tangs du M\u00e9jean, c\u2019est la premi\u00e8re fois que le photographe consacre<strong> une exposition enti\u00e8re \u00e0 ce site<\/strong>. Tout est parti d\u2019observations qu\u2019il a partag\u00e9es avec l\u2019\u00e9quipe du domaine, qui a estim\u00e9 que <strong>ses clich\u00e9s m\u00e9ritaient d\u2019\u00eatre expos\u00e9s<\/strong>. \u00ab \u00c0 tort ou \u00e0 raison, ils ont pens\u00e9 que mes photos avaient leur place ici. L\u2019avenir dira s\u2019ils ont eu raison ! \u00bb sourit-il.\u00a0<\/p>\n<p class=\" wall-content\">Ses 22 tirages num\u00e9riques, imprim\u00e9s sur papier Fujifilm Mat au format 30\u00d740 cm, r\u00e9v\u00e8lent la diversit\u00e9 de ce milieu naturel unique. Des instants suspendus, saisis avec un mat\u00e9riel de pointe (Canon 100-400, 100-500 et Sigma 150-600), mais surtout avec un \u0153il attentif et une profonde sensibilit\u00e9.<\/p>\n<p>Votre r\u00e9gion, votre actu !<\/p>\n<p>Recevez chaque jour les infos qui comptent pour vous.<\/p>\n<p>\t<a href=\"https:\/\/actu.fr\/newsletter\" class=\"ac-btn ac-btn--corner ac-btn--medium ac-btn--blue800\" target=\"_blank\" rel=\"noopener\">S&rsquo;incrire<\/a><\/p>\n<p>    <img   decoding=\"async\" loading=\"lazy\" src=\"https:\/\/www.europesays.com\/fr\/wp-content\/uploads\/2025\/11\/img-2240-960x640.jpeg\" alt=\"22 clich\u00e9s sont \u00e0 d\u00e9couvrir. \" width=\"960\" height=\"640\"\/><br \/>\n    22 clich\u00e9s sont \u00e0 d\u00e9couvrir. (\u00a9MH \/ M\u00e9tropolitain)Invitation \u00e0 ralentir<\/p>\n<p class=\" wall-content\">Pour le photographe, les \u00e9tangs du M\u00e9jean sont <strong>un refuge hors du temps<\/strong>. \u00ab Il faut savoir ralentir le pas, se poser, observer, \u00e9couter. C\u2019est un lieu pr\u00e9serv\u00e9 du rythme tr\u00e9pidant de la ville, o\u00f9 le silence et la patience permettent de ressentir pleinement la nature \u00bb, d\u00e9crit-il.<br \/>Son message aux visiteurs est simple mais puissant : \u00ab<strong> \u00c9coutez et vous entendrez ! Regardez et vous verrez !<\/strong> \u00bb<\/p>\n<p class=\" wall-content\">Personnalisez votre actualit\u00e9 en ajoutant vos villes et m\u00e9dias en favori avec <a href=\"https:\/\/moncompte.actu.fr\" title=\"D\u00e9couvez Mon Actu\" rel=\"nofollow noopener\" data-trk=\"{&quot;cta&quot;:{&quot;action&quot;:&quot;https:\\\/\\\/moncompte.actu.fr&quot;,&quot;category&quot;:&quot;mon compte&quot;,&quot;from&quot;:&quot;article footer&quot;,&quot;name&quot;:&quot;Mon actu&quot;,&quot;type&quot;:&quot;cta&quot;}}\" target=\"_blank\">Mon Actu<\/a>.<\/p>\n","protected":false},"excerpt":{"rendered":"Par Manon Haddouche Publi\u00e9 le 30 nov. 2025 \u00e0 20h25 \u00c0 Lattes, la Maison de la Nature accueille&hellip;\n","protected":false},"author":2,"featured_media":569507,"comment_status":"","ping_status":"","sticky":false,"template":"","format":"standard","meta":{"footnotes":""},"categories":[9599],"tags":[1111,11,1777,674,1349,1011,27,1652,2208,12,2680,25],"class_list":{"0":"post-569506","1":"post","2":"type-post","3":"status-publish","4":"format-standard","5":"has-post-thumbnail","7":"category-montpellier","8":"tag-actu","9":"tag-actualites","10":"tag-eu","11":"tag-europe","12":"tag-expositions","13":"tag-fr","14":"tag-france","15":"tag-loisirs-culture","16":"tag-montpellier","17":"tag-news","18":"tag-occitanie","19":"tag-republique-francaise"},"share_on_mastodon":{"url":"https:\/\/pubeurope.com\/@fr\/115640320609932530","error":""},"_links":{"self":[{"href":"https:\/\/www.europesays.com\/fr\/wp-json\/wp\/v2\/posts\/569506","targetHints":{"allow":["GET"]}}],"collection":[{"href":"https:\/\/www.europesays.com\/fr\/wp-json\/wp\/v2\/posts"}],"about":[{"href":"https:\/\/www.europesays.com\/fr\/wp-json\/wp\/v2\/types\/post"}],"author":[{"embeddable":true,"href":"https:\/\/www.europesays.com\/fr\/wp-json\/wp\/v2\/users\/2"}],"replies":[{"embeddable":true,"href":"https:\/\/www.europesays.com\/fr\/wp-json\/wp\/v2\/comments?post=569506"}],"version-history":[{"count":0,"href":"https:\/\/www.europesays.com\/fr\/wp-json\/wp\/v2\/posts\/569506\/revisions"}],"wp:featuredmedia":[{"embeddable":true,"href":"https:\/\/www.europesays.com\/fr\/wp-json\/wp\/v2\/media\/569507"}],"wp:attachment":[{"href":"https:\/\/www.europesays.com\/fr\/wp-json\/wp\/v2\/media?parent=569506"}],"wp:term":[{"taxonomy":"category","embeddable":true,"href":"https:\/\/www.europesays.com\/fr\/wp-json\/wp\/v2\/categories?post=569506"},{"taxonomy":"post_tag","embeddable":true,"href":"https:\/\/www.europesays.com\/fr\/wp-json\/wp\/v2\/tags?post=569506"}],"curies":[{"name":"wp","href":"https:\/\/api.w.org\/{rel}","templated":true}]}}