{"id":569512,"date":"2025-11-30T19:38:28","date_gmt":"2025-11-30T19:38:28","guid":{"rendered":"https:\/\/www.europesays.com\/fr\/569512\/"},"modified":"2025-11-30T19:38:28","modified_gmt":"2025-11-30T19:38:28","slug":"interclubs-on-connait-les-affiches-des-finales-de-pro-a-qui-vont-se-jouer-a-grenoble","status":"publish","type":"post","link":"https:\/\/www.europesays.com\/fr\/569512\/","title":{"rendered":"Interclubs. On conna\u00eet les affiches des finales de Pro A qui vont se jouer \u00e0 Grenoble"},"content":{"rendered":"<p>Grenoble va accueillir le 6\u00a0d\u00e9cembre les finales des interclubs Pro A. Apr\u00e8s la derni\u00e8re journ\u00e9e de championnat qui s\u2019est disput\u00e9e ce week-end, on conna\u00eet maintenant les affiches qui vont se jouer \u00e0 Grenoble Tennis.<\/p>\n<p>Chez les messieurs, la finale opposera le TC Boulogne-sur-Mer et le CT Clermontois pour la finale. <a href=\"https:\/\/www.ledauphine.com\/sport\/2025\/11\/12\/annecy-le-vieux-devra-se-surpasser\" target=\"_blank\" rel=\"noopener\">Annecy-le-Vieux,<\/a> qui avait remport\u00e9 les quatre matchs en quatre journ\u00e9es, a chut\u00e9 lors de la 5e et derni\u00e8re journ\u00e9e (2-4) contre Boulogne-Billancourt, d\u00e9j\u00e0 \u00e9limin\u00e9. Gr\u00e2ce \u00e0 un nombre de matchs gagn\u00e9s sup\u00e9rieur (20\/30 contre 18\/30), les Nordistes passent dans un trou de souris pour arracher le ticket pour aller en finale des interclubs. Dans l\u2019autre poule, le CT Clermontois devait s\u2019imposer contre Thionville Moselle pour s\u2019assurer une place en finale. Ils l\u2019ont emport\u00e9 (5-1) sans aucune discussion et ont c\u00e9l\u00e9br\u00e9 leur qualification. C\u2019est la premi\u00e8re fois que ces deux \u00e9quipes du Nord s\u2019affronteront en finale de la Pro A.<\/p>\n<p>Chez les dames, le suspense \u00e9tait \u00e9vent\u00e9 du c\u00f4t\u00e9 de la poule A. Les joueuses du Tennis entente Yonnaise Padel avaient d\u00e9j\u00e0 fait le travail et se sont impos\u00e9es une nouvelle fois ce dimanche contre le TC Padel Reichstett. Avec quatre victoires en quatre rencontres, elles se qualifient pour la finale. Les joueuses de l\u2019Yonne affronteront les Franciliennes de Fontainebleau. Exemptes de la derni\u00e8re journ\u00e9e, elles ont d\u00fb attendre le r\u00e9sultat du club d\u2019Eaubonne, qui pouvait terminer \u00e0 la premi\u00e8re place. Mais Eaubonne a \u00e9t\u00e9 battu (1-5) face \u00e0 Boulogne-Billancourt et ce sont donc les joueuses de Seine-et-Marne qui se qualifient pour la finale Pro A.<\/p>\n","protected":false},"excerpt":{"rendered":"Grenoble va accueillir le 6\u00a0d\u00e9cembre les finales des interclubs Pro A. Apr\u00e8s la derni\u00e8re journ\u00e9e de championnat qui&hellip;\n","protected":false},"author":2,"featured_media":569513,"comment_status":"","ping_status":"","sticky":false,"template":"","format":"standard","meta":{"footnotes":""},"categories":[9566],"tags":[1111,11,2430,112,1777,674,1701,1011,27,2731,2732,108,12,25,517,1947,1467],"class_list":{"0":"post-569512","1":"post","2":"type-post","3":"status-publish","4":"format-standard","5":"has-post-thumbnail","7":"category-grenoble","8":"tag-actu","9":"tag-actualites","10":"tag-auvergne-rhone-alpes","11":"tag-edition-grenoble-agglomeration","12":"tag-eu","13":"tag-europe","14":"tag-fil-info-sport","15":"tag-fr","16":"tag-france","17":"tag-grenoble","18":"tag-grenoble-bassin","19":"tag-isere","20":"tag-news","21":"tag-republique-francaise","22":"tag-sport","23":"tag-sport-national","24":"tag-tennis"},"share_on_mastodon":{"url":"https:\/\/pubeurope.com\/@fr\/115640343271911205","error":""},"_links":{"self":[{"href":"https:\/\/www.europesays.com\/fr\/wp-json\/wp\/v2\/posts\/569512","targetHints":{"allow":["GET"]}}],"collection":[{"href":"https:\/\/www.europesays.com\/fr\/wp-json\/wp\/v2\/posts"}],"about":[{"href":"https:\/\/www.europesays.com\/fr\/wp-json\/wp\/v2\/types\/post"}],"author":[{"embeddable":true,"href":"https:\/\/www.europesays.com\/fr\/wp-json\/wp\/v2\/users\/2"}],"replies":[{"embeddable":true,"href":"https:\/\/www.europesays.com\/fr\/wp-json\/wp\/v2\/comments?post=569512"}],"version-history":[{"count":0,"href":"https:\/\/www.europesays.com\/fr\/wp-json\/wp\/v2\/posts\/569512\/revisions"}],"wp:featuredmedia":[{"embeddable":true,"href":"https:\/\/www.europesays.com\/fr\/wp-json\/wp\/v2\/media\/569513"}],"wp:attachment":[{"href":"https:\/\/www.europesays.com\/fr\/wp-json\/wp\/v2\/media?parent=569512"}],"wp:term":[{"taxonomy":"category","embeddable":true,"href":"https:\/\/www.europesays.com\/fr\/wp-json\/wp\/v2\/categories?post=569512"},{"taxonomy":"post_tag","embeddable":true,"href":"https:\/\/www.europesays.com\/fr\/wp-json\/wp\/v2\/tags?post=569512"}],"curies":[{"name":"wp","href":"https:\/\/api.w.org\/{rel}","templated":true}]}}