{"id":569516,"date":"2025-11-30T19:40:18","date_gmt":"2025-11-30T19:40:18","guid":{"rendered":"https:\/\/www.europesays.com\/fr\/569516\/"},"modified":"2025-11-30T19:40:18","modified_gmt":"2025-11-30T19:40:18","slug":"a-rennes-une-infirmiere-agressee-aux-urgences","status":"publish","type":"post","link":"https:\/\/www.europesays.com\/fr\/569516\/","title":{"rendered":"\u00c0 Rennes, une infirmi\u00e8re agress\u00e9e aux urgences"},"content":{"rendered":"<p>L\u2019infirmi\u00e8re qui travaillait aux urgences du centre hospitalier a \u00e9t\u00e9 agress\u00e9e par un patient. L\u2019homme, \u00e2g\u00e9 d\u2019une cinquantaine d\u2019ann\u00e9es, alcoolis\u00e9 au moment des faits, a frapp\u00e9 la soignante au niveau des c\u00f4tes. La s\u00e9curit\u00e9 priv\u00e9e de l\u2019\u00e9tablissement a pu maintenir l\u2019agresseur sur place le temps de l\u2019intervention de la police qui a proc\u00e9d\u00e9 \u00e0 son arrestation. Bless\u00e9e l\u2019infirmi\u00e8re s\u2019est vue d\u00e9livrer une ITT de trois jours. L\u2019homme plac\u00e9 en garde \u00e0 vue, a re\u00e7u, lui, une convocation afin d\u2019\u00eatre jug\u00e9 ult\u00e9rieurement pour ces faits.<\/p>\n","protected":false},"excerpt":{"rendered":"L\u2019infirmi\u00e8re qui travaillait aux urgences du centre hospitalier a \u00e9t\u00e9 agress\u00e9e par un patient. L\u2019homme, \u00e2g\u00e9 d\u2019une cinquantaine&hellip;\n","protected":false},"author":2,"featured_media":569517,"comment_status":"","ping_status":"","sticky":false,"template":"","format":"standard","meta":{"footnotes":""},"categories":[2821],"tags":[1111,11,829,765,1777,674,118,1011,27,848,12,584,25],"class_list":{"0":"post-569516","1":"post","2":"type-post","3":"status-publish","4":"format-standard","5":"has-post-thumbnail","7":"category-rennes","8":"tag-actu","9":"tag-actualites","10":"tag-bretagne","11":"tag-en-continu","12":"tag-eu","13":"tag-europe","14":"tag-faits-divers","15":"tag-fr","16":"tag-france","17":"tag-ille-et-vilaine","18":"tag-news","19":"tag-rennes","20":"tag-republique-francaise"},"share_on_mastodon":{"url":"https:\/\/pubeurope.com\/@fr\/115640351088377039","error":""},"_links":{"self":[{"href":"https:\/\/www.europesays.com\/fr\/wp-json\/wp\/v2\/posts\/569516","targetHints":{"allow":["GET"]}}],"collection":[{"href":"https:\/\/www.europesays.com\/fr\/wp-json\/wp\/v2\/posts"}],"about":[{"href":"https:\/\/www.europesays.com\/fr\/wp-json\/wp\/v2\/types\/post"}],"author":[{"embeddable":true,"href":"https:\/\/www.europesays.com\/fr\/wp-json\/wp\/v2\/users\/2"}],"replies":[{"embeddable":true,"href":"https:\/\/www.europesays.com\/fr\/wp-json\/wp\/v2\/comments?post=569516"}],"version-history":[{"count":0,"href":"https:\/\/www.europesays.com\/fr\/wp-json\/wp\/v2\/posts\/569516\/revisions"}],"wp:featuredmedia":[{"embeddable":true,"href":"https:\/\/www.europesays.com\/fr\/wp-json\/wp\/v2\/media\/569517"}],"wp:attachment":[{"href":"https:\/\/www.europesays.com\/fr\/wp-json\/wp\/v2\/media?parent=569516"}],"wp:term":[{"taxonomy":"category","embeddable":true,"href":"https:\/\/www.europesays.com\/fr\/wp-json\/wp\/v2\/categories?post=569516"},{"taxonomy":"post_tag","embeddable":true,"href":"https:\/\/www.europesays.com\/fr\/wp-json\/wp\/v2\/tags?post=569516"}],"curies":[{"name":"wp","href":"https:\/\/api.w.org\/{rel}","templated":true}]}}