{"id":569518,"date":"2025-11-30T19:41:13","date_gmt":"2025-11-30T19:41:13","guid":{"rendered":"https:\/\/www.europesays.com\/fr\/569518\/"},"modified":"2025-11-30T19:41:13","modified_gmt":"2025-11-30T19:41:13","slug":"concert-m-pokora-au-zenith-une-puissante-poussee-dadrenaline","status":"publish","type":"post","link":"https:\/\/www.europesays.com\/fr\/569518\/","title":{"rendered":"Concert. M.\u00a0Pokora au Z\u00e9nith\u00a0: une puissante pouss\u00e9e d\u2019adr\u00e9naline"},"content":{"rendered":"<p>20\u00a0h, M.\u00a0Pokora, dans l\u2019ombre, pr\u00e9sente \u00ab\u00a0sa\u00a0\u00bb Daysy, premi\u00e8re partie de sa tourn\u00e9e. Sa belle voix groovy, profonde et puissante, capte imm\u00e9diatement l\u2019attention du public. Tr\u00e8s \u00e0 l\u2019aise, face \u00e0 cette salle comble, elle est \u00e0 l\u2019image de Matt, dans le partage et dans la convivialit\u00e9 naturelle.<\/p>\n<p>Le public termine de s\u2019installer \u00e0 proximit\u00e9 de la famille et des proches de l\u2019artiste. Ce soir, ce n\u2019est pas un soir comme les autres, Matt est \u00e0 la maison.<\/p>\n<p>Les bouchons ont retard\u00e9 de nombreux spectateurs, l\u2019artiste sait faire patienter. Dans un bruit de bips \u00e9lectroniques et d\u2019un vaisseau en approche, deux hommes tout en blanc se baladent dans le public. \u00ab\u00a0C\u2019est lui\u00a0? Ce n\u2019est pas lui\u00a0?\u00a0\u00bb, peut-on entendre.<\/p>\n<p>20\u00a0h\u00a045, une voix robotique et f\u00e9minine comme sortie d\u2019un film de science-fiction pr\u00e9sente l\u2019exp\u00e9rience d\u2019un concert qui privil\u00e9gie le public car il est sans barri\u00e8re.<\/p>\n<p>Cette voix interviendra tout au long du show pour informer l\u2019artiste de l\u2019\u00e9tat des pulsations de la salle, trop hautes avec un seuil critique \u00e0 120 ou trop basses \u00e0 moins de 60, parfois m\u00eame elle s\u2019\u00e9teindra pour taquiner la salle.<\/p>\n<p>Et M. Pokora appara\u00eet, dans un costume blanc, reli\u00e9 par des faisceaux lumineux qui cheminent le long d\u2019un escalier. Magistral, cet escalier descend jusqu\u2019\u00e0 la fosse assise et offre une visibilit\u00e9 parfaite. Il illustre la carri\u00e8re de l\u2019artiste, les hauts, les bas, les doutes, les espoirs, les victoires\u2026 De nombreux paliers pourvus de trappes dans lesquelles apparaissent ou disparaissent les danseurs rendent les chor\u00e9graphies magiques.<\/p>\n<p>L\u2019artiste commence par le titre phare Adr\u00e9naline. Il \u00e9voque ses 20 ans de carri\u00e8re. Les spectateurs r\u00e9pondent pr\u00e9sent, aucune parole ne leur \u00e9chappe. Alternant performances \u00e0 l\u2019am\u00e9ricaine avec des moments plus cosy, charg\u00e9s d\u2019\u00e9motions, le showman encha\u00eene ses succ\u00e8s. Il pousse les limites en parcourant toutes les all\u00e9es du Z\u00e9nith, le public est en communion avec lui.<\/p>\n<p>  \u2003\u00abIci, tout me ram\u00e8ne au chemin parcouru pour en arriver l\u00e0\u00bb<\/p>\n<p>Sans rel\u00e2che, le chanteur prend soin de ses fans. Il s\u2019adresse \u00e0 eux, \u00ab\u00a0Comment \u00e7a va chez moi ce soir\u00a0?\u00a0\u00bb ou \u00ab\u00a0Comment vous allez bien la famille\u00a0?\u00a0\u00bb. Il se confie aussi, \u00ab\u00a022 ans apr\u00e8s, \u00e9norme d\u2019\u00eatre ici, tout me ram\u00e8ne au chemin parcouru pour en arriver l\u00e0.\u00a0\u00bb. Et constate, \u00ab\u00a0je commence \u00e0 voir, dans les salles, les enfants de ceux qui \u00e9taient l\u00e0 \u00e0 mes d\u00e9buts. C\u2019est ma plus belle r\u00e9compense\u00a0: faire partie de vos vies. J\u2019ai r\u00e9alis\u00e9 mon r\u00eave.\u00a0\u00bb.<\/p>\n<p>M.\u00a0Pokora, performer de haut vol, brise avec l\u2019\u00ab\u00a0Adr\u00e9naline Tour\u00a0\u00bb tous les codes d\u2019un concert standard en offrant \u00e0 ses fans 2\u00a0heures\u00a0d\u2019\u00e9motions intenses. Une performance qui a enchant\u00e9 son public.<\/p>\n<p class=\"note\"> M.\u00a0Pokora revient avec l\u2019Adr\u00e9naline Tour le 10\u00a0octobre 2026 au Z\u00e9nith de Strasbourg.<\/p>\n","protected":false},"excerpt":{"rendered":"20\u00a0h, M.\u00a0Pokora, dans l\u2019ombre, pr\u00e9sente \u00ab\u00a0sa\u00a0\u00bb Daysy, premi\u00e8re partie de sa tourn\u00e9e. Sa belle voix groovy, profonde et&hellip;\n","protected":false},"author":2,"featured_media":569519,"comment_status":"","ping_status":"","sticky":false,"template":"","format":"standard","meta":{"footnotes":""},"categories":[2820],"tags":[1111,11,2389,1687,2880,1777,674,107,1011,27,775,873,12,25,640,2879],"class_list":{"0":"post-569518","1":"post","2":"type-post","3":"status-publish","4":"format-standard","5":"has-post-thumbnail","7":"category-strasbourg","8":"tag-actu","9":"tag-actualites","10":"tag-alsace","11":"tag-culture-loisirs","12":"tag-edition-strasbourg","13":"tag-eu","14":"tag-europe","15":"tag-fil-info","16":"tag-fr","17":"tag-france","18":"tag-grand-est","19":"tag-musique","20":"tag-news","21":"tag-republique-francaise","22":"tag-strasbourg","23":"tag-strasbourg-ville"},"share_on_mastodon":{"url":"https:\/\/pubeurope.com\/@fr\/115640355039033634","error":""},"_links":{"self":[{"href":"https:\/\/www.europesays.com\/fr\/wp-json\/wp\/v2\/posts\/569518","targetHints":{"allow":["GET"]}}],"collection":[{"href":"https:\/\/www.europesays.com\/fr\/wp-json\/wp\/v2\/posts"}],"about":[{"href":"https:\/\/www.europesays.com\/fr\/wp-json\/wp\/v2\/types\/post"}],"author":[{"embeddable":true,"href":"https:\/\/www.europesays.com\/fr\/wp-json\/wp\/v2\/users\/2"}],"replies":[{"embeddable":true,"href":"https:\/\/www.europesays.com\/fr\/wp-json\/wp\/v2\/comments?post=569518"}],"version-history":[{"count":0,"href":"https:\/\/www.europesays.com\/fr\/wp-json\/wp\/v2\/posts\/569518\/revisions"}],"wp:featuredmedia":[{"embeddable":true,"href":"https:\/\/www.europesays.com\/fr\/wp-json\/wp\/v2\/media\/569519"}],"wp:attachment":[{"href":"https:\/\/www.europesays.com\/fr\/wp-json\/wp\/v2\/media?parent=569518"}],"wp:term":[{"taxonomy":"category","embeddable":true,"href":"https:\/\/www.europesays.com\/fr\/wp-json\/wp\/v2\/categories?post=569518"},{"taxonomy":"post_tag","embeddable":true,"href":"https:\/\/www.europesays.com\/fr\/wp-json\/wp\/v2\/tags?post=569518"}],"curies":[{"name":"wp","href":"https:\/\/api.w.org\/{rel}","templated":true}]}}