{"id":569524,"date":"2025-11-30T19:44:21","date_gmt":"2025-11-30T19:44:21","guid":{"rendered":"https:\/\/www.europesays.com\/fr\/569524\/"},"modified":"2025-11-30T19:44:21","modified_gmt":"2025-11-30T19:44:21","slug":"le-chanteur-devoile-son-corps-muscle-avant-son-concert-a-nice","status":"publish","type":"post","link":"https:\/\/www.europesays.com\/fr\/569524\/","title":{"rendered":"le chanteur d\u00e9voile son corps muscl\u00e9 avant son concert \u00e0 Nice"},"content":{"rendered":"<p>                                    <img decoding=\"async\" src=\"https:\/\/www.europesays.com\/fr\/wp-content\/uploads\/2025\/11\/17fb052fb4723f77cb17f703be882b6188603025a60686ebd095f55b42a8d256.jpg\" alt=\"Amir\u00a0: carri\u00e8re, vie priv\u00e9e, The Voice\u2026 Ce qu\u2019il faut conna\u00eetre\" class=\"a11y-hidden\" fetchpriority=\"high\"\/><\/p>\n<p class=\"fig-standfirst\">\n    Alors qu\u2019il se pr\u00e9pare \u00e0 jouer au Palais Nika\u00efa de Nice, ce dimanche 30 novembre, Amir s\u2019est montr\u00e9 compl\u00e8tement nu dans une story Instagram, d\u00e9voilant ses muscles saillants.<\/p>\n<p class=\"fig-paragraph\">De retour dans les bacs avec la r\u00e9\u00e9dition de son album C Amir et sur sc\u00e8ne avec une toute nouvelle tourn\u00e9e lanc\u00e9e le 23 octobre dernier au Z\u00e9nith de Rouen, Amir n\u2019a pas de temps \u00e0 perdre en cette fin d\u2019ann\u00e9e. Ce dimanche 30 novembre notamment, pas de repos pour\u00a0<a href=\"https:\/\/www.gala.fr\/culture\/television\/amir-pas-pret-a-devenir-coach-dans-the-voice-il-devoile-pourquoi-il-est-contre-20251128\" target=\"_blank\" data-fig-type=\"Article\" rel=\"sponsored noopener\" data-gtm-custom-categorie=\"navigation\" data-gtm-custom-action=\"crossclick\" data-gtm-custom-label=\"Contextuel\" data-gtm-event=\"customEventSPE\" data-fig-domain=\"GALA\">le chanteur<\/a>\u00a0puisqu\u2019il montera ce soir sur les planches du Palais Nika\u00efa de Nice afin de pr\u00e9senter\u00a0<a href=\"https:\/\/www.gala.fr\/l_actu\/news_de_stars\/exclu-video-amir-s-est-rase-la-tete-sur-la-scene-des-nrj-music-awards-il-revele-pourquoi-c-est-un-hommage-a-sa-maman-20241214\" target=\"_blank\" data-fig-type=\"Article\" rel=\"sponsored noopener\" data-gtm-custom-categorie=\"navigation\" data-gtm-custom-action=\"crossclick\" data-gtm-custom-label=\"Contextuel\" data-gtm-event=\"customEventSPE\" data-fig-domain=\"GALA\">les plus grands titres de sa carri\u00e8re<\/a>. Mais avant cela, les pr\u00e9paratifs s\u2019encha\u00eenent pour l\u2019artiste, qui n\u2019h\u00e9site pas \u00e0 les d\u00e9voiler sur Instagram. Ce week-end, il s\u2019est ainsi affich\u00e9 dans une vid\u00e9o post\u00e9e sur Instagram, en story, dans son plus simple appareil. Il y a de quoi surprendre mais pas de panique, ce n\u2019est pas si anodin que \u00e7a.<\/p>\n<p class=\"fig-paragraph\">En effet, c\u2019est pour\u00a0<a href=\"https:\/\/www.gala.fr\/beaute\/tendances_beaute\/therapie-par-le-froid-pourquoi-tout-le-monde-s-y-met-20250729\" target=\"_blank\" data-fig-type=\"Article\" rel=\"sponsored noopener\" data-gtm-custom-categorie=\"navigation\" data-gtm-custom-action=\"crossclick\" data-gtm-custom-label=\"Contextuel\" data-gtm-event=\"customEventSPE\" data-fig-domain=\"GALA\">se plonger dans un bain d\u2019eau glac\u00e9e<\/a>\u00a0qu\u2019Amir s\u2019est montr\u00e9 quasiment nu sur les r\u00e9seaux sociaux, d\u00e9voilant au passage son corps muscl\u00e9. \u00abC\u2019est parti, pr\u00e9pa concert\u00a0!\u00bb, expliquait-il dans sa vid\u00e9o. Un exercice pas si facile que \u00e7a pour\u00a0<a href=\"http:\/\/www.gala.fr\/l_actu\/news_de_stars\/amir-dans-la-tourmente-le-chanteur-brise-le-silence-je-commence-a-m-inquieter-pour-mes-enfants-20250917\" data-fig-type=\"Article\" data-gtm-custom-categorie=\"navigation\" data-gtm-custom-action=\"crossclick\" data-gtm-custom-label=\"Contextuel\" data-gtm-event=\"customEventSPE\" data-fig-domain=\"GALA\" target=\"_blank\" rel=\"noopener\">le p\u00e8re de famille<\/a>, m\u00eame s\u2019il doit \u00eatre habitu\u00e9\u00a0: en rentrant dans l\u2019eau glac\u00e9e, il laissait \u00e9chapper quelques grognements, r\u00e9v\u00e9lant \u00e0 quel point sa pr\u00e9paration de concert est physique. Avec des muscles comme les siens, pas \u00e9tonnant\u00a0! De quoi laisser pr\u00e9sager un grand spectacle pour le public ni\u00e7ois de ce soir.<\/p>\n<p>    Amir n\u2019h\u00e9site pas \u00e0 se mettre \u00e0 nu sur Instagram.<br \/>\n                Instagram \/ Capture d\u2019\u00e9cran<\/p>\n<p>                                                                <a href=\"#slideshow-header\"><\/p>\n<p class=\"fig-slideshow__title\">\n                    PHOTOS &#8211; Amir, Louis Bertignac, Patrick Fiori\u2026 Ces stars r\u00e9unies \u00e0 l&rsquo;Olympia pour soutenir les enfants victimes de la guerre\n                <\/p>\n<p>    <\/a><br \/>\n                                                                <a class=\"fig-a11y-skip\" href=\"#fig-a11y-skip-main-inarticle\" data-module=\"a11y-skip\" data-context=\"was @visible\"><br \/>\n    Passer la publicit\u00e9<br \/>\n<\/a>            <\/p>\n<p>                                                                Amir de retour sur sc\u00e8ne\u00a0: il a affront\u00e9 la tourmente cet \u00e9t\u00e9<\/p>\n<p class=\"fig-paragraph\">Si sa tourn\u00e9e bat son plein depuis plus d\u2019un mois, le quotidien d\u2019Amir n\u2019a pas \u00e9t\u00e9 aussi simple que cela cet \u00e9t\u00e9. En mati\u00e8re de concert, l\u2019interpr\u00e8te de J\u2019ai cherch\u00e9 s\u2019est retrouv\u00e9\u00a0<a href=\"https:\/\/www.gala.fr\/l_actu\/news_de_stars\/amir-dans-la-tourmente-le-chanteur-en-larmes-sort-du-silence-je-respecte-ceux-qui-s-opposent-a-moi-20250719\" target=\"_blank\" data-fig-type=\"Article\" rel=\"sponsored noopener\" data-gtm-custom-categorie=\"navigation\" data-gtm-custom-action=\"crossclick\" data-gtm-custom-label=\"Contextuel\" data-gtm-event=\"customEventSPE\" data-fig-domain=\"GALA\">dans l\u2019\u0153il du cyclone<\/a>, de nombreux artistes s\u2019opposant par exemple \u00e0 sa pr\u00e9sence aux Francofolies de Spa, en Belgique. Un d\u00e9saveu provoqu\u00e9 par sa participation \u00e0 une soir\u00e9e de soutien aux soldats de Tsahal, ainsi qu\u2019\u00e0 une manifestation organis\u00e9e dans la colonie d\u2019H\u00e9bron en ao\u00fbt 2014. Une situation difficile pour le compagnon de Lital, qui s\u2019en \u00e9tait ouvert dans les colonnes du Parisien en septembre, confiant que cela touchait aussi\u00a0<a href=\"http:\/\/www.gala.fr\/l_actu\/news_de_stars\/amir-papa-inseparable-de-son-3e-enfant-ce-moment-de-complicite-qui-va-vous-faire-craquer-20250604\" data-fig-type=\"Article\" data-gtm-custom-categorie=\"navigation\" data-gtm-custom-action=\"crossclick\" data-gtm-custom-label=\"Contextuel\" data-gtm-event=\"customEventSPE\" data-fig-domain=\"GALA\" target=\"_blank\" rel=\"noopener\">ses trois enfants, Mikha\u00ebl, Or et Nuri<\/a>. \u00abJe commence \u00e0 m\u2019inqui\u00e9ter pour eux, leur s\u00e9curit\u00e9, puis la mienne, quand je vois l\u2019envergure que \u00e7a prend\u00bb, avait-il d\u00e9clar\u00e9, pr\u00e9cisant avoir \u00abd\u2019abord\u00bb eu peur pour eux. L\u2019artiste avait ensuite ajout\u00e9\u00a0: \u00abMais je me suis aussi demand\u00e9 comment, en tant que p\u00e8re, filtrer toutes ces infos qui inondent ma vie et mon t\u00e9l\u00e9phone\u2026\u00bb. Enfin de retour sur sc\u00e8ne, il semble que la temp\u00eate soit pass\u00e9e pour Amir.<\/p>\n<p class=\"fig-paragraph\">Article \u00e9crit en collaboration avec 6M\u00e9dias.<\/p>\n","protected":false},"excerpt":{"rendered":"Alors qu\u2019il se pr\u00e9pare \u00e0 jouer au Palais Nika\u00efa de Nice, ce dimanche 30 novembre, Amir s\u2019est montr\u00e9&hellip;\n","protected":false},"author":2,"featured_media":569525,"comment_status":"","ping_status":"","sticky":false,"template":"","format":"standard","meta":{"footnotes":""},"categories":[2819],"tags":[1111,11,68491,1696,1777,674,1011,27,2440,24707,873,12,2401,63707,882,25],"class_list":{"0":"post-569524","1":"post","2":"type-post","3":"status-publish","4":"format-standard","5":"has-post-thumbnail","7":"category-nice","8":"tag-actu","9":"tag-actualites","10":"tag-amir-haddad","11":"tag-chanteur","12":"tag-eu","13":"tag-europe","14":"tag-fr","15":"tag-france","16":"tag-instagram","17":"tag-muscles","18":"tag-musique","19":"tag-news","20":"tag-nice","21":"tag-nudite","22":"tag-provence-alpes-cote-dazur","23":"tag-republique-francaise"},"share_on_mastodon":{"url":"https:\/\/pubeurope.com\/@fr\/115640367764161453","error":""},"_links":{"self":[{"href":"https:\/\/www.europesays.com\/fr\/wp-json\/wp\/v2\/posts\/569524","targetHints":{"allow":["GET"]}}],"collection":[{"href":"https:\/\/www.europesays.com\/fr\/wp-json\/wp\/v2\/posts"}],"about":[{"href":"https:\/\/www.europesays.com\/fr\/wp-json\/wp\/v2\/types\/post"}],"author":[{"embeddable":true,"href":"https:\/\/www.europesays.com\/fr\/wp-json\/wp\/v2\/users\/2"}],"replies":[{"embeddable":true,"href":"https:\/\/www.europesays.com\/fr\/wp-json\/wp\/v2\/comments?post=569524"}],"version-history":[{"count":0,"href":"https:\/\/www.europesays.com\/fr\/wp-json\/wp\/v2\/posts\/569524\/revisions"}],"wp:featuredmedia":[{"embeddable":true,"href":"https:\/\/www.europesays.com\/fr\/wp-json\/wp\/v2\/media\/569525"}],"wp:attachment":[{"href":"https:\/\/www.europesays.com\/fr\/wp-json\/wp\/v2\/media?parent=569524"}],"wp:term":[{"taxonomy":"category","embeddable":true,"href":"https:\/\/www.europesays.com\/fr\/wp-json\/wp\/v2\/categories?post=569524"},{"taxonomy":"post_tag","embeddable":true,"href":"https:\/\/www.europesays.com\/fr\/wp-json\/wp\/v2\/tags?post=569524"}],"curies":[{"name":"wp","href":"https:\/\/api.w.org\/{rel}","templated":true}]}}