{"id":569526,"date":"2025-11-30T19:45:30","date_gmt":"2025-11-30T19:45:30","guid":{"rendered":"https:\/\/www.europesays.com\/fr\/569526\/"},"modified":"2025-11-30T19:45:30","modified_gmt":"2025-11-30T19:45:30","slug":"ana-godefroy-la-cite","status":"publish","type":"post","link":"https:\/\/www.europesays.com\/fr\/569526\/","title":{"rendered":"ANA GODEFROY &#8211; La Cit\u00e9"},"content":{"rendered":"<p>A la Cit\u00e9 des congr\u00e8s de Nantes,\u00a0<br \/>Votre\u00a0billet de spectacle donne acc\u00e8s gratuitement aux transports en commun Naolib* 2 heures avant et 2 heures apr\u00e8s le spectacle dans la limite des horaires de service.<br \/>* Hors Navette A\u00e9roport, TER, tram-train, Parking Relais et pour les dates de validit\u00e9 de ce billet.<\/p>\n<p>\u00ab\u00a0Est-ce que vous me voyez ?\u00a0\u00bb<br \/>\u00c7a fait 26 ans que je me pose la question, et je me suis dit que le meilleur moyen d\u2019en avoir le c\u0153ur net, c\u2019est de vous enfermer dans une pi\u00e8ce pendant 1h avec moi.<\/p>\n<p>Pour votre tranquillit\u00e9, achetez vos billets via le site de l\u2019organisateur ou via les r\u00e9seaux habituels.<br \/>La Cit\u00e9 des Congr\u00e8s ne g\u00e8re pas la billetterie des spectacles qu&rsquo;elle accueille.<\/p>\n<p><strong>Auditorium 800 &#8211; Placement libre<\/strong>\n\t\t\t\t\t\t\t<\/p>\n","protected":false},"excerpt":{"rendered":"A la Cit\u00e9 des congr\u00e8s de Nantes,\u00a0Votre\u00a0billet de spectacle donne acc\u00e8s gratuitement aux transports en commun Naolib* 2&hellip;\n","protected":false},"author":2,"featured_media":569527,"comment_status":"","ping_status":"","sticky":false,"template":"","format":"standard","meta":{"footnotes":""},"categories":[2818],"tags":[1111,11,1777,674,1011,27,766,12,2636,25],"class_list":{"0":"post-569526","1":"post","2":"type-post","3":"status-publish","4":"format-standard","5":"has-post-thumbnail","7":"category-nantes","8":"tag-actu","9":"tag-actualites","10":"tag-eu","11":"tag-europe","12":"tag-fr","13":"tag-france","14":"tag-nantes","15":"tag-news","16":"tag-pays-de-la-loire","17":"tag-republique-francaise"},"share_on_mastodon":{"url":"https:\/\/pubeurope.com\/@fr\/115640370776200593","error":""},"_links":{"self":[{"href":"https:\/\/www.europesays.com\/fr\/wp-json\/wp\/v2\/posts\/569526","targetHints":{"allow":["GET"]}}],"collection":[{"href":"https:\/\/www.europesays.com\/fr\/wp-json\/wp\/v2\/posts"}],"about":[{"href":"https:\/\/www.europesays.com\/fr\/wp-json\/wp\/v2\/types\/post"}],"author":[{"embeddable":true,"href":"https:\/\/www.europesays.com\/fr\/wp-json\/wp\/v2\/users\/2"}],"replies":[{"embeddable":true,"href":"https:\/\/www.europesays.com\/fr\/wp-json\/wp\/v2\/comments?post=569526"}],"version-history":[{"count":0,"href":"https:\/\/www.europesays.com\/fr\/wp-json\/wp\/v2\/posts\/569526\/revisions"}],"wp:featuredmedia":[{"embeddable":true,"href":"https:\/\/www.europesays.com\/fr\/wp-json\/wp\/v2\/media\/569527"}],"wp:attachment":[{"href":"https:\/\/www.europesays.com\/fr\/wp-json\/wp\/v2\/media?parent=569526"}],"wp:term":[{"taxonomy":"category","embeddable":true,"href":"https:\/\/www.europesays.com\/fr\/wp-json\/wp\/v2\/categories?post=569526"},{"taxonomy":"post_tag","embeddable":true,"href":"https:\/\/www.europesays.com\/fr\/wp-json\/wp\/v2\/tags?post=569526"}],"curies":[{"name":"wp","href":"https:\/\/api.w.org\/{rel}","templated":true}]}}