{"id":569528,"date":"2025-11-30T19:46:12","date_gmt":"2025-11-30T19:46:12","guid":{"rendered":"https:\/\/www.europesays.com\/fr\/569528\/"},"modified":"2025-11-30T19:46:12","modified_gmt":"2025-11-30T19:46:12","slug":"nantes-previsions-meteo-du-dimanche-30-novembre-2025","status":"publish","type":"post","link":"https:\/\/www.europesays.com\/fr\/569528\/","title":{"rendered":"Nantes : pr\u00e9visions m\u00e9t\u00e9o du dimanche 30 novembre 2025"},"content":{"rendered":"<p>\u00c0 Nantes, la journ\u00e9e du dimanche 30 novembre 2025 sera fra\u00eeche avec un ciel \u00e9voluant de l\u00e9g\u00e8res \u00e9claircies le matin \u00e0 un temps tr\u00e8s nuageux le soir. Pas de pluie \u00e0 pr\u00e9voir, mais un vent mod\u00e9r\u00e9 soufflera notamment en d\u00e9but d\u2019apr\u00e8s-midi.<\/p>\n<p>    Matin : \u00e9claircies timides et fra\u00eecheur<\/p>\n<p>La journ\u00e9e d\u00e9bute sous un voile l\u00e9ger : \u00e0 09 h, le ciel alterne entre nuages discrets et \u00e9claircies, caract\u00e9ristiques d\u2019un anticyclone d\u2019automne. La luminosit\u00e9 s\u2019av\u00e8re d\u00e9j\u00e0 correcte, sans r\u00e9el risque d\u2019averse.<\/p>\n<p>Le thermom\u00e8tre indique seulement <b>6 \u00b0C<\/b>, mais le ressenti descend \u00e0 <b>3 \u00b0C<\/b> sous l\u2019effet d\u2019un vent d\u2019Ouest-Nord-Ouest soufflant \u00e0 9 km\/h. L\u2019humidit\u00e9 atteint 83 % et la pression se stabilise \u00e0 1 018 hPa.<\/p>\n<p>Le soleil s\u2019est lev\u00e9 \u00e0 08 h 31. L\u2019air demeure piquant, il est donc conseill\u00e9 de porter gants et \u00e9charpe pour les trajets \u00e0 pied ou \u00e0 v\u00e9lo, notamment pour les enfants en route vers l\u2019\u00e9cole.<\/p>\n<p>Pour organiser une promenade dans les parcs ou le centre historique, n\u2019h\u00e9sitez pas \u00e0 consulter <a href=\"https:\/\/www.meteocity.com\/france\/nantes-v2990969\/tourisme\" target=\"_blank\" rel=\"noopener\">notre page tourisme<\/a>, qui recense les monuments, mus\u00e9es et espaces verts accessibles aujourd\u2019hui.<\/p>\n<p>Apr\u00e8s-midi : plein soleil mais thermique modeste<\/p>\n<p>\u00c0 la mi-journ\u00e9e, le ciel s\u2019\u00e9claircit nettement et Nantes profite d\u2019un soleil g\u00e9n\u00e9reux. Le contraste lumineux avec le matin est marqu\u00e9 ; la ville s\u2019illumine, offrant un cadre id\u00e9al pour une pause en ext\u00e9rieur.<\/p>\n<ul>\n<li><b>Temp\u00e9rature : 11 \u00b0C<\/b> (ressenti 8 \u00b0C)<\/li>\n<li>Humidit\u00e9 : 64 %<\/li>\n<li>Vent Nord-Ouest 11 km\/h<\/li>\n<li>Pression : 1 019 hPa<\/li>\n<\/ul>\n<p>Malgr\u00e9 la fra\u00eecheur ambiante, l\u2019absence d\u2019averse autorise un d\u00e9jeuner en terrasse, \u00e0 condition de s\u2019abriter du vent. Pensez aux lunettes de soleil : la r\u00e9verb\u00e9ration reste sensible, m\u00eame en cette fin novembre.<\/p>\n<p>Soir : nuages \u00e9pais apr\u00e8s un coucher pr\u00e9coce<\/p>\n<p>La couverture nuageuse s\u2019installe progressivement. \u00c0 21 h, le ciel devient tr\u00e8s nuageux, sans pluie n\u00e9anmoins. L\u2019atmosph\u00e8re glisse vers une fra\u00eecheur humide, typique des soir\u00e9es lig\u00e9riennes de l\u2019arri\u00e8re-saison.<\/p>\n<ul>\n<li><b>Temp\u00e9rature : 5 \u00b0C<\/b> (ressenti 3 \u00b0C)<\/li>\n<li>Humidit\u00e9 : 86 %<\/li>\n<li>Vent Sud-Sud-Ouest 4 km\/h<\/li>\n<li>Pression : 1 021 hPa<\/li>\n<\/ul>\n<p>Le soleil aura disparu d\u00e8s 17 h 18, laissant place \u00e0 une nuit calme et grise. La visibilit\u00e9 routi\u00e8re restera correcte, mais l\u2019humidit\u00e9 accentuera la sensation de froid, notamment sur les quais de Loire.<\/p>\n<p>Tendance g\u00e9n\u00e9rale pour demain : retour de l\u2019humidit\u00e9 et vent soutenu<\/p>\n<p>Pour le 1\u1d49\u02b3 d\u00e9cembre, les mod\u00e8les annoncent un changement de r\u00e9gime : la bruine s\u2019installe, port\u00e9e par un flux de sud plus vigoureux. Les conditions se feront nettement plus humides d\u00e8s la fin de la nuit.<\/p>\n<ul>\n<li><b>Temp\u00e9ratures : 4 \u00b0C \u2013 8 \u00b0C<\/b> (ressenti 1 \u00b0C \u2013 4 \u00b0C)<\/li>\n<li>Humidit\u00e9 moyenne : 91 %<\/li>\n<li>Vent jusqu\u2019\u00e0 32 km\/h, rafales <b>52 km\/h<\/b><\/li>\n<li>Probabilit\u00e9 d\u2019averse : 11 %, mais bruine observ\u00e9e \u00e0 00 h<\/li>\n<\/ul>\n<p>Ces rafales, sup\u00e9rieures \u00e0 50 km\/h, pourront g\u00eaner les deux-roues et provoquer la chute de quelques branches. Il est recommand\u00e9 d\u2019anticiper vos d\u00e9placements et de consulter nos mises \u00e0 jour avant de prendre la route ou le tramway.<\/p>\n<p>Pour plus de d\u00e9tails sur les prochaines \u00e9ch\u00e9ances, consultez <a href=\"https:\/\/www.meteocity.com\/france\/nantes-v2990969\/meteo-15-jours\" target=\"_blank\" rel=\"noopener\">nos pr\u00e9visions \u00e0 quinze jours<\/a>. Vous pourrez ainsi planifier march\u00e9s de No\u00ebl, sorties culturelles ou escapades sur la c\u00f4te.<\/p>\n<p>M\u00eame si l\u2019absence d\u2019averse aujourd\u2019hui est rassurante, les cumuls mensuels de novembre 2025 restent l\u00e9g\u00e8rement d\u00e9ficitaires \u00e0 l\u2019\u00e9chelle du d\u00e9partement, selon M\u00e9t\u00e9o-France. Les sols superficiels commencent \u00e0 s\u00e9cher, rappelant la vuln\u00e9rabilit\u00e9 hydrique amplifi\u00e9e par le changement climatique.<\/p>\n<p>C\u00f4t\u00e9 transports, aucune perturbation m\u00e9t\u00e9o majeure n\u2019est attendue sur l\u2019a\u00e9roport ou le trafic ferroviaire. Toutefois, la fra\u00eecheur matinale pourra entra\u00eener un peu de bu\u00e9e sur les pare-brises ; veillez \u00e0 v\u00e9rifier vos niveaux de lave-glace avant de partir.<\/p>\n","protected":false},"excerpt":{"rendered":"\u00c0 Nantes, la journ\u00e9e du dimanche 30 novembre 2025 sera fra\u00eeche avec un ciel \u00e9voluant de l\u00e9g\u00e8res \u00e9claircies&hellip;\n","protected":false},"author":2,"featured_media":569529,"comment_status":"","ping_status":"","sticky":false,"template":"","format":"standard","meta":{"footnotes":""},"categories":[2818],"tags":[1111,11,1777,674,1011,27,766,12,2636,25],"class_list":{"0":"post-569528","1":"post","2":"type-post","3":"status-publish","4":"format-standard","5":"has-post-thumbnail","7":"category-nantes","8":"tag-actu","9":"tag-actualites","10":"tag-eu","11":"tag-europe","12":"tag-fr","13":"tag-france","14":"tag-nantes","15":"tag-news","16":"tag-pays-de-la-loire","17":"tag-republique-francaise"},"share_on_mastodon":{"url":"https:\/\/pubeurope.com\/@fr\/115640374746534434","error":""},"_links":{"self":[{"href":"https:\/\/www.europesays.com\/fr\/wp-json\/wp\/v2\/posts\/569528","targetHints":{"allow":["GET"]}}],"collection":[{"href":"https:\/\/www.europesays.com\/fr\/wp-json\/wp\/v2\/posts"}],"about":[{"href":"https:\/\/www.europesays.com\/fr\/wp-json\/wp\/v2\/types\/post"}],"author":[{"embeddable":true,"href":"https:\/\/www.europesays.com\/fr\/wp-json\/wp\/v2\/users\/2"}],"replies":[{"embeddable":true,"href":"https:\/\/www.europesays.com\/fr\/wp-json\/wp\/v2\/comments?post=569528"}],"version-history":[{"count":0,"href":"https:\/\/www.europesays.com\/fr\/wp-json\/wp\/v2\/posts\/569528\/revisions"}],"wp:featuredmedia":[{"embeddable":true,"href":"https:\/\/www.europesays.com\/fr\/wp-json\/wp\/v2\/media\/569529"}],"wp:attachment":[{"href":"https:\/\/www.europesays.com\/fr\/wp-json\/wp\/v2\/media?parent=569528"}],"wp:term":[{"taxonomy":"category","embeddable":true,"href":"https:\/\/www.europesays.com\/fr\/wp-json\/wp\/v2\/categories?post=569528"},{"taxonomy":"post_tag","embeddable":true,"href":"https:\/\/www.europesays.com\/fr\/wp-json\/wp\/v2\/tags?post=569528"}],"curies":[{"name":"wp","href":"https:\/\/api.w.org\/{rel}","templated":true}]}}