{"id":569530,"date":"2025-11-30T19:47:18","date_gmt":"2025-11-30T19:47:18","guid":{"rendered":"https:\/\/www.europesays.com\/fr\/569530\/"},"modified":"2025-11-30T19:47:18","modified_gmt":"2025-11-30T19:47:18","slug":"a-bordeaux-le-bal-queer-reunit-toute-la-scene-lgbt","status":"publish","type":"post","link":"https:\/\/www.europesays.com\/fr\/569530\/","title":{"rendered":"\u00e0 Bordeaux, le Bal Queer r\u00e9unit toute la sc\u00e8ne LGBT +"},"content":{"rendered":"<p>Cl\u00e9mence, militante et engag\u00e9e, y participe depuis la premi\u00e8re heure. \u00ab\u00a0C\u2019est le seul \u00e9v\u00e9nement \u00e0 Bordeaux qui r\u00e9unit toutes les communaut\u00e9s LGBTQIA +. \u00bb Dans le hall o\u00f9 les conversations s\u2019encha\u00eenent Fabian, Gr\u00e9gory et Romain le confirment. \u00ab\u00a0D\u2019habitude, on se retrouve seulement dans les bars gays, mais ici, il y a des bi, des lesbiennes, des personnes trans\u2026 On retrouve les anciens et on d\u00e9couvre les nouveaux.\u00a0\u00bb<\/p>\n<p>        <img decoding=\"async\" id=\"26914470\" src=\"https:\/\/www.europesays.com\/fr\/wp-content\/uploads\/2025\/11\/img-8423.jpg\" alt=\"Cl\u00e9mence, entour\u00e9e de son groupe d\u2019amies, revient chaque ann\u00e9e.\" itemprop=\"contentURL\"\/><\/p>\n<p>    Cl\u00e9mence, entour\u00e9e de son groupe d\u2019amies, revient chaque ann\u00e9e.<\/p>\n<p>E.\u00a0L.<\/p>\n<p>    Soir\u00e9e libre et d\u00e9complex\u00e9e<\/p>\n<p>Juste avant de franchir les portes de la salle, les guirlandes holographiques presque mythiques annoncent une soir\u00e9e libre et d\u00e9complex\u00e9e. La programmation, elle aussi engag\u00e9es, met en avant des artistes queers qui font vibrer le bal. Pop, rap, \u00e9lectro ou sons alternatifs, la musique reste la pi\u00e8ce ma\u00eetresse de l\u2019\u00e9v\u00e9nement. \u00ab\u00a0La programmation est bien meilleure que l\u2019ann\u00e9e derni\u00e8re, \u00e7a s\u2019am\u00e9liore\u00a0\u00bb, t\u00e9moignent deux habitu\u00e9s.<\/p>\n<p>        <img decoding=\"async\" id=\"26914435\" src=\"https:\/\/www.europesays.com\/fr\/wp-content\/uploads\/2025\/11\/img-8414.jpg\" alt=\"Jessica Winter, artiste pop alternative, a \u00e9bloui le public avec des sonorit\u00e9s audacieuses.\" itemprop=\"contentURL\"\/><\/p>\n<p>    Jessica Winter, artiste pop alternative, a \u00e9bloui le public avec des sonorit\u00e9s audacieuses.<\/p>\n<p>E.\u00a0L.<\/p>\n<p>\u00ab\u00a0C\u2019est important pour nous que la soir\u00e9e devienne presque familiale et bienveillante\u00a0\u00bb, affirment Yoann et Anne, membres de l\u2019organisation. \u00ab\u00a0Je dirais m\u00eame que c\u2019est d\u2019utilit\u00e9 publique que d\u2019avoir des lieux inclusifs et des espaces s\u00fbrs.\u00a0\u00bb Seul dress code\u00a0: venez comme vous \u00eates. Sacha et Baptiste s\u2019y sentent \u00e0 leur place. \u00ab\u00a0C\u2019est le genre de soir\u00e9e o\u00f9 l\u2019on ne se pose pas de questions, il n\u2019y a aucun jugement. On sait qu\u2019on peut se mettre un coup de mascara sans \u00eatre d\u00e9visag\u00e9s.\u00a0\u00bb<\/p>\n<p>Le collectif de drag humoristique SARL\u00a0GO \u00e9tait \u00e9galement pr\u00e9sent pour animer la soir\u00e9e, notamment la tombola au profit de la fondation Le Refuge, qui offre un toit et un soutien aux jeunes LGBT +\u00a0rejet\u00e9s par leur famille.<\/p>\n","protected":false},"excerpt":{"rendered":"Cl\u00e9mence, militante et engag\u00e9e, y participe depuis la premi\u00e8re heure. \u00ab\u00a0C\u2019est le seul \u00e9v\u00e9nement \u00e0 Bordeaux qui r\u00e9unit&hellip;\n","protected":false},"author":2,"featured_media":569531,"comment_status":"","ping_status":"","sticky":false,"template":"","format":"standard","meta":{"footnotes":""},"categories":[2817],"tags":[1111,11,1997,1777,674,1011,27,12,2219,25],"class_list":{"0":"post-569530","1":"post","2":"type-post","3":"status-publish","4":"format-standard","5":"has-post-thumbnail","7":"category-bordeaux","8":"tag-actu","9":"tag-actualites","10":"tag-bordeaux","11":"tag-eu","12":"tag-europe","13":"tag-fr","14":"tag-france","15":"tag-news","16":"tag-nouvelle-aquitaine","17":"tag-republique-francaise"},"share_on_mastodon":{"url":"https:\/\/pubeurope.com\/@fr\/115640380523561669","error":""},"_links":{"self":[{"href":"https:\/\/www.europesays.com\/fr\/wp-json\/wp\/v2\/posts\/569530","targetHints":{"allow":["GET"]}}],"collection":[{"href":"https:\/\/www.europesays.com\/fr\/wp-json\/wp\/v2\/posts"}],"about":[{"href":"https:\/\/www.europesays.com\/fr\/wp-json\/wp\/v2\/types\/post"}],"author":[{"embeddable":true,"href":"https:\/\/www.europesays.com\/fr\/wp-json\/wp\/v2\/users\/2"}],"replies":[{"embeddable":true,"href":"https:\/\/www.europesays.com\/fr\/wp-json\/wp\/v2\/comments?post=569530"}],"version-history":[{"count":0,"href":"https:\/\/www.europesays.com\/fr\/wp-json\/wp\/v2\/posts\/569530\/revisions"}],"wp:featuredmedia":[{"embeddable":true,"href":"https:\/\/www.europesays.com\/fr\/wp-json\/wp\/v2\/media\/569531"}],"wp:attachment":[{"href":"https:\/\/www.europesays.com\/fr\/wp-json\/wp\/v2\/media?parent=569530"}],"wp:term":[{"taxonomy":"category","embeddable":true,"href":"https:\/\/www.europesays.com\/fr\/wp-json\/wp\/v2\/categories?post=569530"},{"taxonomy":"post_tag","embeddable":true,"href":"https:\/\/www.europesays.com\/fr\/wp-json\/wp\/v2\/tags?post=569530"}],"curies":[{"name":"wp","href":"https:\/\/api.w.org\/{rel}","templated":true}]}}