{"id":569532,"date":"2025-11-30T19:48:21","date_gmt":"2025-11-30T19:48:21","guid":{"rendered":"https:\/\/www.europesays.com\/fr\/569532\/"},"modified":"2025-11-30T19:48:21","modified_gmt":"2025-11-30T19:48:21","slug":"avec-larbre-en-fete-bordeaux-metropole-celebre-la-poesie-des-troncs","status":"publish","type":"post","link":"https:\/\/www.europesays.com\/fr\/569532\/","title":{"rendered":"avec L\u2019Arbre en f\u00eate, Bordeaux M\u00e9tropole c\u00e9l\u00e8bre la po\u00e9sie des troncs"},"content":{"rendered":"<p>L\u2019auteur du paysage de la promenade du Paillou, \u00e0 Nice, de la dalle Montparnasse \u00e0 Paris ou de la C\u00f4te des Basques, \u00e0 Biarritz, a \u00e9galement aid\u00e9 la M\u00e9tropole de Bordeaux <a href=\"https:\/\/www.sudouest.fr\/environnement\/bordeaux-nous-plantons-en-fonction-du-projet-comment-les-arbres-sont-plantes-dans-la-metropole-22421596.php\" target=\"_blank\" rel=\"follow noopener\">dans son programme \u00ab\u00a0Plantons un million d\u2019arbres\u00a0\u00bb<\/a>. \u00ab\u00a0Je ne veux surtout pas me limiter \u00e0 l\u2019aspect utilitaire de l\u2019arbre. La beaut\u00e9 est essentielle \u00e0 la vie\u00a0\u00bb, a-t-il expliqu\u00e9, embarquant le public dans un tour du monde de \u00ab\u00a0la troisi\u00e8me nature\u00a0\u00bb. \u00ab\u00a0Cette nature interpr\u00e9t\u00e9e avec art, po\u00e9tis\u00e9e, rendue compatible avec l\u2019usage humain\u00a0\u00bb que s\u2019appliquent \u00e0 magnifier les paysagistes.<\/p>\n<p>        <img decoding=\"async\" id=\"26904373\" src=\"https:\/\/www.europesays.com\/fr\/wp-content\/uploads\/2025\/11\/img-20251128-184230.jpg\" alt=\"Depuis 2020, le paysagiste Michel P\u00e9na a d\u00e9nich\u00e9, dans la m\u00e9tropole de Bordeaux, les meilleurs emplacements pour faire prendre racine au programme \u00ab\u00a0Plantons un million d\u2019arbres\u00a0\u00bb.\" itemprop=\"contentURL\"\/><\/p>\n<p>    Depuis 2020, le paysagiste Michel P\u00e9na a d\u00e9nich\u00e9, dans la m\u00e9tropole de Bordeaux, les meilleurs emplacements pour faire prendre racine au programme \u00ab\u00a0Plantons un million d\u2019arbres\u00a0\u00bb.<\/p>\n<p>Y.\u00a0B.<\/p>\n<p>    Des fruitiers par milliers<\/p>\n<p>Des camphriers de Kyoto aux gigantesques fromagers d\u2019Angkor \u2013 \u00ab\u00a0je r\u00eave d\u2019en voir sur le cours de l\u2019Intendance\u00a0\u00bb \u2013, des pins parasols de la Casa del campo, \u00e0 Madrid \u2013 \u00ab\u00a0on pourrait voguer en bateau sur leur canop\u00e9e\u00a0\u00bb \u2013 aux arganiers du Maroc, \u00ab\u00a0dont certains disent qu\u2019eux seuls r\u00e9sisteront\u00a0\u00bb. Jusqu\u2019aux vo\u00fbtes form\u00e9es par les fr\u00eanes du cours d\u2019Albret.<\/p>\n<p>Une introduction enthousiaste avant d\u2019entrer dans L\u2019Arbre en f\u00eate. Cette ann\u00e9e, l\u2019\u00e9v\u00e9nement \u00e9rige les troncs en \u00ab\u00a0artistes du paysage\u00a0\u00bb. De quoi donner envie aux citoyens de s\u2019emparer des 6\u00a0755\u00a0plants de fruitiers propos\u00e9s gratuitement du 6 au 12\u00a0d\u00e9cembre. Trente distributions sont pr\u00e9vues dans les quartiers de Bordeaux et les communes de la m\u00e9tropole. Elles permettront de grossir les rangs des 608\u00a0321\u00a0arbres plant\u00e9s depuis 2020, dont environ 70\u00a0000 dans la ville centre.<\/p>\n<p>\u00ab\u00a0\u00c9loges de la lenteur\u00a0\u00bb<\/p>\n<p>Durant six jours, expositions, conf\u00e9rences, balades nature, plantations anim\u00e9es et ateliers pour enfants et adultes vont se succ\u00e9der. Parmi les animations les plus originales figure un escape game \u00ab\u00a0Sauvons les arbres\u00a0\u00bb, <a href=\"http:\/\/www.bourgailh-pessac.fr\/sauvons-les-arbres\/\" target=\"_blank\" rel=\"nofollow noopener\">propos\u00e9 par l\u2019\u00e9cosite du Bourgailh<\/a>. Il aura lieu le 6\u00a0d\u00e9cembre \u00e0 Martignas-sur-Jalle et Parempuyre et le 10\u00a0d\u00e9cembre \u00e0 Saint-M\u00e9dard-en-Jalles. Ce jeu d\u2019\u00e9quipe permettra de d\u00e9couvrir les menaces qui p\u00e8sent sur ces \u00eatres vivants et surtout, les solutions pour les prot\u00e9ger.<\/p>\n<p>Car derri\u00e8re la vigueur apparente de leurs v\u00e9n\u00e9rables frondaisons, la plupart sont aujourd\u2019hui menac\u00e9s. \u00ab\u00a0Ces \u00e9loges de la lenteur\u00a0\u00bb, comme les d\u00e9finit Michel P\u00e9na, subissent de plein fouet le r\u00e9chauffement climatique. \u00ab\u00a0Qui peut dire quel climat nous aurons dans cinquante ans\u00a0? Il ne s\u2019agit pas de planter uniquement des arbres qui ont toujours pouss\u00e9 \u00e0 Bordeaux. Demain, ils ne pousseront plus\u00a0\u00bb, pr\u00e9vient le paysagiste. Comme disparaissent les ch\u00eanes blancs du sud-est, jadis les colonisateurs du littoral m\u00e9diterran\u00e9en. \u00ab\u00a0On teste des vari\u00e9t\u00e9s. On est oblig\u00e9s d\u2019inventer.\u00a0\u00bb Une autre fa\u00e7on de c\u00e9l\u00e9brer la beaut\u00e9.<\/p>\n","protected":false},"excerpt":{"rendered":"L\u2019auteur du paysage de la promenade du Paillou, \u00e0 Nice, de la dalle Montparnasse \u00e0 Paris ou de&hellip;\n","protected":false},"author":2,"featured_media":569533,"comment_status":"","ping_status":"","sticky":false,"template":"","format":"standard","meta":{"footnotes":""},"categories":[2817],"tags":[1111,11,1997,1777,674,1011,27,12,2219,25],"class_list":{"0":"post-569532","1":"post","2":"type-post","3":"status-publish","4":"format-standard","5":"has-post-thumbnail","7":"category-bordeaux","8":"tag-actu","9":"tag-actualites","10":"tag-bordeaux","11":"tag-eu","12":"tag-europe","13":"tag-fr","14":"tag-france","15":"tag-news","16":"tag-nouvelle-aquitaine","17":"tag-republique-francaise"},"share_on_mastodon":{"url":"https:\/\/pubeurope.com\/@fr\/115640383558477309","error":""},"_links":{"self":[{"href":"https:\/\/www.europesays.com\/fr\/wp-json\/wp\/v2\/posts\/569532","targetHints":{"allow":["GET"]}}],"collection":[{"href":"https:\/\/www.europesays.com\/fr\/wp-json\/wp\/v2\/posts"}],"about":[{"href":"https:\/\/www.europesays.com\/fr\/wp-json\/wp\/v2\/types\/post"}],"author":[{"embeddable":true,"href":"https:\/\/www.europesays.com\/fr\/wp-json\/wp\/v2\/users\/2"}],"replies":[{"embeddable":true,"href":"https:\/\/www.europesays.com\/fr\/wp-json\/wp\/v2\/comments?post=569532"}],"version-history":[{"count":0,"href":"https:\/\/www.europesays.com\/fr\/wp-json\/wp\/v2\/posts\/569532\/revisions"}],"wp:featuredmedia":[{"embeddable":true,"href":"https:\/\/www.europesays.com\/fr\/wp-json\/wp\/v2\/media\/569533"}],"wp:attachment":[{"href":"https:\/\/www.europesays.com\/fr\/wp-json\/wp\/v2\/media?parent=569532"}],"wp:term":[{"taxonomy":"category","embeddable":true,"href":"https:\/\/www.europesays.com\/fr\/wp-json\/wp\/v2\/categories?post=569532"},{"taxonomy":"post_tag","embeddable":true,"href":"https:\/\/www.europesays.com\/fr\/wp-json\/wp\/v2\/tags?post=569532"}],"curies":[{"name":"wp","href":"https:\/\/api.w.org\/{rel}","templated":true}]}}