{"id":569538,"date":"2025-11-30T19:52:15","date_gmt":"2025-11-30T19:52:15","guid":{"rendered":"https:\/\/www.europesays.com\/fr\/569538\/"},"modified":"2025-11-30T19:52:15","modified_gmt":"2025-11-30T19:52:15","slug":"le-bon-coup-de-lille-au-havre","status":"publish","type":"post","link":"https:\/\/www.europesays.com\/fr\/569538\/","title":{"rendered":"le bon coup de Lille au Havre"},"content":{"rendered":"<p><strong>Le\u00a0Havre\u00a0&#8211; Lille 0-1.<\/strong><\/p>\n<p>En inf\u00e9riorit\u00e9 num\u00e9rique \u00e0 partir de la 51e minute, Lille a tout de m\u00eame r\u00e9ussi \u00e0 s\u2019imposer sur le fil au\u00a0Havre (0-1), gr\u00e2ce \u00e0 un grand Berke \u00d6zer dans les cages, dimanche 30\u00a0novembre 2025. Lille double ainsi Rennes pour se placer au pied du podium (4e) avec 26 points, alors que Le\u00a0Havre est 14e avec 14 points en 14 journ\u00e9es.<\/p>\n<p>Trois jours apr\u00e8s avoir domin\u00e9 le Dinamo Zagreb (4-0) \u00e0 l\u2019occasion de la cinqui\u00e8me journ\u00e9e de la Ligue Europa, Lille ne pouvait se permettre au\u00a0Havre de conc\u00e9der un troisi\u00e8me revers d\u2019affil\u00e9e loin du stade Pierre Mauroy. Un objectif bien ancr\u00e9 dans les t\u00eates lilloises, et concr\u00e9tis\u00e9 par une entame totalement \u00e0 leur avantage.<\/p>\n<p>Sur les bases d\u2019un pressing amorc\u00e9 tr\u00e8s haut, les hommes de Bruno Genesio n\u2019ont gu\u00e8re laiss\u00e9 aux Havrais la possibilit\u00e9 de respirer. N\u00e9anmoins, \u00e0 l\u2019exception de quelques sorties a\u00e9riennes, jamais Mory Diaw, le num\u00e9ro\u00a01 du\u00a0Havre AC, n\u2019a \u00e9t\u00e9 mis r\u00e9ellement dans l\u2019embarras en premi\u00e8re p\u00e9riode.<\/p>\n<p>La premi\u00e8re occasion nette au cr\u00e9dit de Lille a m\u00eame attendu le temps additionnel du premier acte, avec une frappe d\u2019Osmane Sahraoui venue s\u2019\u00e9craser sur le poteau (45e+\u00a01).<\/p>\n<p>Igamane lib\u00e8re le Losc<\/p>\n<p>Ce sont m\u00eame les Normands qui s\u2019\u00e9taient montr\u00e9s les plus mena\u00e7ants par Godson Kyeremeh, seul face \u00e0 un impeccable Berke \u00d6zer (9e), Fod\u00e9 Doucour\u00e9 (30e) ou encore Issa Soumar\u00e9 (45e +\u00a04).<\/p>\n<p>Et les complications ont sembl\u00e9 s\u2019encha\u00eener quand Ayyoub Bouaddi, apr\u00e8s une faute en position de dernier d\u00e9fenseur, a \u00e9cop\u00e9 d\u2019un carton rouge (51e), avant qu\u2019Olivier Giroud, touch\u00e9 \u00e0 un genou, ne doive quitter ses partenaires (57e).<\/p>\n<p>R\u00e9duits \u00e0 dix, Benjamin Andr\u00e9 et les siens ont d\u2019abord \u00e9t\u00e9 contraints de reculer et de subir mais \u00d6zer s\u2019est montr\u00e9 impeccable face \u00e0 Simon Ebonog (60e), puis sur une tentative de la t\u00eate smash\u00e9e de Gautier Lloris (61e).<\/p>\n<p>Apr\u00e8s avoir copieusement souffert, le Losc a trouv\u00e9 les ressources pour porter le coup de gr\u00e2ce dans les derniers instants de ce duel, au terme d\u2019un contre victorieusement conclu par le joker Hamza Igamane (0-1, 88e), sur un service en or d\u2019Ethan Mbapp\u00e9.<\/p>\n<p>La r\u00e9ception de Marseille, vendredi prochain, sera une opportunit\u00e9 en or de se rapprocher encore un peu plus du podium et d\u2019affirmer ses ambitions pour ce Losc \u00e0 toute \u00e9preuve.<\/p>\n<p><strong>Mi-temps\u00a0:<\/strong> 0-0.<br \/><strong>But\u00a0:<\/strong> pour Lille, H.\u00a0Igamane (88e).<br \/><strong>Cartons jaunes\u00a0:<\/strong> au\u00a0Havre, A.\u00a0Samatta (82e)\u00a0; \u00e0 Lille, T.\u00a0Meunier (45e), T.\u00a0Ngoy (45e), H.\u00a0Haraldsson (90e).<br \/><strong>Carton rouge\u00a0:<\/strong> \u00e0 Lille, A.\u00a0Bouaddi (51e).<\/p>\n","protected":false},"excerpt":{"rendered":"Le\u00a0Havre\u00a0&#8211; Lille 0-1. En inf\u00e9riorit\u00e9 num\u00e9rique \u00e0 partir de la 51e minute, Lille a tout de m\u00eame r\u00e9ussi&hellip;\n","protected":false},"author":2,"featured_media":569539,"comment_status":"","ping_status":"","sticky":false,"template":"","format":"standard","meta":{"footnotes":""},"categories":[2815],"tags":[1111,11,1777,674,63,1011,27,811,66,1307,12,25,60],"class_list":{"0":"post-569538","1":"post","2":"type-post","3":"status-publish","4":"format-standard","5":"has-post-thumbnail","7":"category-lille","8":"tag-actu","9":"tag-actualites","10":"tag-eu","11":"tag-europe","12":"tag-football","13":"tag-fr","14":"tag-france","15":"tag-hauts-de-france","16":"tag-ligue-1","17":"tag-lille","18":"tag-news","19":"tag-republique-francaise","20":"tag-sports"},"share_on_mastodon":{"url":"https:\/\/pubeurope.com\/@fr\/115640398481737581","error":""},"_links":{"self":[{"href":"https:\/\/www.europesays.com\/fr\/wp-json\/wp\/v2\/posts\/569538","targetHints":{"allow":["GET"]}}],"collection":[{"href":"https:\/\/www.europesays.com\/fr\/wp-json\/wp\/v2\/posts"}],"about":[{"href":"https:\/\/www.europesays.com\/fr\/wp-json\/wp\/v2\/types\/post"}],"author":[{"embeddable":true,"href":"https:\/\/www.europesays.com\/fr\/wp-json\/wp\/v2\/users\/2"}],"replies":[{"embeddable":true,"href":"https:\/\/www.europesays.com\/fr\/wp-json\/wp\/v2\/comments?post=569538"}],"version-history":[{"count":0,"href":"https:\/\/www.europesays.com\/fr\/wp-json\/wp\/v2\/posts\/569538\/revisions"}],"wp:featuredmedia":[{"embeddable":true,"href":"https:\/\/www.europesays.com\/fr\/wp-json\/wp\/v2\/media\/569539"}],"wp:attachment":[{"href":"https:\/\/www.europesays.com\/fr\/wp-json\/wp\/v2\/media?parent=569538"}],"wp:term":[{"taxonomy":"category","embeddable":true,"href":"https:\/\/www.europesays.com\/fr\/wp-json\/wp\/v2\/categories?post=569538"},{"taxonomy":"post_tag","embeddable":true,"href":"https:\/\/www.europesays.com\/fr\/wp-json\/wp\/v2\/tags?post=569538"}],"curies":[{"name":"wp","href":"https:\/\/api.w.org\/{rel}","templated":true}]}}