{"id":569540,"date":"2025-11-30T19:53:17","date_gmt":"2025-11-30T19:53:17","guid":{"rendered":"https:\/\/www.europesays.com\/fr\/569540\/"},"modified":"2025-11-30T19:53:17","modified_gmt":"2025-11-30T19:53:17","slug":"nouvelle-fusillade-sur-un-point-de-deal-du-3e-arrondissement-de-marseille-deux-blesses-et-deux-suspects-interpelles","status":"publish","type":"post","link":"https:\/\/www.europesays.com\/fr\/569540\/","title":{"rendered":"Nouvelle fusillade sur un point de deal du 3e arrondissement de Marseille, deux bless\u00e9s et deux suspects interpell\u00e9s"},"content":{"rendered":"<p>Une nouvelle fois, la poudre a parl\u00e9 \u00e0 <a href=\"https:\/\/www.laprovence.com\/bouches-du-rhone\/marseille-13055\" target=\"_blank\" rel=\"noopener\">Marseille<\/a>, en ce dernier week-end de novembre, dessinant le contour d\u2019un nouveau conflit sur fond de trafic de stup\u00e9fiants centr\u00e9 <a href=\"https:\/\/www.laprovence.com\/article\/faits-divers-justice\/47023376325939\/coups-de-feu-cette-nuit-dans-le-3e-arrondissement-de-marseille-un-jeune-homme-blesse-par-balle\" target=\"_blank\" rel=\"noopener\">sur le 3e arrondissement<\/a>. Peu avant 16h, ce dimanche 30\u00a0novembre 2025, une fusillade a \u00e9clat\u00e9 sur un point de deal, situ\u00e9 cette fois <a href=\"https:\/\/www.laprovence.com\/article\/faits-divers-justice\/77504914960751\/fusillade-a-felix-pyat-a-marseille-la-victime-blessee-par-une-balle-perdue-de-kalachnikov\" target=\"_blank\" rel=\"noopener\">dans le quartier de Felix-Pyat<\/a>, particuli\u00e8rement connu en mati\u00e8re de trafic de stup\u00e9fiants.<\/p>\n<p>Vers 15h50, deux hommes au moins ont fait irruption au niveau du b\u00e2timent A5 du Parc Bellevue et ouvert le feu au niveau du point de deal, vraisemblablement au moyen d\u2019un fusil de type kalachnikov et d\u2019une arme de poing. Un homme de 21\u00a0ans a re\u00e7u quatre impacts au niveau des membres, touch\u00e9 \u00e0 la main et au pied notamment.<\/p>\n<p><img alt=\"Deux personnes ont \u00e9t\u00e9 bless\u00e9es dans une fusillade \u00e0 Marseille, ce dimanche.\" loading=\"lazy\" decoding=\"async\" data-nimg=\"fill\" class=\" TwicCore_img__i9TC1 undefined  undefined\" style=\"position:absolute;height:100%;width:100%;left:0;top:0;right:0;bottom:0;color:transparent;background-size:cover;background-position:50% 50%;background-repeat:no-repeat;background-image:url(&quot;data:image\/svg+xml;charset=utf-8,%3Csvg xmlns='http:\/\/www.w3.org\/2000\/svg' %3E%3Cfilter id='b' color-interpolation-filters='sRGB'%3E%3CfeGaussianBlur stdDeviation='20'\/%3E%3CfeColorMatrix values='1 0 0 0 0 0 1 0 0 0 0 0 1 0 0 0 0 0 100 -1' result='s'\/%3E%3CfeFlood x='0' y='0' width='100%25' height='100%25'\/%3E%3CfeComposite operator='out' in='s'\/%3E%3CfeComposite in2='SourceGraphic'\/%3E%3CfeGaussianBlur stdDeviation='20'\/%3E%3C\/filter%3E%3Cimage width='100%25' height='100%25' x='0' y='0' preserveAspectRatio='none' style='filter: url(%23b);' href='https:\/\/pictures.laprovence.com\/cdn-cgi\/image\/blur=250\/media\/melody\/2025\/11\/30\/des-tirs-ont-eu-lieu-a-felix-pyat-a-marseille-ce-dimanche-30-novembre-1764520525_86dcb9e56c296aadcb9e56c298edcbv_.jpg'\/%3E%3C\/svg%3E&quot;)\"   src=\"https:\/\/www.europesays.com\/fr\/wp-content\/uploads\/2025\/11\/des-tirs-ont-eu-lieu-a-felix-pyat-a-marseille-ce-dimanche-30-novembre-1764520525_86dcb9e56c296aadcb9.jpeg\"\/>Deux personnes ont \u00e9t\u00e9 bless\u00e9es dans une fusillade \u00e0 Marseille, ce dimanche. \/ Photo Gilles Bader<\/p>\n<p>Quelques instants apr\u00e8s, une deuxi\u00e8me victime, \u00e2g\u00e9e d\u2019environ 32\u00a0ans, a \u00e9t\u00e9 d\u00e9couverte \u00e0 quelques centaines de m\u00e8tres de l\u00e0, sur le boulevard Ferdinand de Lesseps, avec une plaie par balle ou par \u00e9clat \u00e0 la jambe. Les deux hommes ont \u00e9t\u00e9 secourus par les marins-pompiers et transport\u00e9s \u00e0 l\u2019h\u00f4pital en \u00e9tat d\u2019urgence \u00ab\u00a0relative\u00a0\u00bb, sans pronostic vital engag\u00e9, malgr\u00e9 le calibre utilis\u00e9.<\/p>\n<p>Deux suspects interpell\u00e9s<\/p>\n<p>De sources concordantes, quelques instants apr\u00e8s la fusillade, un \u00e9quipage de la Bac a interpell\u00e9 deux personnes dans le 14e arrondissement de Marseille, susceptible d\u2019\u00eatres li\u00e9es aux tirs survenus \u00e0 Felix-Pyat.<\/p>\n<p>Les services de police sont toujours sur les lieux de la fusillade, qui, apr\u00e8s les tirs rue du Jet d\u2019eau, la veille, l\u2019assassinat <a href=\"https:\/\/www.laprovence.com\/article\/faits-divers-justice\/14668098887352\/le-corps-dun-homme-carbonise-decouvert-dans-le-14e-arrondissement-de-marseille\" target=\"_blank\" rel=\"noopener\">d\u2019un adolescent aux Arnavaux<\/a> et celui d\u2019un autre jeune homme <a href=\"https:\/\/www.laprovence.com\/article\/faits-divers-justice\/1540536164288214\/un-jeune-homme-de-20-ans-tue-par-balle-cite-bel-horizon-a-marseille\" target=\"_blank\" rel=\"noopener\">\u00e0 la cit\u00e9 Bel Horizon<\/a>, cette semaine, pourrait s\u2019inscrire dans le cadre d\u2019un nouveau conflit entre clans rivaux pour le contr\u00f4le de points de deal dans le 3e arrondissement de Marseille.<\/p>\n<p><img alt=\"\" loading=\"lazy\" width=\"18\" height=\"18\" decoding=\"async\" data-nimg=\"1\" class=\"mx-[8px]\" style=\"color:transparent\" src=\"https:\/\/www.laprovence.com\/_next\/static\/media\/comment.b95dda91.svg\"\/>D\u00e9marrez la conversation<\/p>\n<p class=\"text-[1.8rem] mt-[32px]\">Votre opinion compte pour nous. Rejoignez la communaut\u00e9 laprovence.com en r\u00e9agissant sur l&rsquo;article Nouvelle fusillade sur un point de deal du 3e arrondissement de Marseille, deux bless\u00e9s et deux suspects interpell\u00e9s.<\/p>\n","protected":false},"excerpt":{"rendered":"Une nouvelle fois, la poudre a parl\u00e9 \u00e0 Marseille, en ce dernier week-end de novembre, dessinant le contour&hellip;\n","protected":false},"author":2,"featured_media":569541,"comment_status":"","ping_status":"","sticky":false,"template":"","format":"standard","meta":{"footnotes":""},"categories":[2814],"tags":[17,1111,11,3869,10083,1777,674,274,1011,27,3832,884,12,2043,3948,882,25,3356],"class_list":{"0":"post-569540","1":"post","2":"type-post","3":"status-publish","4":"format-standard","5":"has-post-thumbnail","7":"category-marseille","8":"tag-17","9":"tag-actu","10":"tag-actualites","11":"tag-arrondissement","12":"tag-deal","13":"tag-eu","14":"tag-europe","15":"tag-faits-divers-justice","16":"tag-fr","17":"tag-france","18":"tag-fusillade","19":"tag-marseille","20":"tag-news","21":"tag-nouvelle","22":"tag-point","23":"tag-provence-alpes-cote-dazur","24":"tag-republique-francaise","25":"tag-sur"},"share_on_mastodon":{"url":"https:\/\/pubeurope.com\/@fr\/115640403738168933","error":""},"_links":{"self":[{"href":"https:\/\/www.europesays.com\/fr\/wp-json\/wp\/v2\/posts\/569540","targetHints":{"allow":["GET"]}}],"collection":[{"href":"https:\/\/www.europesays.com\/fr\/wp-json\/wp\/v2\/posts"}],"about":[{"href":"https:\/\/www.europesays.com\/fr\/wp-json\/wp\/v2\/types\/post"}],"author":[{"embeddable":true,"href":"https:\/\/www.europesays.com\/fr\/wp-json\/wp\/v2\/users\/2"}],"replies":[{"embeddable":true,"href":"https:\/\/www.europesays.com\/fr\/wp-json\/wp\/v2\/comments?post=569540"}],"version-history":[{"count":0,"href":"https:\/\/www.europesays.com\/fr\/wp-json\/wp\/v2\/posts\/569540\/revisions"}],"wp:featuredmedia":[{"embeddable":true,"href":"https:\/\/www.europesays.com\/fr\/wp-json\/wp\/v2\/media\/569541"}],"wp:attachment":[{"href":"https:\/\/www.europesays.com\/fr\/wp-json\/wp\/v2\/media?parent=569540"}],"wp:term":[{"taxonomy":"category","embeddable":true,"href":"https:\/\/www.europesays.com\/fr\/wp-json\/wp\/v2\/categories?post=569540"},{"taxonomy":"post_tag","embeddable":true,"href":"https:\/\/www.europesays.com\/fr\/wp-json\/wp\/v2\/tags?post=569540"}],"curies":[{"name":"wp","href":"https:\/\/api.w.org\/{rel}","templated":true}]}}