{"id":569544,"date":"2025-11-30T19:55:14","date_gmt":"2025-11-30T19:55:14","guid":{"rendered":"https:\/\/www.europesays.com\/fr\/569544\/"},"modified":"2025-11-30T19:55:14","modified_gmt":"2025-11-30T19:55:14","slug":"marche-de-createurs-360-sur-lart-a-la-place-sathonay-a-lyon-1","status":"publish","type":"post","link":"https:\/\/www.europesays.com\/fr\/569544\/","title":{"rendered":"March\u00e9 de cr\u00e9ateurs \u00ab\u00a0360\u00b0 sur l&rsquo;Art\u00a0\u00bb \u00e0 la Place Sathonay \u00e0 Lyon 1"},"content":{"rendered":"<p>Rendez-vous samedi 13 et dimanche 14 d\u00e9cembre 2025 \u00e0 la place Sathonay \u00e0 lyon.<\/p>\n<p>Le march\u00e9 360\u00b0 sur l&rsquo;Art est un march\u00e9 organis\u00e9 par Arts Pentes depuis 20 ans \u00e0 l&rsquo;occasion des f\u00eates de No\u00ebl, sur la place Sathonay, dans le 1er arrondissement de Lyon.<\/p>\n<p>Il propose une s\u00e9lection d&rsquo;une cinquantaine de cr\u00e9ateurs et artisans d&rsquo;art majoritairement lyonnais, mais aussi plus largement de la r\u00e9gion Rh\u00f4ne-Alpes. <\/p>\n<p>Les cr\u00e9ateurs sont s\u00e9lectionn\u00e9s pour l&rsquo;inventivit\u00e9, la modernit\u00e9 et la qualit\u00e9 de leurs produits. De plus, le march\u00e9 encourage les d\u00e9marches de fabrication avec une transformation de la mati\u00e8re la plus artisanale et locale possible.<\/p>\n<p>Durant tout le week-end, venez rencontrer tout ce joli monde sous les tentes \u00e9clair\u00e9es aux lumi\u00e8res de l&rsquo;hiver pour choisir des cadeaux de fin d&rsquo;ann\u00e9e originaux et atypiques.<\/p>\n<p>Rendez-vous dimanche 7 d\u00e9cembre 2025 d\u00e8s 10h, \u00e0 l&rsquo;espace Pontois, \u00e0 Pont de Cheruy<\/p>\n<p>Infos pratiques :<br \/>&#8211; Horaires : samedi &#8211; 11h-20h \/ dimanche 10h-19h<br \/>&#8211; Adresse : Place Sathonay, Lyon 1er <\/p>\n<p>Radio SCOOP est partenaire de l&rsquo;\u00e9v\u00e8nement<\/p>\n<tr>\n<td class=\"defaut\"><a href=\"https:\/\/www.radioscoop.com\/agenda\/javascript:void(0)\" onclick=\"parent.RS.diaporama.addMedia(716529) ;\" target=\"_blank\" rel=\"noopener\"><img loading=\"lazy\" decoding=\"async\" src=\"https:\/\/www.europesays.com\/fr\/wp-content\/uploads\/2025\/11\/1764532514_225_img\" width=\"465\" height=\"640\" border=\"0\" title=\"March\u00e9 de cr\u00e9ateurs &quot;360\u00b0 sur l'Art&quot; \u00a9 Amandine Montazeau ? Ma patte laisse des traces\"\/><\/a><\/td>\n<\/tr>\n<p><\/p>\n","protected":false},"excerpt":{"rendered":"Rendez-vous samedi 13 et dimanche 14 d\u00e9cembre 2025 \u00e0 la place Sathonay \u00e0 lyon. Le march\u00e9 360\u00b0 sur&hellip;\n","protected":false},"author":2,"featured_media":569545,"comment_status":"","ping_status":"","sticky":false,"template":"","format":"standard","meta":{"footnotes":""},"categories":[1889],"tags":[1111,11,3734,2430,68493,1777,674,1011,27,2428,63631,12,25,68492,4064],"class_list":{"0":"post-569544","1":"post","2":"type-post","3":"status-publish","4":"format-standard","5":"has-post-thumbnail","7":"category-lyon","8":"tag-actu","9":"tag-actualites","10":"tag-art","11":"tag-auvergne-rhone-alpes","12":"tag-crateurs","13":"tag-eu","14":"tag-europe","15":"tag-fr","16":"tag-france","17":"tag-lyon","18":"tag-march-de-nol","19":"tag-news","20":"tag-republique-francaise","21":"tag-sathonay","22":"tag-week-end"},"share_on_mastodon":{"url":"https:\/\/pubeurope.com\/@fr\/115640410693651264","error":""},"_links":{"self":[{"href":"https:\/\/www.europesays.com\/fr\/wp-json\/wp\/v2\/posts\/569544","targetHints":{"allow":["GET"]}}],"collection":[{"href":"https:\/\/www.europesays.com\/fr\/wp-json\/wp\/v2\/posts"}],"about":[{"href":"https:\/\/www.europesays.com\/fr\/wp-json\/wp\/v2\/types\/post"}],"author":[{"embeddable":true,"href":"https:\/\/www.europesays.com\/fr\/wp-json\/wp\/v2\/users\/2"}],"replies":[{"embeddable":true,"href":"https:\/\/www.europesays.com\/fr\/wp-json\/wp\/v2\/comments?post=569544"}],"version-history":[{"count":0,"href":"https:\/\/www.europesays.com\/fr\/wp-json\/wp\/v2\/posts\/569544\/revisions"}],"wp:featuredmedia":[{"embeddable":true,"href":"https:\/\/www.europesays.com\/fr\/wp-json\/wp\/v2\/media\/569545"}],"wp:attachment":[{"href":"https:\/\/www.europesays.com\/fr\/wp-json\/wp\/v2\/media?parent=569544"}],"wp:term":[{"taxonomy":"category","embeddable":true,"href":"https:\/\/www.europesays.com\/fr\/wp-json\/wp\/v2\/categories?post=569544"},{"taxonomy":"post_tag","embeddable":true,"href":"https:\/\/www.europesays.com\/fr\/wp-json\/wp\/v2\/tags?post=569544"}],"curies":[{"name":"wp","href":"https:\/\/api.w.org\/{rel}","templated":true}]}}