{"id":569548,"date":"2025-11-30T19:59:12","date_gmt":"2025-11-30T19:59:12","guid":{"rendered":"https:\/\/www.europesays.com\/fr\/569548\/"},"modified":"2025-11-30T19:59:12","modified_gmt":"2025-11-30T19:59:12","slug":"previsions-des-perturbations-ratp-et-sncf-a-paris","status":"publish","type":"post","link":"https:\/\/www.europesays.com\/fr\/569548\/","title":{"rendered":"Pr\u00e9visions des perturbations RATP et SNCF \u00e0 Paris"},"content":{"rendered":"<p>\t\t\t\t\tGr\u00e8ve du 2 d\u00e9cembre \u00e0 Paris : contexte et enjeux syndicaux<\/p>\n<p>Le 2 d\u00e9cembre s\u2019annonce comme une date cl\u00e9 pour Paris et l\u2019\u00cele-de-France, marqu\u00e9e par une <strong>gr\u00e8ve interprofessionnelle<\/strong> \u00e0 l\u2019initiative des syndicats tels que la CGT, la FSU et Solidaires. Cette journ\u00e9e de mobilisation s\u2019inscrit dans un mouvement plus large, li\u00e9 \u00e0 des revendications concernant le projet de loi de finances pour 2026. Ce dernier est jug\u00e9 par les syndicats comme \u00e9tant socialement injuste, entra\u00eenant des inqui\u00e9tudes quant \u00e0 des suppressions de postes et une stagnation des salaires.<\/p>\n<p>Ces mobilisations visent \u00e9galement \u00e0 faire entendre la voix de ceux qui aspirent \u00e0 une revalorisation des salaires, n\u00e9cessaires \u00e0 la compensation d\u2019une p\u00e9riode d\u2019aust\u00e9rit\u00e9 prolong\u00e9e o\u00f9 les points d\u2019indice n\u2019ont que peu \u00e9volu\u00e9. Ainsi, les travailleurs de secteurs cl\u00e9s, notamment ceux de la <strong>RATP<\/strong> et de la <strong>SNCF<\/strong>, s\u2019organisent pour manifester leur m\u00e9contentement et leurs attentes.<\/p>\n<p>Les <strong>perturbations<\/strong> dans les transports sont donc \u00e0 pr\u00e9voir. \u00c0 ce titre, ces syndicats annoncent des actions qui pourraient \u00e9galement toucher d\u2019autres secteurs que celui des transports, comme l\u2019\u00e9ducation ou les services publics. Les usagers sont donc invit\u00e9s \u00e0 se pr\u00e9parer \u00e0 des inconv\u00e9nients importants, qui pourraient g\u00e2cher leur quotidien.<\/p>\n<p>Les revendications des syndicats<\/p>\n<p>Les syndicats mobilis\u00e9s pour cette gr\u00e8ve du 2 d\u00e9cembre partagent des objectifs clairs. Les principaux axes de leurs revendications sont :<\/p>\n<ul class=\"wp-block-list\">\n<li><strong>Augmentation des salaires :<\/strong> Les syndicats demandent une revalorisation des salaires afin de compenser la stagnation des revenus qui touche de nombreux travailleurs.<\/li>\n<li><strong>Protection des emplois :<\/strong> L\u2019abandon des projets de suppressions de postes est \u00e9galement au c\u0153ur des pr\u00e9occupations syndicales.<\/li>\n<li><strong>Am\u00e9lioration des conditions de travail :<\/strong> Des conditions de travail d\u00e9grad\u00e9es sont souvent mises en avant, et les syndicats veulent s\u2019assurer que les droits des travailleurs soient respect\u00e9s.<\/li>\n<\/ul>\n<p>En sus de ces revendications, la mobilisation vise \u00e0 attirer l\u2019attention des d\u00e9cideurs politiques sur les r\u00e9alit\u00e9s du terrain, avec des travailleurs qui s\u2019estiment laiss\u00e9s pour compte. Comment cette situation va-t-elle impacter la dynamique sociale en France ? C\u2019est une question que beaucoup se posent alors que le climat se r\u00e9chauffe dans la sph\u00e8re sociale.<\/p>\n<p>Perturbations attendues dans les transports en commun<\/p>\n<p>Avec la p\u00e9n\u00e9tration de cette gr\u00e8ve dans le secteur des transports, les pr\u00e9visions de <strong>perturbations<\/strong> s\u2019annoncent cons\u00e9quentes pour les utilisateurs des r\u00e9seaux RATP et SNCF. \u00c0 Paris, la mobilisation va impacter les routes et voies de transport, conduisant \u00e0 des ajustements dans les horaires habituels. Les usagers doivent donc anticiper des retards et autres d\u00e9sagr\u00e9ments.<\/p>\n<p>La RATP a d\u00e9j\u00e0 pr\u00e9vu un pr\u00e9avis de gr\u00e8ve courant du 1er d\u00e9cembre \u00e0 18h jusqu\u2019au 3 d\u00e9cembre \u00e0 7h, ce qui implique des interruptions de service sur l\u2019ensemble des lignes de m\u00e9tro, ainsi que sur les RER et les bus. Les lignes les plus touch\u00e9es incluront les lignes de m\u00e9tro historiques, A et B, ainsi que des lignes de tramways qui risquent d\u2019\u00eatre largement moins desservies. Pour plus de pr\u00e9cisions, il est conseill\u00e9 de consulter les informations sur le site officiel de la RATP et suivre les alertes de trafic en temps r\u00e9el.<\/p>\n<tr>\nType de transport<br \/>\nImpact attendu<br \/>\nLignes affect\u00e9es<br \/>\n<\/tr>\n<tr>\n<td>M\u00e9tro<\/td>\n<td>D\u00e9lestage, retards significatifs<\/td>\n<td>Ligne 1, Ligne 2, Ligne 6<\/td>\n<\/tr>\n<tr>\n<td>RER<\/td>\n<td>Arr\u00eats surnum\u00e9raires<\/td>\n<td>RER A, RER B, RER C<\/td>\n<\/tr>\n<tr>\n<td>Bus<\/td>\n<td>Annulations de lignes<\/td>\n<td>Lignes 21, 38, 85<\/td>\n<\/tr>\n<tr>\n<td>Trams<\/td>\n<td>Retards importants<\/td>\n<td>Lignes T1, T2<\/td>\n<\/tr>\n<p>Les usagers de la <strong>SNCF<\/strong> doivent \u00e9galement se pr\u00e9parer \u00e0 des retards et annulations de trains, tant sur les liaisons r\u00e9gionales que nationales. Les pr\u00e9visions des liaisons et le programme exact des annulations seront publi\u00e9s par la SNCF dans les jours pr\u00e9c\u00e9dant la gr\u00e8ve. Consultez toujours le site de la SNCF pour les mises \u00e0 jour.<\/p>\n<p>Pr\u00e9parations et conseils pour les usagers<\/p>\n<p>Face \u00e0 ce contexte de <strong>perturbations<\/strong>, il est essentiel pour les usagers de faire preuve de prudence et d\u2019anticipation. Voici quelques conseils pratiques :<\/p>\n<ul class=\"wp-block-list\">\n<li><strong>Planifiez vos trajets \u00e0 l\u2019avance :<\/strong> Renseignez-vous sur les horaires de transport, et envisagez d\u2019opter pour des alternatives, telles que le covoiturage ou le v\u00e9lo.<\/li>\n<li><strong>Consultez r\u00e9guli\u00e8rement les sources officielles :<\/strong> Les sites web de la RATP et de la SNCF fourniront les derni\u00e8res informations concernant les horaires et les \u00e9ventuels retards.<\/li>\n<li><strong>\u00c9vitez les heures de pointe :<\/strong> Si possible, optez pour des horaires en dehors des pics de fr\u00e9quentation pour \u00e9viter des d\u00e9sagr\u00e9ments suppl\u00e9mentaires.<\/li>\n<\/ul>\n<p>Ces recommandations ont pour objectif de permettre aux usagers de s\u2019adapter au mieux \u00e0 cette situation exceptionnelle. Il est possible que cette gr\u00e8ve du 2 d\u00e9cembre attire plus de personnes que pr\u00e9vu, rendant ainsi les alternatives de transport beaucoup plus pl\u00e9biscit\u00e9es. Quel sera l\u2019impact de cette affluence suppl\u00e9mentaire sur les moyens de transport disponibles ?<\/p>\n<p>Impacts sur les \u00e9coles et les services publics<\/p>\n<p>Les effets de cette gr\u00e8ve ne se limiteront pas aux transports. Les \u00e9coles et les services publics seront \u00e9galement affect\u00e9s par cette journ\u00e9e de protestation nationale. De nombreux enseignants et personnels administratifs pr\u00e9voient de rejoindre la mobilisation. Cette situation peut entra\u00eener des fermetures d\u2019\u00e9coles ou des modifications dans les horaires de classe \u00e0 Paris et en \u00cele-de-France.<\/p>\n<p>Dans plusieurs \u00e9tablissements, des d\u00e9cisions ont d\u00e9j\u00e0 \u00e9t\u00e9 prises pour limiter l\u2019accueil des \u00e9l\u00e8ves, certains \u00e9tablissements annon\u00e7ant des fermetures totales, tandis que d\u2019autres pourraient fonctionner avec des \u00e9quipes r\u00e9duites. Les parents sont donc encourag\u00e9s \u00e0 se renseigner sur la situation de leur \u00e9cole via les canaux habituels, y compris les sites des acad\u00e9mies.<\/p>\n<tr>\nType d\u2019\u00e9tablissement<br \/>\n\u00c9tat pr\u00e9vu<br \/>\nActions recommand\u00e9es<br \/>\n<\/tr>\n<tr>\n<td>\u00c9coles maternelles<\/td>\n<td>Possibles fermetures<\/td>\n<td>V\u00e9rifier avec l\u2019\u00e9tablissement<\/td>\n<\/tr>\n<tr>\n<td>\u00c9coles \u00e9l\u00e9mentaires<\/td>\n<td>Fonctionnement partiel probable<\/td>\n<td>Pr\u00e9parez un plan B pour la garde<\/td>\n<\/tr>\n<tr>\n<td>Lyc\u00e9es<\/td>\n<td>Fermetures dans plusieurs cas<\/td>\n<td>Suivre l\u2019info en ligne<\/td>\n<\/tr>\n<p>Il est primordial que les parents ainsi que les \u00e9l\u00e8ves soient bien inform\u00e9s des conditions de leur \u00e9cole. Face \u00e0 une situation qui pourrait impacter l\u2019\u00e9ducation, la communication entre l\u2019administration et les familles s\u2019annonce comme un facteur d\u00e9terminant.<\/p>\n<p>Pr\u00e9visions pour les services publics<\/p>\n<p>Les services publics ne seront pas \u00e9pargn\u00e9s par cette journ\u00e9e de gr\u00e8ve. De nombreux agents ont \u00e9galement pr\u00e9vu de se joindre aux mouvements, ce qui pourrait entra\u00eener un ralentissement dans les services administratifs dans la r\u00e9gion. Par exemple, les d\u00e9lais de traitement des demandes de documents administratifs pourraient \u00eatre augment\u00e9s. Voici quelques suggestions pour se pr\u00e9parer :<\/p>\n<ul class=\"wp-block-list\">\n<li><strong>V\u00e9rifiez si des documents doivent \u00eatre fournis :<\/strong> Assurez-vous que toutes les d\u00e9marches administratives soient compl\u00e8tes avant cette date.<\/li>\n<li><strong>Consultez en ligne :<\/strong> De nombreux services publics offrent des informations et des documents en ligne. Cela peut \u00eatre une bonne alternative pour r\u00e9duire les attentes.<\/li>\n<li><strong>Restez inform\u00e9s :<\/strong> Tenez-vous au courant gr\u00e2ce \u00e0 des canaux d\u2019information fiables concernant les horaires d\u2019ouverture et les perturbations.<\/li>\n<\/ul>\n<p>Cette anticipation permettra de limiter l\u2019impact de cette journ\u00e9e de <strong>mobilisation<\/strong> sur le quotidien des citoyens.<\/p>\n<p>Cons\u00e9quences pour les a\u00e9roports et l\u2019aviation<\/p>\n<p>Enfin, l\u2019impact de cette gr\u00e8ve du 2 d\u00e9cembre peut \u00e9galement se faire sentir dans le secteur de l\u2019aviation. Des syndicats minoritaires chez Air France ont annonc\u00e9 des mouvements pour les 2 et 3 d\u00e9cembre, en solidarit\u00e9 avec les autres gr\u00e9vistes. Ainsi, des modifications dans les vols d\u2019Air France peuvent bien se produire, ce qui pourrait provoquer des d\u00e9sagr\u00e9ments pour les passagers.<\/p>\n<p>Les voyageurs doivent notamment se renseigner sur l\u2019\u00e9tat de leurs vols avant leur d\u00e9part. Pour ceux qui empruntent l\u2019avion, la meilleure m\u00e9thode reste de v\u00e9rifier la situation de leur vol via le site d\u2019Air France ou l\u2019application mobile. En ce qui concerne les a\u00e9roports de Roissy et d\u2019Orly, il est probable qu\u2019il y ait des impacts sur les op\u00e9rations habituelles, entra\u00eenant des retards ou annulations.<\/p>\n<tr>\nA\u00e9roport<br \/>\nImpact pr\u00e9vu<br \/>\nRecommandations<br \/>\n<\/tr>\n<tr>\n<td>Roissy Charles de Gaulle<\/td>\n<td>Retards possibles<\/td>\n<td>V\u00e9rifiez r\u00e9guli\u00e8rement avec la compagnie a\u00e9rienne<\/td>\n<\/tr>\n<tr>\n<td>Orly<\/td>\n<td>Annulations probables sur certaines liaisons<\/td>\n<td>Pr\u00e9parez-vous \u00e0 des changements d\u2019horaires<\/td>\n<\/tr>\n<p>En ce qui concerne le transport a\u00e9rien, l\u2019information demeure la cl\u00e9 pour \u00e9viter de se retrouver pris au d\u00e9pourvu. Les passagers sont invit\u00e9s \u00e0 suivre les annonces similaires et \u00e0 se pr\u00e9parer aux \u00e9ventuelles complications caus\u00e9es par cette journ\u00e9e de <strong>gr\u00e8ve<\/strong>.<\/p>\n<p>Pr\u00e9parer son voyage en prenant en compte la gr\u00e8ve<\/p>\n<p>Les passagers qui doivent voyager pendant cette p\u00e9riode doivent adopter une attitude proactive. Voici quelques recommandations :<\/p>\n<ul class=\"wp-block-list\">\n<li><strong>Arrivez t\u00f4t \u00e0 l\u2019a\u00e9roport :<\/strong> Au cas o\u00f9 des retards se produiraient, envisagez un d\u00e9part anticip\u00e9 pour \u00eatre \u00e0 l\u2019heure.<\/li>\n<li><strong>Consultez l\u2019\u00e9tat du vol : <\/strong>Utilisez les outils en ligne pour v\u00e9rifier l\u2019actualit\u00e9 de votre vol, notamment les \u00e9ventuelles modifications d\u2019horaires.<\/li>\n<li><strong>Envisagez des solutions alternatives:<\/strong> Si possible, explorez d\u2019autres options de transport, comme le train, en anticipant les perturbations.<\/li>\n<\/ul>\n<p>Ces conseils pragmatiques aideront \u00e0 appr\u00e9hender cette journ\u00e9e du 2 d\u00e9cembre avec un maximum de s\u00e9r\u00e9nit\u00e9.<\/p>\n","protected":false},"excerpt":{"rendered":"Gr\u00e8ve du 2 d\u00e9cembre \u00e0 Paris : contexte et enjeux syndicaux Le 2 d\u00e9cembre s\u2019annonce comme une date&hellip;\n","protected":false},"author":2,"featured_media":569549,"comment_status":"","ping_status":"","sticky":false,"template":"","format":"standard","meta":{"footnotes":""},"categories":[1592],"tags":[1111,11,1777,674,1011,27,662,12,626,25],"class_list":{"0":"post-569548","1":"post","2":"type-post","3":"status-publish","4":"format-standard","5":"has-post-thumbnail","7":"category-ile-de-france","8":"tag-actu","9":"tag-actualites","10":"tag-eu","11":"tag-europe","12":"tag-fr","13":"tag-france","14":"tag-ile-de-france","15":"tag-news","16":"tag-paris","17":"tag-republique-francaise"},"share_on_mastodon":{"url":"https:\/\/pubeurope.com\/@fr\/115640426193676045","error":""},"_links":{"self":[{"href":"https:\/\/www.europesays.com\/fr\/wp-json\/wp\/v2\/posts\/569548","targetHints":{"allow":["GET"]}}],"collection":[{"href":"https:\/\/www.europesays.com\/fr\/wp-json\/wp\/v2\/posts"}],"about":[{"href":"https:\/\/www.europesays.com\/fr\/wp-json\/wp\/v2\/types\/post"}],"author":[{"embeddable":true,"href":"https:\/\/www.europesays.com\/fr\/wp-json\/wp\/v2\/users\/2"}],"replies":[{"embeddable":true,"href":"https:\/\/www.europesays.com\/fr\/wp-json\/wp\/v2\/comments?post=569548"}],"version-history":[{"count":0,"href":"https:\/\/www.europesays.com\/fr\/wp-json\/wp\/v2\/posts\/569548\/revisions"}],"wp:featuredmedia":[{"embeddable":true,"href":"https:\/\/www.europesays.com\/fr\/wp-json\/wp\/v2\/media\/569549"}],"wp:attachment":[{"href":"https:\/\/www.europesays.com\/fr\/wp-json\/wp\/v2\/media?parent=569548"}],"wp:term":[{"taxonomy":"category","embeddable":true,"href":"https:\/\/www.europesays.com\/fr\/wp-json\/wp\/v2\/categories?post=569548"},{"taxonomy":"post_tag","embeddable":true,"href":"https:\/\/www.europesays.com\/fr\/wp-json\/wp\/v2\/tags?post=569548"}],"curies":[{"name":"wp","href":"https:\/\/api.w.org\/{rel}","templated":true}]}}