{"id":569550,"date":"2025-11-30T20:00:53","date_gmt":"2025-11-30T20:00:53","guid":{"rendered":"https:\/\/www.europesays.com\/fr\/569550\/"},"modified":"2025-11-30T20:00:53","modified_gmt":"2025-11-30T20:00:53","slug":"les-passionnes-se-rassemblent-pour-un-championnat-du-monde-du-welsh","status":"publish","type":"post","link":"https:\/\/www.europesays.com\/fr\/569550\/","title":{"rendered":"les passionn\u00e9s se rassemblent pour un championnat du monde du welsh"},"content":{"rendered":"<p class=\"article__intro\">La premi\u00e8re \u00e9dition du Welshfest, un festival d\u00e9di\u00e9 au welsh, une sp\u00e9cialit\u00e9 culinaire du Nord Pas-de-Calais, a eu lieu ce week-end du 29 et 30 novembre 2025. Pr\u00e8s de 10 000 personnes se sont rendus \u00e0 Lille pour d\u00e9guster le cheddar et assister au couronnement du meilleur welsh du monde.<\/p>\n<p>\n      L\u2019actu des r\u00e9gions\n    <\/p>\n<p>\n      Chaque jour, un tour d\u2019horizon des principales infos de toutes les r\u00e9gions.\n    <\/p>\n<p>    France T\u00e9l\u00e9visions utilise votre adresse e-mail afin de vous envoyer la newsletter \u00ab\u00a0L\u2019actu des r\u00e9gions\u00a0\u00bb. Vous pouvez vous d\u00e9sinscrire \u00e0 tout moment via le lien en bas de cette newsletter. <a target=\"_blank\" href=\"https:\/\/www.francetelevisions.fr\/groupe\/confidentialite\/politique-de-confidentialite\/politique-de-confidentialite-de-france-televisions-6503\" rel=\"noopener\">Notre politique de confidentialit\u00e9<\/a><\/p>\n<p>\u00ab\u00a0Attention : les organisateurs d\u00e9clinent toute responsabilit\u00e9 sur la prise de poids\u00a0\u00bb, pr\u00e9vient le site du Welshfest. Ce festival tourn\u00e9 autour de <a href=\"https:\/\/france3-regions.franceinfo.fr\/hauts-de-france\/nord-0\/10-choses-a-savoir-sur-le-welsh-l-un-des-plats-les-plus-typiques-du-nord-pas-de-calais-3084175.html\" target=\"_blank\" rel=\"noopener noreferrer nofollow\" data-tooltip-url=\"https:\/\/france3-regions.franceinfo.fr\/hauts-de-france\/nord-0\/10-choses-a-savoir-sur-le-welsh-l-un-des-plats-les-plus-typiques-du-nord-pas-de-calais-3084175.html\">la sp\u00e9cialit\u00e9 culinaire nordiste<\/a> a pris possession de la gare Saint-Sauveur ce week-end du 29 et 30 novembre 2025. Pr\u00e8s de 10 000 personnes \u00e9taient attendues.<\/p>\n<p>Au programme : des concerts, des jeux et des animations autour du fromage, trois concours de welshs (cat\u00e9gories amateurs, espoirs et professionnels), mais surtout, beaucoup de cheddars ! Cet \u00e9v\u00e9nement a \u00e9t\u00e9 organis\u00e9 par l&rsquo;association amicale des amateurs de welsh.<\/p>\n<p>Son pr\u00e9sident, Pierre-Alain de Mazancourt nous raconte la gen\u00e8se de ce projet. En 2023, il reprend la brasserie Georges V, \u00e0 Lille, c\u00e9l\u00e8bre pour son welsh. \u00ab\u00a0Mes clients me disaient qu&rsquo;ils cuisinaient des welshs et voulaient me challenger, raconte-t-il. J&rsquo;ai donc organis\u00e9 un premier concours en novembre 2023 au Georges V pour \u00e9lire le meilleur welsh, avec pour jury, Romain Le Gal, meilleur ouvrier de France fromager.\u00a0\u00bb<\/p>\n<p><strong>\u00c0 lire aussi &gt;&gt;&gt;<\/strong> <a href=\"https:\/\/france3-regions.franceinfo.fr\/hauts-de-france\/nord-0\/lille\/cuisiner-le-meilleur-welsh-demande-du-travail-et-de-l-experience-decouvrez-le-premier-festival-de-ce-plat-iconique-du-nord-3252319.html\" target=\"_blank\" rel=\"noopener noreferrer nofollow\" data-tooltip-url=\"https:\/\/france3-regions.franceinfo.fr\/hauts-de-france\/nord-0\/lille\/cuisiner-le-meilleur-welsh-demande-du-travail-et-de-l-experience-decouvrez-le-premier-festival-de-ce-plat-iconique-du-nord-3252319.html\"><strong>La recette du welsh par\u00a0Romain Le Gal, Meilleur Ouvrier de France Fromager.<\/strong><\/a><\/p>\n<p>La premi\u00e8re \u00e9dition est un succ\u00e8s, il r\u00e9it\u00e8re alors en novembre 2024, cette fois dans la rue, devant le restaurant du Boulevard de la Libert\u00e9. \u00ab\u00a0Il y avait tellement de monde et de bruit, que j&rsquo;ai pass\u00e9 la soir\u00e9e avec la police municipale\u00a0\u00bb, se souvient l&rsquo;organisateur.<\/p>\n<p><a data-article-figure=\"\" href=\"https:\/\/france3-regions.franceinfo.fr\/image\/-n6SEWTZH9NOYAtcHpdycY8EKEA\/4000x3000\/regions\/2025\/11\/30\/img-20251130-150605-692c871ed5bcc784294028.jpg\" data-pswp-width=\"4000\" data-pswp-height=\"3000\" target=\"_blank\" rel=\"noopener\"><\/p>\n<p>          <img width=\"600\" height=\"400\" class=\"article-image lazy\" data-src=\"https:\/\/www.europesays.com\/fr\/wp-content\/uploads\/2025\/11\/img-20251130-150605-692c871ed5bcc784294028.jpg\" alt=\"Pierre-Alain de Mazancourt, patron de la brasserie le Georges V, est l'organisateur du Welshfest \u00e0 Lille.\" fetchpriority=\"high\" as=\"image\"\/><\/p>\n<p>\n            Pierre-Alain de Mazancourt, patron de la brasserie le Georges V, est l&rsquo;organisateur du Welshfest \u00e0 Lille.<br \/>\n                           \u2022<br \/>\n                                      \u00a9 Vincent Brunet\n                      <\/p>\n<p><\/a><\/p>\n<p>La mairie de Lille lui interdit alors de faire une nouvelle \u00e9dition au Georges V mais lui propose un lieu plus grand : le hall B de la gare Saint-Sauveur. \u00ab\u00a0\u00c7a fonctionne car ce n&rsquo;est pas un grand palace, \u00e7a reste un lieu populaire, comme le welsh\u00a0\u00bb, se r\u00e9jouit Pierre-Alain de Mazancourt.<\/p>\n<p><a data-article-figure=\"\" href=\"https:\/\/france3-regions.franceinfo.fr\/image\/sZzXx--_o-qWOcsEl_vGsy-4aR8\/4000x3000\/regions\/2025\/11\/30\/img-20251130-155858-692c877655576819466708.jpg\" data-pswp-width=\"4000\" data-pswp-height=\"3000\" target=\"_blank\" rel=\"noopener\"><\/p>\n<p>          <img width=\"600\" height=\"400\" class=\"article-image lazy\" data-src=\"https:\/\/www.europesays.com\/fr\/wp-content\/uploads\/2025\/11\/img-20251130-155858-692c877655576819466708.jpg\" alt=\"Maxime, du caf\u00e9 Bellenaert \u00e0 Bailleul, avant la pr\u00e9paration de son welsh burger, en finale du concours international du welsh.\" fetchpriority=\"high\" as=\"image\"\/><\/p>\n<p>\n            Maxime, du caf\u00e9 Bellenaert \u00e0 Bailleul, avant la pr\u00e9paration de son welsh burger, en finale du concours international du welsh.<br \/>\n                           \u2022<br \/>\n                                      \u00a9 Vincent Brunet\n                      <\/p>\n<p><\/a><\/p>\n<p>Mais l&rsquo;\u00e9v\u00e8nement prend une autre tournure : le concours se transforme en festival, en ajoutant des animations et des espaces de convivialit\u00e9. Aupr\u00e8s des 25 stands, les milliers de curieux peuvent acheter de nombreux produits d\u00e9riv\u00e9s autour du welsh, des tommes de cheddar pour le faire \u00e0 la maison et surtout, des barquettes de welshs, pr\u00e9par\u00e9es par plusieurs restaurateurs lillois. Pour le pr\u00e9sident de l&rsquo;association, l&rsquo;objectif reste de faire \u00ab\u00a0un \u00e9v\u00e8nement aussi convivial qu&rsquo;un welsh\u00a0\u00bb.<\/p>\n<p>Samedi 29 novembre 2025, deux concours ont eu lieu : celui des espoirs (jeunes restaurateurs en formation) et celui des amateurs. Selon Pierre-Alain de Mazancourt, les welshs des amateurs sont tr\u00e8s bons, \u00ab\u00a0ils ont m\u00eame un niveau que les professionnels (du concours) n&rsquo;arrivent pas \u00e0 atteindre. Ils sont vraiment passionn\u00e9s et ont moins de pressions que les pros.\u00a0\u00bb<\/p>\n<p><a data-article-figure=\"\" href=\"https:\/\/france3-regions.franceinfo.fr\/image\/nyqPCH2UKuB3p31dvdQ6OHHVItQ\/3280x2464\/regions\/2025\/11\/30\/img-20251130-144030-692c889300fb4391308061.jpg\" data-pswp-width=\"3280\" data-pswp-height=\"2464\" target=\"_blank\" rel=\"noopener\"><\/p>\n<p>          <img width=\"600\" height=\"400\" class=\"article-image lazy\" data-src=\"https:\/\/www.europesays.com\/fr\/wp-content\/uploads\/2025\/11\/img-20251130-144030-692c889300fb4391308061.jpg\" alt=\"Pr\u00e8s de 10 000 personnes se sont rassembl\u00e9s ce week-end sous le hall B de la gare Saint-Sauveur \u00e0 Lille \u00e0 l'occasion du Welshfest.\" fetchpriority=\"high\" as=\"image\"\/><\/p>\n<p>\n            Pr\u00e8s de 10 000 personnes se sont rassembl\u00e9s ce week-end sous le hall B de la gare Saint-Sauveur \u00e0 Lille \u00e0 l&rsquo;occasion du Welshfest.<br \/>\n                           \u2022<br \/>\n                                      \u00a9 Vincent Brunet\n                      <\/p>\n<p><\/a><\/p>\n<p>Ce dimanche 30 novembre 2025, c&rsquo;est au tour des cinq restaurateurs de la r\u00e9gion de s&rsquo;affronter lors du concours international du welsh. Trois \u00e9preuves vont les d\u00e9partager : le welsh classique, le welsh revisit\u00e9 et enfin le welsh burger.<\/p>\n<p>\u00ab\u00a0On bosse nos recettes depuis deux ou trois semaines\u00a0\u00bb, explique St\u00e9phanie, cuisini\u00e8re au Bellenaert Caf\u00e9, \u00e0 Bailleul. Elle ne concourt pas mais vient encourager Maxime, le barman-p\u00e2tissier de l&rsquo;\u00e9tablissement. \u00ab\u00a0J&rsquo;avais trop peur de paniquer alors que Maxime a l&rsquo;habitude des concours, donc c&rsquo;est lui qui y est all\u00e9.\u00a0\u00bb<\/p>\n<p><a data-article-figure=\"\" href=\"https:\/\/france3-regions.franceinfo.fr\/image\/GzupJjz7s_-C_OmuENHigqr-lfE\/4000x3000\/regions\/2025\/11\/30\/img-20251130-153242-692c87d4dfbc2034038048.jpg\" data-pswp-width=\"4000\" data-pswp-height=\"3000\" target=\"_blank\" rel=\"noopener\"><\/p>\n<p>          <img width=\"600\" height=\"400\" class=\"article-image lazy\" data-src=\"https:\/\/www.europesays.com\/fr\/wp-content\/uploads\/2025\/11\/img-20251130-153242-692c87d4dfbc2034038048.jpg\" alt=\"Parmi les animations propos\u00e9es lors de ce festival du welsh, une course de rappeur de cheddar.\" fetchpriority=\"high\" as=\"image\"\/><\/p>\n<p>\n            Parmi les animations propos\u00e9es lors de ce festival du welsh, une course de rappeur de cheddar.<br \/>\n                           \u2022<br \/>\n                                      \u00a9 Vincent Brunet\n                      <\/p>\n<p><\/a><\/p>\n<p>En attendant la phase finale du concours, St\u00e9phanie participe avec deux autres coll\u00e8gues \u00e0 une animation du festival : le concours du rappeur de welsh. Trois trios s&rsquo;affrontent pour r\u00e2per le plus de cheddar dans le temps imparti. Et c&rsquo;est l&rsquo;\u00e9quipe du Bellenart qui l&#8217;emporte : \u00ab\u00a0On aura au moins cette petite victoire suppl\u00e9mentaire !\u00a0\u00bb, s&rsquo;amusent les restaurateurs.<\/p>\n<p>Au milieu de ces animations, des centaines de visiteurs d\u00e9gustent leur welsh en barquette. \u00ab\u00a0On est des passionn\u00e9s\u00a0\u00bb, s&rsquo;exclame Alex venue avec son fr\u00e8re Charles et son amie Caroline. Tous les trois sont originaires des Flandres. \u00ab\u00a0On mange des welshs depuis 10 ans, on adore \u00e7a\u00a0\u00bb, se rem\u00e9morent-ils.<\/p>\n<p><a data-article-figure=\"\" href=\"https:\/\/france3-regions.franceinfo.fr\/image\/9lUHg4Qxa3-z6oy2dgzDKD4Parg\/4000x3000\/regions\/2025\/11\/30\/img-20251130-151031-692c8821c8484309896080.jpg\" data-pswp-width=\"4000\" data-pswp-height=\"3000\" target=\"_blank\" rel=\"noopener\"><\/p>\n<p>          <img width=\"600\" height=\"400\" class=\"article-image lazy\" data-src=\"https:\/\/www.europesays.com\/fr\/wp-content\/uploads\/2025\/11\/img-20251130-151031-692c8821c8484309896080.jpg\" alt=\"Axel (au milieu), Charles et Caroline sont passionn\u00e9s de welsh depuis plus d'une dizaine d'ann\u00e9es.\" fetchpriority=\"high\" as=\"image\"\/><\/p>\n<p>\n            Axel (au milieu), Charles et Caroline sont passionn\u00e9s de welsh depuis plus d&rsquo;une dizaine d&rsquo;ann\u00e9es.<br \/>\n                           \u2022<br \/>\n                                      \u00a9 Vincent Brunet\n                      <\/p>\n<p><\/a><\/p>\n<p>Motiv\u00e9e par le Welshfest, Alex a m\u00eame d\u00e9cid\u00e9 de cr\u00e9er <a href=\"https:\/\/www.instagram.com\/alexetsonwelsh\/\" target=\"_blank\" rel=\"noopener noreferrer nofollow\" data-tooltip-url=\"https:\/\/www.instagram.com\/alexetsonwelsh\/\">un compte Instagram<\/a> d\u00e9di\u00e9 \u00e0 cette sp\u00e9cialit\u00e9 gourmande. \u00ab\u00a0Je vais noter tous les welshs que je mange, en commen\u00e7ant par celui-l\u00e0\u00a0\u00bb dit-elle en prenant une bouch\u00e9e de cheddar. Les trois Nordistes vantent \u00ab\u00a0la simplicit\u00e9, la convivialit\u00e9 et la g\u00e9n\u00e9rosit\u00e9 de l&rsquo;\u00e9v\u00e8nement\u00a0\u00bb.<\/p>\n<p>Pour d&rsquo;autres, c&rsquo;est l&rsquo;occasion de faire d\u00e9couvrir le welsh aux proches qui ne viennent pas de la r\u00e9gion. Marie-Louise, 24 ans, adore le welsh. \u00ab\u00a0Mes grands-parents viennent de Boulogne, donc j&rsquo;en mange depuis petite\u00a0\u00bb, raconte l&rsquo;\u00e9tudiante lilloise.<\/p>\n<p><a data-article-figure=\"\" href=\"https:\/\/france3-regions.franceinfo.fr\/image\/7Mjzqjh4k_CpB113CygKWGhO0d0\/4000x3000\/regions\/2025\/11\/30\/img-20251130-151735-692c88d364225219613518.jpg\" data-pswp-width=\"4000\" data-pswp-height=\"3000\" target=\"_blank\" rel=\"noopener\"><\/p>\n<p>          <img width=\"600\" height=\"400\" class=\"article-image lazy\" data-src=\"https:\/\/www.europesays.com\/fr\/wp-content\/uploads\/2025\/11\/img-20251130-151735-692c88d364225219613518.jpg\" alt=\"C'est le premier welsh que go\u00fbte Aur\u00e9lie et Ruben, deux parisiens de 23 ans. Verdict : ils ont aim\u00e9 la sp\u00e9cialit\u00e9 nordiste.\" fetchpriority=\"high\" as=\"image\"\/><\/p>\n<p>\n            C&rsquo;est le premier welsh que go\u00fbte Aur\u00e9lie et Ruben, deux parisiens de 23 ans. Verdict : ils ont aim\u00e9 la sp\u00e9cialit\u00e9 nordiste.<br \/>\n                           \u2022<br \/>\n                                      \u00a9 Vincent Brunet\n                      <\/p>\n<p><\/a><\/p>\n<p>Elle a invit\u00e9 Aur\u00e9lie et Ruben, deux amis parisiens \u00e0 d\u00e9couvrir la sp\u00e9cialit\u00e9 fromag\u00e8re. \u00ab\u00a0C&rsquo;est notre premier welsh et on n&rsquo;est pas d\u00e9\u00e7us, c&rsquo;est super bon\u00a0\u00bb, disent-ils. La jeune femme est tout de m\u00eame d\u00e9pass\u00e9e par la dose de gras apr\u00e8s avoir mang\u00e9 la moiti\u00e9 de sa barquette. \u00ab\u00a0Je vais la finir !\u00a0\u00bb, crie Ruben en se jetant sur le reste de welsh.<\/p>\n<p>  <script async src=\"\/\/www.instagram.com\/embed.js\"><\/script><\/p>\n","protected":false},"excerpt":{"rendered":"La premi\u00e8re \u00e9dition du Welshfest, un festival d\u00e9di\u00e9 au welsh, une sp\u00e9cialit\u00e9 culinaire du Nord Pas-de-Calais, a eu&hellip;\n","protected":false},"author":2,"featured_media":569551,"comment_status":"","ping_status":"","sticky":false,"template":"","format":"standard","meta":{"footnotes":""},"categories":[1888],"tags":[1111,1928,11,1927,1777,674,1011,27,12,1926,626,1925,25],"class_list":{"0":"post-569550","1":"post","2":"type-post","3":"status-publish","4":"format-standard","5":"has-post-thumbnail","7":"category-paris","8":"tag-actu","9":"tag-actu-paris","10":"tag-actualites","11":"tag-actualites-paris","12":"tag-eu","13":"tag-europe","14":"tag-fr","15":"tag-france","16":"tag-news","17":"tag-news-paris","18":"tag-paris","19":"tag-paris-news","20":"tag-republique-francaise"},"share_on_mastodon":{"url":"https:\/\/pubeurope.com\/@fr\/115640433577944362","error":""},"_links":{"self":[{"href":"https:\/\/www.europesays.com\/fr\/wp-json\/wp\/v2\/posts\/569550","targetHints":{"allow":["GET"]}}],"collection":[{"href":"https:\/\/www.europesays.com\/fr\/wp-json\/wp\/v2\/posts"}],"about":[{"href":"https:\/\/www.europesays.com\/fr\/wp-json\/wp\/v2\/types\/post"}],"author":[{"embeddable":true,"href":"https:\/\/www.europesays.com\/fr\/wp-json\/wp\/v2\/users\/2"}],"replies":[{"embeddable":true,"href":"https:\/\/www.europesays.com\/fr\/wp-json\/wp\/v2\/comments?post=569550"}],"version-history":[{"count":0,"href":"https:\/\/www.europesays.com\/fr\/wp-json\/wp\/v2\/posts\/569550\/revisions"}],"wp:featuredmedia":[{"embeddable":true,"href":"https:\/\/www.europesays.com\/fr\/wp-json\/wp\/v2\/media\/569551"}],"wp:attachment":[{"href":"https:\/\/www.europesays.com\/fr\/wp-json\/wp\/v2\/media?parent=569550"}],"wp:term":[{"taxonomy":"category","embeddable":true,"href":"https:\/\/www.europesays.com\/fr\/wp-json\/wp\/v2\/categories?post=569550"},{"taxonomy":"post_tag","embeddable":true,"href":"https:\/\/www.europesays.com\/fr\/wp-json\/wp\/v2\/tags?post=569550"}],"curies":[{"name":"wp","href":"https:\/\/api.w.org\/{rel}","templated":true}]}}