{"id":569557,"date":"2025-11-30T20:08:25","date_gmt":"2025-11-30T20:08:25","guid":{"rendered":"https:\/\/www.europesays.com\/fr\/569557\/"},"modified":"2025-11-30T20:08:25","modified_gmt":"2025-11-30T20:08:25","slug":"volodymyr-zelensky-sous-pression-recu-par-emmanuel-macron-a-paris","status":"publish","type":"post","link":"https:\/\/www.europesays.com\/fr\/569557\/","title":{"rendered":"Volodymyr Zelensky, sous pression, re\u00e7u par Emmanuel Macron \u00e0 Paris"},"content":{"rendered":"<p>      lire plus tard<\/p>\n<p id=\"dialog__title\" class=\"dialog__title\">Pour sauvegarder cet article, connectez-vous ou cr\u00e9ez un compte franceinfo<\/p>\n<p class=\"dialog__description\">Sans paiement. Sans abonnement.<\/p>\n<p>        Fermer la fen\u00eatre d\u2019activation des notifications France Info<\/p>\n<p>      cr\u00e9er votre compte<\/p>\n<p>      se connecter<\/p>\n<p>        Fermer la fen\u00eatre de pr\u00e9sentation<\/p>\n<p>    Publi\u00e9 le 30\/11\/2025 20:38<\/p>\n<p>      Mis \u00e0 jour le 30\/11\/2025 20:39<\/p>\n<p>        Temps de lecture : 2min &#8211; vid\u00e9o : 2min<\/p>\n<p>    <img decoding=\"async\" class=\"francetv-player-wrapper__image\" alt=\"Guerre en Ukraine : Volodymyr Zelensky, sous pression, re\u00e7u par Emmanuel Macron \u00e0 Paris\"  width=\"432\" height=\"243\" src=\"https:\/\/www.europesays.com\/fr\/wp-content\/uploads\/2025\/11\/video-27-692c9805a2549729541162.jpg\" fetchpriority=\"high\"\/><\/p>\n<p>              Guerre en Ukraine : Volodymyr Zelensky, sous pression, re\u00e7u par Emmanuel Macron \u00e0 Paris<br \/>\n                    (France 2)<\/p>\n<p>      2min<\/p>\n<p>\n  Volodymyr Zelensky est attendu dimanche 30 novembre au soir \u00e0 Paris. Il rencontrera Emmanuel Macron. Un soutien au c\u0153ur d&rsquo;une temp\u00eate alors que le pr\u00e9sident ukrainien vient de se s\u00e9parer de son bras droit soup\u00e7onn\u00e9 de corruption.\n<\/p>\n<p><strong>Ce texte correspond \u00e0 une partie de la retranscription du reportage ci-dessus. Cliquez sur la vid\u00e9o pour la regarder en int\u00e9gralit\u00e9.<\/strong><\/p>\n<p><a href=\"https:\/\/www.franceinfo.fr\/monde\/europe\/manifestations-en-ukraine\/ukraine-accuse-de-corruption-le-bras-droit-de-volodymyr-zelensky-demissionne_7647473.html\" target=\"_blank\" rel=\"noopener\">Volodymyr Zelensky<\/a> est-il sous pression politiquement, militairement ? Est-il fragilis\u00e9 ? Lundi 1er d\u00e9cembre, il viendra en France rencontrer Emmanuel Macron pour la dixi\u00e8me fois depuis le d\u00e9but de la guerre, la deuxi\u00e8me fois en \u00e0 peine deux semaines, pour s&rsquo;assurer du soutien des Europ\u00e9ens. \u00ab\u00a0Nous nous pr\u00e9parons \u00e0 travailler avec nos partenaires la semaine prochaine, notamment pour am\u00e9liorer la qualit\u00e9 de notre d\u00e9fense a\u00e9rienne, et nous comptons sur l&rsquo;aide de nos partenaires\u00a0\u00bb, d\u00e9clare Volodymyr Zelensky, pr\u00e9sident de l\u2019Ukraine.<\/p>\n<p>Sur le plan politique, Volodymyr Zelensky est d\u00e9stabilis\u00e9 par un vaste scandale de corruption qui touche son homme de confiance, Andriy Yermak, num\u00e9ro 2 du pouvoir, oblig\u00e9 de d\u00e9missionner.<\/p>\n<p>Sur le front, l&rsquo;arm\u00e9e ukrainienne s&rsquo;enlise. Les soldats russes gagnent du terrain. Kiev et de nombreuses autres villes sont r\u00e9guli\u00e8rement sous une pluie de drones russes. Les pertes civiles sont importantes. Des revers qui arrivent au pire moment. Les \u00c9tats-Unis veulent \u00e0 tout prix imposer un accord de paix que les Ukrainiens jugent trop favorable aux Russes. \u00ab\u00a0Volodymyr Zelensky est sous une pression consid\u00e9rable et Trump est tent\u00e9 de lui tordre le bras. C&rsquo;est un moment cl\u00e9 et crucial parce qu&rsquo;on est en plein milieu de la n\u00e9gociation. Poutine, lui, malgr\u00e9 les pressions int\u00e9rieures qu&rsquo;il a du c\u00f4t\u00e9 de ses hommes d&rsquo;affaires, veut continuer la guerre et donc il faut le faire fl\u00e9chir\u00a0\u00bb, indique Claude Blanchemaison, ancien ambassadeur fran\u00e7ais en Russie, auteur de \u00ab\u00a0Fragments d\u2019un parcours aventureux\u00a0\u00bb.<\/p>\n<p>Samedi 29 novembre, l&rsquo;Ukraine a voulu montrer qu&rsquo;elle pouvait reprendre la main en mer Noire. Un drone naval a attaqu\u00e9 deux p\u00e9troliers, suspect\u00e9s d&rsquo;appartenir \u00e0 la flotte fant\u00f4me russe et de contourner les embargos internationaux. Une op\u00e9ration spectaculaire, fa\u00e7on de mettre la pression sur Moscou. Dimanche 30 novembre, les n\u00e9gociateurs ukrainiens ont \u00e9t\u00e9 re\u00e7us en Floride. Le secr\u00e9taire d&rsquo;\u00c9tat am\u00e9ricain Marco Rubio a promis un plan de paix pour une Ukraine qui, \u00ab\u00a0ne conna\u00eetrait plus jamais la guerre\u00a0\u00bb.<\/p>\n","protected":false},"excerpt":{"rendered":"lire plus tard Pour sauvegarder cet article, connectez-vous ou cr\u00e9ez un compte franceinfo Sans paiement. Sans abonnement. Fermer&hellip;\n","protected":false},"author":2,"featured_media":569558,"comment_status":"","ping_status":"","sticky":false,"template":"","format":"standard","meta":{"footnotes":""},"categories":[1590],"tags":[11,1777,674,12,220],"class_list":{"0":"post-569557","1":"post","2":"type-post","3":"status-publish","4":"format-standard","5":"has-post-thumbnail","7":"category-ukraine","8":"tag-actualites","9":"tag-eu","10":"tag-europe","11":"tag-news","12":"tag-ukraine"},"share_on_mastodon":{"url":"https:\/\/pubeurope.com\/@fr\/115640462925567759","error":""},"_links":{"self":[{"href":"https:\/\/www.europesays.com\/fr\/wp-json\/wp\/v2\/posts\/569557","targetHints":{"allow":["GET"]}}],"collection":[{"href":"https:\/\/www.europesays.com\/fr\/wp-json\/wp\/v2\/posts"}],"about":[{"href":"https:\/\/www.europesays.com\/fr\/wp-json\/wp\/v2\/types\/post"}],"author":[{"embeddable":true,"href":"https:\/\/www.europesays.com\/fr\/wp-json\/wp\/v2\/users\/2"}],"replies":[{"embeddable":true,"href":"https:\/\/www.europesays.com\/fr\/wp-json\/wp\/v2\/comments?post=569557"}],"version-history":[{"count":0,"href":"https:\/\/www.europesays.com\/fr\/wp-json\/wp\/v2\/posts\/569557\/revisions"}],"wp:featuredmedia":[{"embeddable":true,"href":"https:\/\/www.europesays.com\/fr\/wp-json\/wp\/v2\/media\/569558"}],"wp:attachment":[{"href":"https:\/\/www.europesays.com\/fr\/wp-json\/wp\/v2\/media?parent=569557"}],"wp:term":[{"taxonomy":"category","embeddable":true,"href":"https:\/\/www.europesays.com\/fr\/wp-json\/wp\/v2\/categories?post=569557"},{"taxonomy":"post_tag","embeddable":true,"href":"https:\/\/www.europesays.com\/fr\/wp-json\/wp\/v2\/tags?post=569557"}],"curies":[{"name":"wp","href":"https:\/\/api.w.org\/{rel}","templated":true}]}}