{"id":569577,"date":"2025-11-30T20:20:16","date_gmt":"2025-11-30T20:20:16","guid":{"rendered":"https:\/\/www.europesays.com\/fr\/569577\/"},"modified":"2025-11-30T20:20:16","modified_gmt":"2025-11-30T20:20:16","slug":"le-tours-vb-content-davoir-fait-le-job-contre-saint-nazaire","status":"publish","type":"post","link":"https:\/\/www.europesays.com\/fr\/569577\/","title":{"rendered":"le Tours VB content d\u2019avoir fait le job contre Saint-Nazaire"},"content":{"rendered":"<p><strong>Tours\u00a0&#8211; Saint-Nazaire\u00a0: 3-0<\/strong><\/p>\n<p>Apr\u00e8s le 3-0 inflig\u00e9 \u00e0 Tourcoing mardi en Coupe de France, le TVB a r\u00e9cidiv\u00e9 ce samedi 29\u00a0novembre face \u00e0 Saint-Nazaire en championnat, avec un succ\u00e8s tout aussi express (3-0). Entre cette rapidit\u00e9 de victoire qui permet d\u2019\u00e9conomiser de l\u2019\u00e9nergie et la belle s\u00e9r\u00e9nit\u00e9 affich\u00e9e face \u00e0 la qualit\u00e9 de service adverse, les motifs de satisfaction sont nombreux&#8230;. <\/p>\n<p>    Cet article a \u00e9t\u00e9 tronqu\u00e9. Abonnez-vous pour lire l&rsquo;article complet sur notre site.<\/p>\n<p style=\"margin: 0 !important; padding: 0 !important; font-size: 12px !important;\">Cet article a \u00e9t\u00e9 tronqu\u00e9. Abonnez-vous pour lire l&rsquo;article complet.<\/p>\n<p>    <a href=\"https:\/\/www.lanouvellerepublique.fr\/abonnements\" style=\"display: inline-block; margin-top: 5px !important; padding: 6px 12px !important; background: #cb1c27; color: white; text-decoration: none; border-radius: 4px; font-size: 12px !important;\" target=\"_blank\" rel=\"noopener\"><br \/>\n      S&rsquo;abonner<br \/>\n    <\/a><\/p>\n","protected":false},"excerpt":{"rendered":"Tours\u00a0&#8211; Saint-Nazaire\u00a0: 3-0 Apr\u00e8s le 3-0 inflig\u00e9 \u00e0 Tourcoing mardi en Coupe de France, le TVB a r\u00e9cidiv\u00e9&hellip;\n","protected":false},"author":2,"featured_media":569578,"comment_status":"","ping_status":"","sticky":false,"template":"","format":"standard","meta":{"footnotes":""},"categories":[1417],"tags":[1011,27,1387,1655,60,1390,1471,2767,1470,1469],"class_list":{"0":"post-569577","1":"post","2":"type-post","3":"status-publish","4":"format-standard","5":"has-post-thumbnail","7":"category-volley","8":"tag-fr","9":"tag-france","10":"tag-indre-et-loire","11":"tag-ligue-a","12":"tag-sports","13":"tag-tours","14":"tag-tours-volley-ball","15":"tag-tvb-37","16":"tag-volley","17":"tag-volleyball"},"share_on_mastodon":{"url":"https:\/\/pubeurope.com\/@fr\/115640508335028105","error":""},"_links":{"self":[{"href":"https:\/\/www.europesays.com\/fr\/wp-json\/wp\/v2\/posts\/569577","targetHints":{"allow":["GET"]}}],"collection":[{"href":"https:\/\/www.europesays.com\/fr\/wp-json\/wp\/v2\/posts"}],"about":[{"href":"https:\/\/www.europesays.com\/fr\/wp-json\/wp\/v2\/types\/post"}],"author":[{"embeddable":true,"href":"https:\/\/www.europesays.com\/fr\/wp-json\/wp\/v2\/users\/2"}],"replies":[{"embeddable":true,"href":"https:\/\/www.europesays.com\/fr\/wp-json\/wp\/v2\/comments?post=569577"}],"version-history":[{"count":0,"href":"https:\/\/www.europesays.com\/fr\/wp-json\/wp\/v2\/posts\/569577\/revisions"}],"wp:featuredmedia":[{"embeddable":true,"href":"https:\/\/www.europesays.com\/fr\/wp-json\/wp\/v2\/media\/569578"}],"wp:attachment":[{"href":"https:\/\/www.europesays.com\/fr\/wp-json\/wp\/v2\/media?parent=569577"}],"wp:term":[{"taxonomy":"category","embeddable":true,"href":"https:\/\/www.europesays.com\/fr\/wp-json\/wp\/v2\/categories?post=569577"},{"taxonomy":"post_tag","embeddable":true,"href":"https:\/\/www.europesays.com\/fr\/wp-json\/wp\/v2\/tags?post=569577"}],"curies":[{"name":"wp","href":"https:\/\/api.w.org\/{rel}","templated":true}]}}