{"id":569585,"date":"2025-11-30T20:27:14","date_gmt":"2025-11-30T20:27:14","guid":{"rendered":"https:\/\/www.europesays.com\/fr\/569585\/"},"modified":"2025-11-30T20:27:14","modified_gmt":"2025-11-30T20:27:14","slug":"strasbourg-rosenior-agace-par-les-erreurs-maxifoot","status":"publish","type":"post","link":"https:\/\/www.europesays.com\/fr\/569585\/","title":{"rendered":"Strasbourg : Rosenior agac\u00e9 par les erreurs &#8211; Maxifoot"},"content":{"rendered":"<ol>\n<li><a href=\"https:\/\/news.google.com\/rss\/articles\/CBMiiAFBVV95cUxQNTBZVTlzRnk2blM3a2t4M1ZWS0pjeDdORVFnMmwxRmQtMFMwRFk2bTc5UFFHQ2V1MFFkSS1Mc1N3anNVWnFYREFNcm54QTlaRk1ZLUNlSDJXVXRqT1hyak12c2RiTXlOVW10VVI4WDRmdEpWNkFvcDlBSU5zSnBWcmhPZ2U4UjNY0gGIAUFVX3lxTE92NF9DeWNtUmVxYXkzN1FOZnRwQ285TS1XY0tKTjk5Yl9BYVlXdHNUSlZfY0haaTNiaHhyMTNCc3hwRjlaX1oxWDF6SXIwZlZNV3FHd2RoWEJ3VTZ3V2gzYlpEclN5VWQtTUREYnVKVnY5UU5DM09rdURwOTdCdVIwQUtaLVNwcHY?oc=5\" target=\"_blank\" rel=\"noopener\">Strasbourg : Rosenior agac\u00e9 par les erreurs<\/a>&nbsp;&nbsp;Maxifoot<\/li>\n<li><a href=\"https:\/\/news.google.com\/rss\/articles\/CBMimAJBVV95cUxNQUxCdmp3TW9mQWktSkt3Sm9PODMwT3RqMlFyWENtZGd4RGIwdWJ3VmVCX3FxcnpibVQtQUN1VnFzV0N5b2NDbHFOdEJ2R3c4TDlTeUxMWFlHR3Zaa1BhNlVhME5TYzlpVUZqOENJV25IZldaamE0aU5zQzdKTFFQMXVwNEFTVFB2QTQySk41SUgtclBkNlJ2ZjRvVndRYUlpZ3FTOGR3c1lZZ0FVRWVYUWRFelltZ1VHdFh4VFdseDBhY1RGZjJjSmRGc3UzcGFpaW5EUEdmSWRFRWYtTnBWa0VMTThyWjg2T0xkMmRHbEhIN0lEQTVPS3ltM1VGU1ZXNXUzSW1Yb3ZtWTh1U0JuZlBjVDE2dUQ3?oc=5\" target=\"_blank\" rel=\"noopener\">Liam Rosenior pas tendre avec son \u00e9quipe apr\u00e8s la d\u00e9faite face \u00e0 Brest \u00ab \u00c7a suffit d&rsquo;apprendre, il est temps de mettre en pratique\u00bb<\/a>&nbsp;&nbsp;L&rsquo;\u00c9quipe<\/li>\n<li><a href=\"https:\/\/news.google.com\/rss\/articles\/CBMiigJBVV95cUxPTGs0WVRZNG5kQTIwOVB2OVdfc2VQS0syLWVZRl9DNVdIMTFNaHNUODltY3dST09nXzBESUdYOU9fWGRhNGRhUmhPd19TbDRzQlhjR2JKSnh1aFpyYWRKWlI1SHVnODM1dkUxRjM3MEgwaGpELS1vNlBlb1djSm5HTGw2ZEJ2bWkxOFBlZlVVWHEwNi1kUy02WS0wR1VvWnhyWmYwUVRCWURtSlNpQkJEQ3pyY28tbGt4bkphM056X0llVmdhOVVJeU1CeXZZOTM0S21hU0lIbnVETHpOMW1kb25YTXEtU1NYbVc5SHlaME1XTEIyNVI3ekd1N0hxOTNjMlRXRkhxUm9EUQ?oc=5\" target=\"_blank\" rel=\"noopener\">Ligue 1. Comment le Stade Brestois a-t-il fait pour renverser la vapeur \u00e0 Strasbourg ?<\/a>&nbsp;&nbsp;Ouest-France<\/li>\n<li><a href=\"https:\/\/news.google.com\/rss\/articles\/CBMiiwJBVV95cUxNeHFYNzdLcjB5WEFqc0x6aWh3S01NVm9vLWdGTTdKbnJOTEt4YmhmSUZKV2tTaU1aZ0ZfVS0xQWtkTHByVUNiRGxuUE1KeWF3UFpOUi0xWHNXVThDMkhwc1hNRkpCWl93MnhNelFnMm1rLTFacFdKMFRHUFE4R1dqNm9hN28xX3VJR1BjaV96LThEcTcwVUtwM2dQUVZUcGxMbVl2cEVBek5qM2dRZzFvb0hSUHFtUUo1SjJKSEVNV1ZWRWZqNWlNWG04S2FxQk9JZU5KUXlJd2xiTEJRamxSaGNKNzdVRlBGbnRhUnFWbFFoR0hsQmtBN2hSMVRjblF4dlNvWFhxN0luTWs?oc=5\" target=\"_blank\" rel=\"noopener\">Ligue 1 &#8211; 14e journ\u00e9e : Strasbourg douch\u00e9 par Brest \u00e0 la Meinau (1-2), avec un bijou de Hugo Magnetti \u00e0 la cl\u00e9<\/a>&nbsp;&nbsp;Eurosport<\/li>\n<li><a href=\"https:\/\/news.google.com\/rss\/articles\/CBMitwFBVV95cUxNbFRLcU5qd21peUtZQzVDd0tVUG9ac1ktdWZ3bGc2M2dWS1pzMnhKMU9OMHNQUm1UTEFSVUNkR24wcXNIRjBkTkozR2E2cUdwZHJNYTRVOGU4a2Q5N1Qybi1EVmNOUjhpTXR4aVNDazZIS2pMcG9BUUlTd1FSM0ZlQnRETWx6cndjRVhqU0xSaEc5NTVWcFN6bi05UzdkMHRPZXg3OVRHUDhlS2JkMU8wYkhvQlNmdzDSAbYBQVVfeXFMTUJJWno0U2luQ0Z3NWRvYlFQNFVSYmt0Y1hzNWlGY09NUU5LcmJMUWVGeEZBM2U1M0VjSVo4b1NTOHljQzdua0pIbE1OVHNWbWRsUktQbTBoalVYdGZBT3ZYakJnUHVTZzBxOENBOGZnQVpxak5FRnNwX0JCb0NsMmlmWnFHUTNjOWVBVHA5aHp4RTZtdUJXdHNHamxRM2R5LUpQRlBIR1J0Z1VFOEZXTnpWNF9GWEE?oc=5\" target=\"_blank\" rel=\"noopener\">Ligue 1 (J14) : Le gros coup de Brest \u00e0 Strasbourg : Sports &#8211; Orange<\/a>&nbsp;&nbsp;Sports &#8211; Orange<\/li>\n<\/ol>\n","protected":false},"excerpt":{"rendered":"Strasbourg : Rosenior agac\u00e9 par les erreurs&nbsp;&nbsp;Maxifoot Liam Rosenior pas tendre avec son \u00e9quipe apr\u00e8s la d\u00e9faite face&hellip;\n","protected":false},"author":2,"featured_media":569586,"comment_status":"","ping_status":"","sticky":false,"template":"","format":"standard","meta":{"footnotes":""},"categories":[1410],"tags":[2266,2262,2261,1981,83,2260,451,2263,462,2269,2257,63,1011,27,2265,1441,453,66,447,2267,955,2268,241,149,70,1817,93,2264,2258,2259,60,969,455],"class_list":{"0":"post-569585","1":"post","2":"type-post","3":"status-publish","4":"format-standard","5":"has-post-thumbnail","7":"category-football","8":"tag-as-monaco","9":"tag-bundesligua","10":"tag-calcio","11":"tag-classement","12":"tag-coupe-de-france","13":"tag-coupe-de-la-ligue","14":"tag-coupe-du-monde","15":"tag-equipe","16":"tag-fc-nantes","17":"tag-fifa","18":"tag-foot","19":"tag-football","20":"tag-fr","21":"tag-france","22":"tag-girondins-bordeaux","23":"tag-joueur","24":"tag-liga","25":"tag-ligue-1","26":"tag-ligue-des-champions","27":"tag-losc","28":"tag-match","29":"tag-ogc-nice","30":"tag-ol","31":"tag-om","32":"tag-premier-league","33":"tag-pronostic","34":"tag-psg","35":"tag-rc-lens","36":"tag-resultat","37":"tag-score","38":"tag-sports","39":"tag-transfert","40":"tag-uefa"},"share_on_mastodon":{"url":"https:\/\/pubeurope.com\/@fr\/115640536072513017","error":""},"_links":{"self":[{"href":"https:\/\/www.europesays.com\/fr\/wp-json\/wp\/v2\/posts\/569585","targetHints":{"allow":["GET"]}}],"collection":[{"href":"https:\/\/www.europesays.com\/fr\/wp-json\/wp\/v2\/posts"}],"about":[{"href":"https:\/\/www.europesays.com\/fr\/wp-json\/wp\/v2\/types\/post"}],"author":[{"embeddable":true,"href":"https:\/\/www.europesays.com\/fr\/wp-json\/wp\/v2\/users\/2"}],"replies":[{"embeddable":true,"href":"https:\/\/www.europesays.com\/fr\/wp-json\/wp\/v2\/comments?post=569585"}],"version-history":[{"count":0,"href":"https:\/\/www.europesays.com\/fr\/wp-json\/wp\/v2\/posts\/569585\/revisions"}],"wp:featuredmedia":[{"embeddable":true,"href":"https:\/\/www.europesays.com\/fr\/wp-json\/wp\/v2\/media\/569586"}],"wp:attachment":[{"href":"https:\/\/www.europesays.com\/fr\/wp-json\/wp\/v2\/media?parent=569585"}],"wp:term":[{"taxonomy":"category","embeddable":true,"href":"https:\/\/www.europesays.com\/fr\/wp-json\/wp\/v2\/categories?post=569585"},{"taxonomy":"post_tag","embeddable":true,"href":"https:\/\/www.europesays.com\/fr\/wp-json\/wp\/v2\/tags?post=569585"}],"curies":[{"name":"wp","href":"https:\/\/api.w.org\/{rel}","templated":true}]}}