{"id":569589,"date":"2025-11-30T20:29:26","date_gmt":"2025-11-30T20:29:26","guid":{"rendered":"https:\/\/www.europesays.com\/fr\/569589\/"},"modified":"2025-11-30T20:29:26","modified_gmt":"2025-11-30T20:29:26","slug":"a-thouars-les-personnages-de-jessica-delahay-epatent-et-fourmillent-didees","status":"publish","type":"post","link":"https:\/\/www.europesays.com\/fr\/569589\/","title":{"rendered":"\u00e0 Thouars, les personnages de Jessica Delahay \u00e9patent et fourmillent d\u2019id\u00e9es"},"content":{"rendered":"<p>Comme souvent, il y a foule depuis vendredi soir au MZ, dans le centre-ville de Thouars. Le tiers-lieu associatif, qui ne manque jamais d\u2019id\u00e9es pour s\u2019animer (expositions, concerts, ateliers, conf\u00e9rences\u2026) depuis son ouverture en juin\u00a02023, organise cette fois son \u00ab\u00a0March\u00e9 de Zo\u00ebl\u00a0\u00bb (pour \u00ab\u00a0MZ\u00a0\u00bb, \u00e9videmment), du vendredi\u00a028 au dimanche 30\u00a0novembre (de 11\u00a0h \u00e0 18\u00a0h, entr\u00e9e libre).<\/p>\n<p>Alors que les associations solidaires Les Attabl\u00e9.e.s et Cent pour un en Thouarsais proposent des soupes et des g\u00e2teaux, une douzaine d\u2019artisans-cr\u00e9ateurs ont dress\u00e9 leur stand pour pr\u00e9senter leur travail au public. Parmi eux, un visage bien connu de la population, et notamment des usagers de la m\u00e9diath\u00e8que de Thouars\u00a0: celui de Jessica Delahay. Elle travaille en effet au sein du R\u00e9seau lecture du Thouarsais depuis 2018, apr\u00e8s avoir \u00e9t\u00e9 agent au service Com\u2019G\u00e9n\u00e9rations.<\/p>\n<p>\u00ab\u00a0J\u2019aime bien caricaturer avec bienveillance\u00a0\u00bb<\/p>\n<p>Mais c\u2019est en tant que dessinatrice que Jedeli (son nom de cr\u00e9atrice, qui est aussi celui de sa microentreprise) se retrouve cette fois sous les projecteurs. \u00ab\u00a0J\u2019ai toujours fait des dessins. C\u2019est une passion depuis longtemps. Au lyc\u00e9e, j\u2019ai m\u00eame h\u00e9sit\u00e9 \u00e0 faire des \u00e9tudes pour en faire mon m\u00e9tier\u00a0\u00bb, confie la Bressuiraise d\u2019origine, devenue Thouarsaise de c\u0153ur et d\u2019esprit depuis son arriv\u00e9e ici, en 2001&#8230;. <\/p>\n<p>    Cet article a \u00e9t\u00e9 tronqu\u00e9. Abonnez-vous pour lire l&rsquo;article complet sur notre site.<\/p>\n<p style=\"margin: 0 !important; padding: 0 !important; font-size: 12px !important;\">Cet article a \u00e9t\u00e9 tronqu\u00e9. Abonnez-vous pour lire l&rsquo;article complet.<\/p>\n<p>    <a href=\"https:\/\/www.lanouvellerepublique.fr\/abonnements\" style=\"display: inline-block; margin-top: 5px !important; padding: 6px 12px !important; background: #cb1c27; color: white; text-decoration: none; border-radius: 4px; font-size: 12px !important;\" target=\"_blank\" rel=\"noopener\"><br \/>\n      S&rsquo;abonner<br \/>\n    <\/a><\/p>\n","protected":false},"excerpt":{"rendered":"Comme souvent, il y a foule depuis vendredi soir au MZ, dans le centre-ville de Thouars. Le tiers-lieu&hellip;\n","protected":false},"author":2,"featured_media":569590,"comment_status":"","ping_status":"","sticky":false,"template":"","format":"standard","meta":{"footnotes":""},"categories":[1358],"tags":[1392,1348,1384,1385,1386,58,59,1349,1011,27,1393,63815,2665],"class_list":{"0":"post-569589","1":"post","2":"type-post","3":"status-publish","4":"format-standard","5":"has-post-thumbnail","7":"category-arts-et-design","8":"tag-a-la-une-local","9":"tag-arts","10":"tag-arts-and-design","11":"tag-arts-et-design","12":"tag-design","13":"tag-divertissement","14":"tag-entertainment","15":"tag-expositions","16":"tag-fr","17":"tag-france","18":"tag-loisirs","19":"tag-marches-de-noel","20":"tag-thouars"},"share_on_mastodon":{"url":"https:\/\/pubeurope.com\/@fr\/115640543722986016","error":""},"_links":{"self":[{"href":"https:\/\/www.europesays.com\/fr\/wp-json\/wp\/v2\/posts\/569589","targetHints":{"allow":["GET"]}}],"collection":[{"href":"https:\/\/www.europesays.com\/fr\/wp-json\/wp\/v2\/posts"}],"about":[{"href":"https:\/\/www.europesays.com\/fr\/wp-json\/wp\/v2\/types\/post"}],"author":[{"embeddable":true,"href":"https:\/\/www.europesays.com\/fr\/wp-json\/wp\/v2\/users\/2"}],"replies":[{"embeddable":true,"href":"https:\/\/www.europesays.com\/fr\/wp-json\/wp\/v2\/comments?post=569589"}],"version-history":[{"count":0,"href":"https:\/\/www.europesays.com\/fr\/wp-json\/wp\/v2\/posts\/569589\/revisions"}],"wp:featuredmedia":[{"embeddable":true,"href":"https:\/\/www.europesays.com\/fr\/wp-json\/wp\/v2\/media\/569590"}],"wp:attachment":[{"href":"https:\/\/www.europesays.com\/fr\/wp-json\/wp\/v2\/media?parent=569589"}],"wp:term":[{"taxonomy":"category","embeddable":true,"href":"https:\/\/www.europesays.com\/fr\/wp-json\/wp\/v2\/categories?post=569589"},{"taxonomy":"post_tag","embeddable":true,"href":"https:\/\/www.europesays.com\/fr\/wp-json\/wp\/v2\/tags?post=569589"}],"curies":[{"name":"wp","href":"https:\/\/api.w.org\/{rel}","templated":true}]}}