{"id":569591,"date":"2025-11-30T20:31:23","date_gmt":"2025-11-30T20:31:23","guid":{"rendered":"https:\/\/www.europesays.com\/fr\/569591\/"},"modified":"2025-11-30T20:31:23","modified_gmt":"2025-11-30T20:31:23","slug":"sidonie-bonnec-fond-en-larmes-en-evoquant-amelie-nothomb","status":"publish","type":"post","link":"https:\/\/www.europesays.com\/fr\/569591\/","title":{"rendered":"Sidonie Bonnec fond en larmes en \u00e9voquant Am\u00e9lie Nothomb"},"content":{"rendered":"<p>La journaliste n&rsquo;a pas pu retenir son \u00e9motion en racontant sur France 2 dans \u00ab Un dimanche \u00e0 la campagne \u00bb sa rencontre avec la romanci\u00e8re Am\u00e9lie Nothomb, qui l&rsquo;avait encourag\u00e9e lors de la sortie de son premier ouvrage.<\/p>\n<p>La reconnaissance de ses pairs. Ce dimanche 30 novembre 2025, dans \u00ab Un dimanche \u00e0 la campagne \u00bb sur France 2, Fr\u00e9d\u00e9ric Lopez a pass\u00e9 quelques jours avec le chanteur qu\u00e9b\u00e9cois Pierre Lapointe, l&rsquo;\u00e9crivain Bernard Werber et la pr\u00e9sentatrice Sidonie Bonnec. Cette derni\u00e8re a fondu en larmes en racontant une rencontre qui l&rsquo;a boulevers\u00e9e.<\/p>\n<p>En avril 2024, Sidonie Bonnec avait publi\u00e9 son tout premier roman, \u00ab\u00a0La fille au pair\u00a0\u00bb, un thriller inspir\u00e9 d&rsquo;une terrible exp\u00e9rience qu&rsquo;elle avait v\u00e9cue lorsqu&rsquo;\u00e0 20 ans, elle \u00e9tait partie vivre en Angleterre.<\/p>\n<p>    La suite apr\u00e8s cette publicit\u00e9<\/p>\n<p>\u00ab\u00a0Et l\u00e0, elle se souvient de moi \u00bb<\/p>\n<p>\u00ab\u00a0Le jour o\u00f9 j&rsquo;ai eu mon roman entre les mains, j&rsquo;\u00e9tais chez Albin Michel. Je signais pour faire d\u00e9couvrir mon roman \u00e0 des journalistes. Et tout d&rsquo;un coup, \u00e7a a frapp\u00e9 \u00e0 la porte\u00a0\u00bb, a commenc\u00e9 \u00e0 raconter l&rsquo;animatrice, expliquant avoir \u00e9t\u00e9 surprise de voir Am\u00e9lie Nothomb entrer dans la pi\u00e8ce pour venir la voir.<\/p>\n<p>    La suite apr\u00e8s cette publicit\u00e9<\/p>\n<p>Pour l&rsquo;animatrice de \u00ab\u00a0Tout le monde a son mot \u00e0 dire\u00a0\u00bb, la romanci\u00e8re belge n&rsquo;est pas n&rsquo;importe qui. Vingt ans auparavant, Sidonie Bonnec avait consacr\u00e9 un m\u00e9moire universitaire au premier ouvrage d&rsquo;Am\u00e9lie Nothomb et avait pu la rencontrer. \u00ab\u00a0Et l\u00e0, elle se souvient de moi. Elle vient vers moi et me prend dans ses bras. Elle me dit : &lsquo;Je suis si fi\u00e8re de toi&rsquo;\u00a0\u00bb, a-t-elle poursuivi, avant de fondre en larmes.<\/p>\n<p>\u00ab Il faut s&rsquo;accrocher \u00e0 ses r\u00eaves \u00bb<\/p>\n<p>\u00ab\u00a0Rien que d&rsquo;en parler\u2026 C&rsquo;\u00e9tait fou\u2026\u00a0\u00bb, a gliss\u00e9 la journaliste, contaminant le chanteur Pierre Lapointe, qui s&rsquo;est \u00e9galement mis \u00e0 pleurer. Et de reprendre : \u00ab\u00a0C&rsquo;est la preuve qu&rsquo;il faut s&rsquo;accrocher \u00e0 ses r\u00eaves et qu&rsquo;\u00e0 un moment, on finit par rejoindre ce qu&rsquo;on devait faire. C&rsquo;\u00e9tait hyper \u00e9mouvant. \u00c7a fait du bien des moments comme \u00e7a. \u00bb<\/p>\n<p>    La suite apr\u00e8s cette publicit\u00e9<\/p>\n<p>    La suite apr\u00e8s cette publicit\u00e9<\/p>\n<p>Cette saison, \u00ab\u00a0Un dimanche \u00e0 la campagne\u00a0\u00bb continue de signer de belles audiences sur France 2 le dimanche apr\u00e8s-midi. En moyenne, depuis son retour le 21 septembre 2024, ils sont 1,45 million de fid\u00e8les chaque semaine devant l&rsquo;\u00e9mission, selon M\u00e9diam\u00e9trie, soit une part de march\u00e9 s&rsquo;\u00e9levant \u00e0 15,2 % des individus de quatre ans et plus.<\/p>\n","protected":false},"excerpt":{"rendered":"La journaliste n&rsquo;a pas pu retenir son \u00e9motion en racontant sur France 2 dans \u00ab Un dimanche \u00e0&hellip;\n","protected":false},"author":2,"featured_media":569592,"comment_status":"","ping_status":"","sticky":false,"template":"","format":"standard","meta":{"footnotes":""},"categories":[1356],"tags":[58,59,1011,27,252,1364],"class_list":{"0":"post-569591","1":"post","2":"type-post","3":"status-publish","4":"format-standard","5":"has-post-thumbnail","7":"category-television","8":"tag-divertissement","9":"tag-entertainment","10":"tag-fr","11":"tag-france","12":"tag-television","13":"tag-tv"},"share_on_mastodon":{"url":"https:\/\/pubeurope.com\/@fr\/115640551562835760","error":""},"_links":{"self":[{"href":"https:\/\/www.europesays.com\/fr\/wp-json\/wp\/v2\/posts\/569591","targetHints":{"allow":["GET"]}}],"collection":[{"href":"https:\/\/www.europesays.com\/fr\/wp-json\/wp\/v2\/posts"}],"about":[{"href":"https:\/\/www.europesays.com\/fr\/wp-json\/wp\/v2\/types\/post"}],"author":[{"embeddable":true,"href":"https:\/\/www.europesays.com\/fr\/wp-json\/wp\/v2\/users\/2"}],"replies":[{"embeddable":true,"href":"https:\/\/www.europesays.com\/fr\/wp-json\/wp\/v2\/comments?post=569591"}],"version-history":[{"count":0,"href":"https:\/\/www.europesays.com\/fr\/wp-json\/wp\/v2\/posts\/569591\/revisions"}],"wp:featuredmedia":[{"embeddable":true,"href":"https:\/\/www.europesays.com\/fr\/wp-json\/wp\/v2\/media\/569592"}],"wp:attachment":[{"href":"https:\/\/www.europesays.com\/fr\/wp-json\/wp\/v2\/media?parent=569591"}],"wp:term":[{"taxonomy":"category","embeddable":true,"href":"https:\/\/www.europesays.com\/fr\/wp-json\/wp\/v2\/categories?post=569591"},{"taxonomy":"post_tag","embeddable":true,"href":"https:\/\/www.europesays.com\/fr\/wp-json\/wp\/v2\/tags?post=569591"}],"curies":[{"name":"wp","href":"https:\/\/api.w.org\/{rel}","templated":true}]}}