{"id":569605,"date":"2025-11-30T20:38:11","date_gmt":"2025-11-30T20:38:11","guid":{"rendered":"https:\/\/www.europesays.com\/fr\/569605\/"},"modified":"2025-11-30T20:38:11","modified_gmt":"2025-11-30T20:38:11","slug":"il-va-falloir-anticiper-les-virements-bancaires-vont-etre-suspendus-quatre-jours-a-noel-on-vous-explique-pourquoi-lindependant","status":"publish","type":"post","link":"https:\/\/www.europesays.com\/fr\/569605\/","title":{"rendered":"Il va falloir anticiper : les virements bancaires vont \u00eatre suspendus quatre jours \u00e0 No\u00ebl, on vous explique pourquoi &#8211; L&#039;Ind\u00e9pendant"},"content":{"rendered":"<ol>\n<li><a href=\"https:\/\/news.google.com\/rss\/articles\/CBMi-AFBVV95cUxQSXcxM1RCYm1XR0ZQZnN1c3FrMktaUnpPRUY4c0EyZnhyNVR3dmVxdVRobjlBbDFvSHNaTTRHWld6R2F3VUpNQ205bXM2ellUOXNQX2lKaFlJTks2aDlidERvY2VlTzdEckNDaFR3Y0MySGh2eDlsV3RjODhEN3M2Uk1odDlWakp2UW5wTUR5WmRlTjdqcnVOYjRMdDdpU3NHVFFnUl93eUcxdlF0Qm9RcGYyY3J2Y2YzTVdsT0RnZEtTR3RGYmc5U1RvMXlTRGNSaFBpRGZtZHFGTC1rTnVtZE1BazRXZHppSXYwaE1DZjBCbk4wSU9YQg?oc=5\" target=\"_blank\" rel=\"noopener\">Il va falloir anticiper : les virements bancaires vont \u00eatre suspendus quatre jours \u00e0 No\u00ebl, on vous explique pourquoi<\/a>&nbsp;&nbsp;L&rsquo;Ind\u00e9pendant<\/li>\n<li><a href=\"https:\/\/news.google.com\/rss\/articles\/CBMi8AFBVV95cUxPemd4WjMzdWduYUtRSFRlNzQ5Mm5FS05VVThEMmZ2QkkwUnViQkpUcG5yTXNSRG9GUDNNZndmRmhCRHBWcjQzOExvdFAtZVpDWXRHMUMwNnIxNy1yNGJNMTRBZ3B2R1A4NlloVTZaNWFLS1RUb2dmR09VOVAtbEc2ZnF0ZUhRS1UtTFJCSEY0YlgyejZfaC1SWTB6QW53WGlMQjZlMkt3eDZISjEwOFhRckFUbExxRm5pZzItOGZndENSY3k1bEx1aTJQYWo5U0VQUTdTdDlndzh1NGs5aGtDOGNkcElOLWIxTDVkb2lFQTM?oc=5\" target=\"_blank\" rel=\"noopener\">Virements bloqu\u00e9s \u00e0 No\u00ebl : voici les dates o\u00f9 aucun transfert d\u2019argent ne sera possible pendant les f\u00eates<\/a>&nbsp;&nbsp;Actualit\u00e9s \u2013 Orange<\/li>\n<li><a href=\"https:\/\/news.google.com\/rss\/articles\/CBMiywFBVV95cUxOUGVwODFjV185NmdqWlVTb2tVR3lsLW9oT3JZM1VhaE1GYlJPU2UzZXprdVM3ZmpRWkZUcEQwODd2OUhWZXh3Y1ZLY2d1RWswQzZMY29GZUtWS0RUNV9iNVZaeWs1b3RIR1p5dTVlZU9RMzZOM3oyUXJQR1FzY1ZCeW02VDdLdWlvSXg5b0V4aFhPQTZpZXNtUlRxSTJWanh2a056NVFOUGlpQUZ2T3dZY19uV2NUSU54dGZWa3phWXJ2SjMyQUd4dFdUQQ?oc=5\" target=\"_blank\" rel=\"noopener\">Virements bancaires : quatre jours de suspension \u00e0 No\u00ebl, les Fran\u00e7ais vont devoir anticiper leurs transferts<\/a>&nbsp;&nbsp;La Voix du Nord<\/li>\n<li><a href=\"https:\/\/news.google.com\/rss\/articles\/CBMizAFBVV95cUxNR3lZSk9haUhxTEpRNkRuLWJDR3VoajI4WjRZN3c2dlBRR1ZhSlRmM3FMRDM3X1loZDFJZUJNeUN3RmxoaTBOekF3Z1NyZHROblgxYW05cExPQzZyNDRUemJJaDAtSWRoRGl6YmptN1hyaUFUTmN3N1NUcUJZclFjUDNPdkJHdnJwc0ZHQTUxOVFDWGgyVWdSdEtXWWloTmNCMURNVEx1X1JCZzlVY29yZURVMl9ma2dkRW9fMjZudjBab3JvZHFpTzVUUUs?oc=5\" target=\"_blank\" rel=\"noopener\">Virements bancaires : un blocage de plusieurs jours pr\u00e9vu \u00e0 No\u00ebl, les Fran\u00e7ais doivent anticiper<\/a>&nbsp;&nbsp;Le Figaro<\/li>\n<li><a href=\"https:\/\/news.google.com\/rss\/articles\/CBMi2gFBVV95cUxQcHhPRDRNaG9YRzBtM205ZGJyekh6aDlyeUszUXZSMlFLSHRSeGI5bFRIQ2pWWGRHZFdXVW5PVTEzcDZtdW1JU1ExS3VmSUxNSFNKXzdxdUhBYzd0Ym1SaTNzcnoyaGtWZnlGVjBMQjFQZGdMR2ZmeXdGSndjUnh6NlJybmpmcEpodWRZRkxGOVZERlZSNGhLMUtqQ0QzRDY2WmVNVVVUdVpiMTNfcnZmS1l6bmJEMTBCZXdnajM0ajgwVXV5UmlOQkoybVkwemZPNnVPNWtLbExEUQ?oc=5\" target=\"_blank\" rel=\"noopener\">Coupure de No\u00ebl : pourquoi les virements interbancaires seront mis \u00e0 l\u2019arr\u00eat en Europe<\/a>&nbsp;&nbsp;Le Point<\/li>\n<\/ol>\n","protected":false},"excerpt":{"rendered":"Il va falloir anticiper : les virements bancaires vont \u00eatre suspendus quatre jours \u00e0 No\u00ebl, on vous explique&hellip;\n","protected":false},"author":2,"featured_media":395849,"comment_status":"","ping_status":"","sticky":false,"template":"","format":"standard","meta":{"footnotes":""},"categories":[6],"tags":[35,33,34,1011,27],"class_list":{"0":"post-569605","1":"post","2":"type-post","3":"status-publish","4":"format-standard","5":"has-post-thumbnail","7":"category-economie","8":"tag-business","9":"tag-economie","10":"tag-economy","11":"tag-fr","12":"tag-france"},"share_on_mastodon":{"url":"https:\/\/pubeurope.com\/@fr\/115640579257872491","error":""},"_links":{"self":[{"href":"https:\/\/www.europesays.com\/fr\/wp-json\/wp\/v2\/posts\/569605","targetHints":{"allow":["GET"]}}],"collection":[{"href":"https:\/\/www.europesays.com\/fr\/wp-json\/wp\/v2\/posts"}],"about":[{"href":"https:\/\/www.europesays.com\/fr\/wp-json\/wp\/v2\/types\/post"}],"author":[{"embeddable":true,"href":"https:\/\/www.europesays.com\/fr\/wp-json\/wp\/v2\/users\/2"}],"replies":[{"embeddable":true,"href":"https:\/\/www.europesays.com\/fr\/wp-json\/wp\/v2\/comments?post=569605"}],"version-history":[{"count":0,"href":"https:\/\/www.europesays.com\/fr\/wp-json\/wp\/v2\/posts\/569605\/revisions"}],"wp:featuredmedia":[{"embeddable":true,"href":"https:\/\/www.europesays.com\/fr\/wp-json\/wp\/v2\/media\/395849"}],"wp:attachment":[{"href":"https:\/\/www.europesays.com\/fr\/wp-json\/wp\/v2\/media?parent=569605"}],"wp:term":[{"taxonomy":"category","embeddable":true,"href":"https:\/\/www.europesays.com\/fr\/wp-json\/wp\/v2\/categories?post=569605"},{"taxonomy":"post_tag","embeddable":true,"href":"https:\/\/www.europesays.com\/fr\/wp-json\/wp\/v2\/tags?post=569605"}],"curies":[{"name":"wp","href":"https:\/\/api.w.org\/{rel}","templated":true}]}}